{"id":3358,"date":"2025-07-08T16:36:41","date_gmt":"2025-07-08T14:36:41","guid":{"rendered":"https:\/\/agora.xtec.cat\/ceip-drseres-alpicat\/?p=3358"},"modified":"2025-09-03T09:47:41","modified_gmt":"2025-09-03T07:47:41","slug":"informacio-per-a-families-novingudes-del-centre","status":"publish","type":"post","link":"https:\/\/agora.xtec.cat\/ceip-drseres-alpicat\/general\/informacio-per-a-families-novingudes-del-centre\/","title":{"rendered":"Informaci\u00f3 per a fam\u00edlies novingudes del centre"},"content":{"rendered":"<p><span style=\"font-size: large;\">Benvolgudes fam\u00edlies nouvingudes de l&#8217;escola Doctor Ser\u00e9s,\u00a0<\/span><\/p>\n<div><span style=\"font-size: large;\">\u00a0<\/span><\/div>\n<div><span style=\"font-size: large;\">En aquest article podreu trobar tota la informaci\u00f3 que vam tractar a la reuni\u00f3 del 30 de juny de 2025, tant si ens vau poder acompanyar com si no vau poder venir.<\/span><\/div>\n<div><span style=\"font-size: large;\">\u00a0<\/span><\/div>\n<div><span style=\"font-size: large;\">Tot seguit, podreu trobar la informaci\u00f3 seg\u00fcent:\u00a0<\/span><\/div>\n<div><\/div>\n<div>\n<ul>\n<li><a href=\"https:\/\/drive.google.com\/file\/d\/1jiWUFr4AW3Q62oHmrXEKMI1b7o3OnxVL\/view?usp=sharing\">Documents de matr\u00edcula al centre<\/a><\/li>\n<li><a href=\"https:\/\/drive.google.com\/file\/d\/1G8DIvNJ6jLXZRxX9KuYR-uWryWZf7Jaq\/view?usp=sharing\">Carta de comprom\u00eds educatiu<\/a><\/li>\n<li><a href=\"https:\/\/drive.google.com\/file\/d\/12BvKOpXNNWaOpWIoMBA1rUnZOpIy8n0h\/view?usp=sharing\">Informaci\u00f3 sobre el domini digital de l&#8217;escola<\/a><\/li>\n<li><a href=\"https:\/\/drive.google.com\/file\/d\/1jrO-c7XJ_5Ii0tOkgaBwPDtG2m49KhV8\/view?usp=sharing\">Autoritzaci\u00f3 relativa als drets d&#8217;imatge<\/a><\/li>\n<li>Informaci\u00f3 de l&#8217;AFA: diversos documents explicatius sobre la <a href=\"https:\/\/drive.google.com\/file\/d\/14ptymFFm03bL4UEFvRuhDpdo6ge-U05A\/view?usp=sharing\">socialitzaci\u00f3 dels llibres<\/a>, el material, la <a href=\"https:\/\/drive.google.com\/file\/d\/1miMsNMunlY97E4lh6B7RlvciVL_C9425\/view?usp=sharing\">butlleta d&#8217;adhesi\u00f3 a l&#8217;AFA<\/a>, <a href=\"https:\/\/drive.google.com\/file\/d\/191OwEQ5Jz9Y4cFC0A3M_SxNwc2QjBBMn\/view?usp=sharing\">el formulari de domiciliaci\u00f3 dels rebuts<\/a>, <a href=\"https:\/\/drive.google.com\/file\/d\/11Yu8Dnn56c4yD9uSkuYlvJAIfSiJgcAX\/view?usp=sharing\">informaci\u00f3 sobre el xandall<\/a> i <a href=\"https:\/\/drive.google.com\/file\/d\/14wETKS3Z9S0-1PrJPRbyqnJJKlHwtXWU\/view?usp=sharing\">l&#8217;aplicaci\u00f3 de l&#8217;AFA.\u00a0<\/a><\/li>\n<li><a href=\"https:\/\/drive.google.com\/file\/d\/1i0-C4PuL-gysY9ZbEow_IX1-fttACWD6\/view?usp=sharing\">Informaci\u00f3 del menjador: document explicatiu\u00a0del funcionament del menjador escolar i les dades de contacte<\/a>.<\/li>\n<li><a href=\"https:\/\/drive.google.com\/file\/d\/1tptDbuGM7SA6rIrWDwjYyVzeybpmVj_R\/view?usp=sharing\">Resum de la nota informativa: presentaci\u00f3 on trobareu la informaci\u00f3 m\u00e9s rellevant pel que fa a l&#8217;inici de curs.<\/a><\/li>\n<li><a href=\"https:\/\/drive.google.com\/file\/d\/1c3Xpk_qpUHmVHdNX9WV4axV9yHNsb0ZI\/view?usp=sharing\">Nota informativa: explicaci\u00f3 m\u00e9s detallada d&#8217;horaris, material, esmorzar i altres consideracions finals.\u00a0<\/a><\/li>\n<li><a href=\"https:\/\/drive.google.com\/file\/d\/1AVH2ZJjNKTq7ujd8DWz9YdYedr2Xgia7\/view?usp=sharing\">L&#8217;adaptaci\u00f3 a l&#8217;escola: document amb algunes consideracions per l&#8217;inici de l&#8217;etapa escolar.\u00a0<\/a><\/li>\n<li><a href=\"https:\/\/drive.google.com\/file\/d\/1kQUx0Y4ZLG9w7_alFtYIA37vFsxJuAnJ\/view?usp=sharing\">Presentaci\u00f3 educaci\u00f3 infantil: una nova etapa<\/a><\/li>\n<\/ul>\n<\/div>\n<div><\/div>\n<div><span style=\"font-size: large;\">A finals d&#8217;agost us fem arribar un formulari de google on us preguntem alguns aspectes que s\u00f3n importants per con\u00e8ixer millors els vostres fills i filles. Per a les fam\u00edlies nouvingudes d&#8217;I3 tamb\u00e9 us enviarem les tutories inicials que es duran a terme els dies 4 i 5 de setembre.<\/span><\/div>\n<div><\/div>\n<div><span style=\"font-size: large;\">\u00a0<\/span><\/div>\n<div><span style=\"font-size: large;\">Estem a la vostra disposici\u00f3 per qualsevol dubte que pugui sorgir. Moltes gr\u00e0cies!<\/span><\/div>\n<div><span style=\"font-size: large;\">\u00a0<\/span><\/div>\n<div><span style=\"font-size: large;\">La Direcci\u00f3 de l&#8217;escola Doctor Ser\u00e9s<\/span><\/div>\n<div><span style=\"font-size: large;\">\u00a0<\/span><\/div>\n<div>\n<div><span style=\"font-size: large;\">&#8212;<\/span><\/div>\n<\/div>\n","protected":false},"excerpt":{"rendered":"<p>Benvolgudes fam\u00edlies nouvingudes de l&#8217;escola Doctor Ser\u00e9s,\u00a0<br \/>\n\u00a0<br \/>\nEn aquest article podreu trobar tota la informaci\u00f3 que vam tractar a la reuni\u00f3 del 30 de juny de 2025, tant si ens vau poder acompanyar com si no vau poder venir.<br \/>\n\u00a0<br \/>\nTot seguit, podreu trobar la informaci\u00f3 seg\u00fcent:\u00a0<\/p>\n<ul>\n<li><a href=\"https:\/\/drive.google.com\/file\/d\/1jiWUFr4AW3Q62oHmrXEKMI1b7o3OnxVL\/view?usp=sharing\">Documents&hellip;  <a href=\"https:\/\/agora.xtec.cat\/ceip-drseres-alpicat\/general\/informacio-per-a-families-novingudes-del-centre\/\" title=\"Read Informaci\u00f3 per a fam\u00edlies novingudes del centre\">Llegeix m\u00e9s\u00bb<\/a><br \/>\n","protected":false},"author":1,"featured_media":0,"comment_status":"open","ping_status":"closed","sticky":false,"template":"","format":"standard","meta":{"_bbp_topic_count":0,"_bbp_reply_count":0,"_bbp_total_topic_count":0,"_bbp_total_reply_count":0,"_bbp_voice_count":0,"_bbp_anonymous_reply_count":0,"_bbp_topic_count_hidden":0,"_bbp_reply_count_hidden":0,"_bbp_forum_subforum_count":0,"footnotes":""},"categories":[1,2,4,5],"tags":[],"class_list":["post-3358","post","type-post","status-publish","format-standard","hentry","category-general","category-infantil","category-portada","category-primaria"],"post_mailing_queue_ids":[],"_links":{"self":[{"href":"https:\/\/agora.xtec.cat\/ceip-drseres-alpicat\/wp-json\/wp\/v2\/posts\/3358","targetHints":{"allow":["GET"]}}],"collection":[{"href":"https:\/\/agora.xtec.cat\/ceip-drseres-alpicat\/wp-json\/wp\/v2\/posts"}],"about":[{"href":"https:\/\/agora.xtec.cat\/ceip-drseres-alpicat\/wp-json\/wp\/v2\/types\/post"}],"author":[{"embeddable":true,"href":"https:\/\/agora.xtec.cat\/ceip-drseres-alpicat\/wp-json\/wp\/v2\/users\/1"}],"replies":[{"embeddable":true,"href":"https:\/\/agora.xtec.cat\/ceip-drseres-alpicat\/wp-json\/wp\/v2\/comments?post=3358"}],"version-history":[{"count":4,"href":"https:\/\/agora.xtec.cat\/ceip-drseres-alpicat\/wp-json\/wp\/v2\/posts\/3358\/revisions"}],"predecessor-version":[{"id":4020,"href":"https:\/\/agora.xtec.cat\/ceip-drseres-alpicat\/wp-json\/wp\/v2\/posts\/3358\/revisions\/4020"}],"wp:attachment":[{"href":"https:\/\/agora.xtec.cat\/ceip-drseres-alpicat\/wp-json\/wp\/v2\/media?parent=3358"}],"wp:term":[{"taxonomy":"category","embeddable":true,"href":"https:\/\/agora.xtec.cat\/ceip-drseres-alpicat\/wp-json\/wp\/v2\/categories?post=3358"},{"taxonomy":"post_tag","embeddable":true,"href":"https:\/\/agora.xtec.cat\/ceip-drseres-alpicat\/wp-json\/wp\/v2\/tags?post=3358"}],"curies":[{"name":"wp","href":"https:\/\/api.w.org\/{rel}","templated":true}]}}