{"id":3354,"date":"2024-06-20T12:55:20","date_gmt":"2024-06-20T10:55:20","guid":{"rendered":"https:\/\/agora.xtec.cat\/ceip-drseres-alpicat\/?p=3354"},"modified":"2024-06-20T12:55:20","modified_gmt":"2024-06-20T10:55:20","slug":"festival-final-de-curs-els-quatre-elements","status":"publish","type":"post","link":"https:\/\/agora.xtec.cat\/ceip-drseres-alpicat\/general\/festival-final-de-curs-els-quatre-elements\/","title":{"rendered":"FESTIVAL FINAL DE CURS: ELS QUATRE ELEMENTS"},"content":{"rendered":"<p>&nbsp;<\/p>\n<p style=\"font-family: 'Helvetica Neue', Helvetica, Helvetica, Arial, sans-serif; font-size: 16px;\"><img loading=\"lazy\" decoding=\"async\" class=\"size-large wp-image-3355 aligncenter\" style=\"border: none; color: #2795b6;\" src=\"https:\/\/agora.xtec.cat\/ceip-drseres-alpicat\/wp-content\/uploads\/usu1665\/2024\/06\/115a11f4-6213-419a-8653-77bec3400a47-1024x768.jpg\" alt=\"\" width=\"1024\" height=\"768\" srcset=\"https:\/\/agora.xtec.cat\/ceip-drseres-alpicat\/wp-content\/uploads\/usu1665\/2024\/06\/115a11f4-6213-419a-8653-77bec3400a47-1024x768.jpg 1024w, https:\/\/agora.xtec.cat\/ceip-drseres-alpicat\/wp-content\/uploads\/usu1665\/2024\/06\/115a11f4-6213-419a-8653-77bec3400a47-300x225.jpg 300w, https:\/\/agora.xtec.cat\/ceip-drseres-alpicat\/wp-content\/uploads\/usu1665\/2024\/06\/115a11f4-6213-419a-8653-77bec3400a47-768x576.jpg 768w, https:\/\/agora.xtec.cat\/ceip-drseres-alpicat\/wp-content\/uploads\/usu1665\/2024\/06\/115a11f4-6213-419a-8653-77bec3400a47-1536x1152.jpg 1536w, https:\/\/agora.xtec.cat\/ceip-drseres-alpicat\/wp-content\/uploads\/usu1665\/2024\/06\/115a11f4-6213-419a-8653-77bec3400a47-200x150.jpg 200w, https:\/\/agora.xtec.cat\/ceip-drseres-alpicat\/wp-content\/uploads\/usu1665\/2024\/06\/115a11f4-6213-419a-8653-77bec3400a47.jpg 1600w\" sizes=\"auto, (max-width: 1024px) 100vw, 1024px\" \/><\/p>\n<p>Avui hem pogut gaudir d&#8217;un espectacle especial relacionat amb els quatre elements (terra, aigua, aire i foc) que s\u00f3n fonamentals per a la vida al nostre planeta i el seu cuidat. La terra ens proveeix de recursos naturals com aliments i materials per a la construcci\u00f3, per la qual cosa \u00e9s important cuidar-la evitant la desforestaci\u00f3 i la contaminaci\u00f3 del s\u00f2l. L&#8217;aigua \u00e9s essencial per a la vida i hem de conservar-la evitant-ne la contaminaci\u00f3 i el malbaratament. L&#8217;aire pur \u00e9s vital per a la salut dels \u00e9ssers vius, per la qual cosa hem de reduir l&#8217;emissi\u00f3 de gasos contaminants. Finalment, el foc simbolitza l&#8217;energia i la transformaci\u00f3, per la qual cosa hem d&#8217;utilitzar de manera responsable els recursos energ\u00e8tics i evitar incendis forestals. Cuidar aquests elements \u00e9s essencial per preservar la salut del nostre planeta.<\/p>\n<p>Moltes gr\u00e0cies per la participaci\u00f3 de tots els mestres, alumnes, fam\u00edlies i la nostra fot\u00f2grafa Encarna, ha estat un dia espectacular!!<\/p>\n<p>&nbsp;<\/p>\n<p>&nbsp;<\/p>\n<p>&nbsp;<\/p>\n<p>&nbsp;<\/p>\n<p style=\"font-family: 'Helvetica Neue', Helvetica, Helvetica, Arial, sans-serif; font-size: 16px;\">\n<p>&nbsp;<\/p>\n<p>&nbsp;<\/p>\n<p>&nbsp;<\/p>\n<p>&nbsp;<\/p>\n<p>&nbsp;<\/p>\n<p><a href=\"https:\/\/agora.xtec.cat\/ceip-drseres-alpicat\/wp-content\/uploads\/usu1665\/2024\/06\/115a11f4-6213-419a-8653-77bec3400a47.jpg\">\u00a0<\/a><\/p>\n<p>&nbsp;<\/p>\n<p>&nbsp;<\/p>\n<p>&nbsp;<\/p>\n<p>&nbsp;<\/p>\n<p>&nbsp;<\/p>\n<p>&nbsp;<\/p>\n<p>&nbsp;<\/p>\n<p>&nbsp;<\/p>\n<p>&nbsp;<\/p>\n","protected":false},"excerpt":{"rendered":"<p>&nbsp;<\/p>\n<p>Avui hem pogut gaudir d&#8217;un espectacle especial relacionat amb els quatre elements (terra, aigua, aire i foc) que s\u00f3n fonamentals per a la vida al nostre planeta i el seu cuidat. La terra ens proveeix de recursos naturals com aliments i materials per a la&hellip;  <a href=\"https:\/\/agora.xtec.cat\/ceip-drseres-alpicat\/general\/festival-final-de-curs-els-quatre-elements\/\" title=\"Read FESTIVAL FINAL DE CURS: ELS QUATRE ELEMENTS\">Llegeix m\u00e9s\u00bb<\/a><\/p>\n","protected":false},"author":1,"featured_media":3355,"comment_status":"open","ping_status":"closed","sticky":false,"template":"","format":"standard","meta":{"_bbp_topic_count":0,"_bbp_reply_count":0,"_bbp_total_topic_count":0,"_bbp_total_reply_count":0,"_bbp_voice_count":0,"_bbp_anonymous_reply_count":0,"_bbp_topic_count_hidden":0,"_bbp_reply_count_hidden":0,"_bbp_forum_subforum_count":0,"footnotes":""},"categories":[1,4],"tags":[],"class_list":["post-3354","post","type-post","status-publish","format-standard","has-post-thumbnail","hentry","category-general","category-portada"],"post_mailing_queue_ids":[],"_links":{"self":[{"href":"https:\/\/agora.xtec.cat\/ceip-drseres-alpicat\/wp-json\/wp\/v2\/posts\/3354","targetHints":{"allow":["GET"]}}],"collection":[{"href":"https:\/\/agora.xtec.cat\/ceip-drseres-alpicat\/wp-json\/wp\/v2\/posts"}],"about":[{"href":"https:\/\/agora.xtec.cat\/ceip-drseres-alpicat\/wp-json\/wp\/v2\/types\/post"}],"author":[{"embeddable":true,"href":"https:\/\/agora.xtec.cat\/ceip-drseres-alpicat\/wp-json\/wp\/v2\/users\/1"}],"replies":[{"embeddable":true,"href":"https:\/\/agora.xtec.cat\/ceip-drseres-alpicat\/wp-json\/wp\/v2\/comments?post=3354"}],"version-history":[{"count":2,"href":"https:\/\/agora.xtec.cat\/ceip-drseres-alpicat\/wp-json\/wp\/v2\/posts\/3354\/revisions"}],"predecessor-version":[{"id":3357,"href":"https:\/\/agora.xtec.cat\/ceip-drseres-alpicat\/wp-json\/wp\/v2\/posts\/3354\/revisions\/3357"}],"wp:featuredmedia":[{"embeddable":true,"href":"https:\/\/agora.xtec.cat\/ceip-drseres-alpicat\/wp-json\/wp\/v2\/media\/3355"}],"wp:attachment":[{"href":"https:\/\/agora.xtec.cat\/ceip-drseres-alpicat\/wp-json\/wp\/v2\/media?parent=3354"}],"wp:term":[{"taxonomy":"category","embeddable":true,"href":"https:\/\/agora.xtec.cat\/ceip-drseres-alpicat\/wp-json\/wp\/v2\/categories?post=3354"},{"taxonomy":"post_tag","embeddable":true,"href":"https:\/\/agora.xtec.cat\/ceip-drseres-alpicat\/wp-json\/wp\/v2\/tags?post=3354"}],"curies":[{"name":"wp","href":"https:\/\/api.w.org\/{rel}","templated":true}]}}