{"id":3342,"date":"2024-06-12T10:39:41","date_gmt":"2024-06-12T08:39:41","guid":{"rendered":"https:\/\/agora.xtec.cat\/ceip-drseres-alpicat\/?p=3342"},"modified":"2024-06-13T09:27:36","modified_gmt":"2024-06-13T07:27:36","slug":"cantania","status":"publish","type":"post","link":"https:\/\/agora.xtec.cat\/ceip-drseres-alpicat\/general\/cantania\/","title":{"rendered":"CANT\u00c0NIA"},"content":{"rendered":"<p><a href=\"https:\/\/agora.xtec.cat\/ceip-drseres-alpicat\/wp-content\/uploads\/usu1665\/2024\/06\/898495bd-4d70-40c4-a225-63eeaba9f269.jpg\"><img loading=\"lazy\" decoding=\"async\" class=\"alignnone size-large wp-image-3344\" src=\"https:\/\/agora.xtec.cat\/ceip-drseres-alpicat\/wp-content\/uploads\/usu1665\/2024\/06\/898495bd-4d70-40c4-a225-63eeaba9f269-1024x768.jpg\" alt=\"\" width=\"1024\" height=\"768\" srcset=\"https:\/\/agora.xtec.cat\/ceip-drseres-alpicat\/wp-content\/uploads\/usu1665\/2024\/06\/898495bd-4d70-40c4-a225-63eeaba9f269-1024x768.jpg 1024w, https:\/\/agora.xtec.cat\/ceip-drseres-alpicat\/wp-content\/uploads\/usu1665\/2024\/06\/898495bd-4d70-40c4-a225-63eeaba9f269-300x225.jpg 300w, https:\/\/agora.xtec.cat\/ceip-drseres-alpicat\/wp-content\/uploads\/usu1665\/2024\/06\/898495bd-4d70-40c4-a225-63eeaba9f269-768x576.jpg 768w, https:\/\/agora.xtec.cat\/ceip-drseres-alpicat\/wp-content\/uploads\/usu1665\/2024\/06\/898495bd-4d70-40c4-a225-63eeaba9f269-1536x1152.jpg 1536w, https:\/\/agora.xtec.cat\/ceip-drseres-alpicat\/wp-content\/uploads\/usu1665\/2024\/06\/898495bd-4d70-40c4-a225-63eeaba9f269-200x150.jpg 200w, https:\/\/agora.xtec.cat\/ceip-drseres-alpicat\/wp-content\/uploads\/usu1665\/2024\/06\/898495bd-4d70-40c4-a225-63eeaba9f269.jpg 2000w\" sizes=\"auto, (max-width: 1024px) 100vw, 1024px\" \/><\/a><\/p>\n<pre id=\"tw-target-text\" class=\"tw-data-text tw-text-large tw-ta\" dir=\"ltr\" data-placeholder=\"Traducci\u00f3n\" aria-label=\"Texto traducido\" data-ved=\"2ahUKEwjd07-V0dWGAxWsSaQEHdTKAe8Q3ewLegQIFhAU\"><span class=\"Y2IQFc\" lang=\"ca\">El passat divendres 7 de juny els nostres alumnes de cinqu\u00e8 i sis\u00e8 van protagonitzar un espectacle amb el que vam gaudir tots d'una nit m\u00e0gica a l'Auditori de Barcelona.\r\nLa Cant\u00e0nia d'aquest any, que porta per t\u00edtol \"EL NAUFRAGI\", explica la hist\u00f2ria d'un grup d'alumnes el creuer de final de curs del qual naufraga en una illa deserta. Biel i Martina, els protagonistes, representen visions oposades sobre la sostenibilitat. A l'illa s'enfronten a la necessitat de sobreviure i dirimir conflictes sobre l'\u00fas dels recursos naturals. La hist\u00f2ria destaca la import\u00e0ncia de l'ecologia i el respecte pel planeta com a \u00fanica manera d'abordar els desafiaments, independentment de les difer\u00e8ncies de pensament entre ells.<\/span><\/pre>\n","protected":false},"excerpt":{"rendered":"<p><a href=\"https:\/\/agora.xtec.cat\/ceip-drseres-alpicat\/wp-content\/uploads\/usu1665\/2024\/06\/898495bd-4d70-40c4-a225-63eeaba9f269.jpg\"><\/a><br \/>\nEl passat divendres 7 de juny els nostres alumnes de cinqu\u00e8 i sis\u00e8 van protagonitzar un espectacle amb el que vam gaudir tots d&#8217;una nit m\u00e0gica a l&#8217;Auditori de Barcelona.<br \/>\nLa Cant\u00e0nia d&#8217;aquest any, que porta per t\u00edtol &#8220;EL NAUFRAGI&#8221;, explica la hist\u00f2ria d&#8217;un grup&hellip;  <a href=\"https:\/\/agora.xtec.cat\/ceip-drseres-alpicat\/general\/cantania\/\" title=\"Read CANT\u00c0NIA\">Llegeix m\u00e9s\u00bb<\/a><\/p>\n","protected":false},"author":1,"featured_media":3344,"comment_status":"open","ping_status":"closed","sticky":false,"template":"","format":"standard","meta":{"_bbp_topic_count":0,"_bbp_reply_count":0,"_bbp_total_topic_count":0,"_bbp_total_reply_count":0,"_bbp_voice_count":0,"_bbp_anonymous_reply_count":0,"_bbp_topic_count_hidden":0,"_bbp_reply_count_hidden":0,"_bbp_forum_subforum_count":0,"footnotes":""},"categories":[1,4,5],"tags":[],"class_list":["post-3342","post","type-post","status-publish","format-standard","has-post-thumbnail","hentry","category-general","category-portada","category-primaria"],"post_mailing_queue_ids":[],"_links":{"self":[{"href":"https:\/\/agora.xtec.cat\/ceip-drseres-alpicat\/wp-json\/wp\/v2\/posts\/3342","targetHints":{"allow":["GET"]}}],"collection":[{"href":"https:\/\/agora.xtec.cat\/ceip-drseres-alpicat\/wp-json\/wp\/v2\/posts"}],"about":[{"href":"https:\/\/agora.xtec.cat\/ceip-drseres-alpicat\/wp-json\/wp\/v2\/types\/post"}],"author":[{"embeddable":true,"href":"https:\/\/agora.xtec.cat\/ceip-drseres-alpicat\/wp-json\/wp\/v2\/users\/1"}],"replies":[{"embeddable":true,"href":"https:\/\/agora.xtec.cat\/ceip-drseres-alpicat\/wp-json\/wp\/v2\/comments?post=3342"}],"version-history":[{"count":5,"href":"https:\/\/agora.xtec.cat\/ceip-drseres-alpicat\/wp-json\/wp\/v2\/posts\/3342\/revisions"}],"predecessor-version":[{"id":3348,"href":"https:\/\/agora.xtec.cat\/ceip-drseres-alpicat\/wp-json\/wp\/v2\/posts\/3342\/revisions\/3348"}],"wp:featuredmedia":[{"embeddable":true,"href":"https:\/\/agora.xtec.cat\/ceip-drseres-alpicat\/wp-json\/wp\/v2\/media\/3344"}],"wp:attachment":[{"href":"https:\/\/agora.xtec.cat\/ceip-drseres-alpicat\/wp-json\/wp\/v2\/media?parent=3342"}],"wp:term":[{"taxonomy":"category","embeddable":true,"href":"https:\/\/agora.xtec.cat\/ceip-drseres-alpicat\/wp-json\/wp\/v2\/categories?post=3342"},{"taxonomy":"post_tag","embeddable":true,"href":"https:\/\/agora.xtec.cat\/ceip-drseres-alpicat\/wp-json\/wp\/v2\/tags?post=3342"}],"curies":[{"name":"wp","href":"https:\/\/api.w.org\/{rel}","templated":true}]}}