{"id":3323,"date":"2024-05-16T12:05:07","date_gmt":"2024-05-16T10:05:07","guid":{"rendered":"https:\/\/agora.xtec.cat\/ceip-drseres-alpicat\/?p=3323"},"modified":"2024-05-16T12:05:07","modified_gmt":"2024-05-16T10:05:07","slug":"mes-llibres-per-la-nostra-biblioteca","status":"publish","type":"post","link":"https:\/\/agora.xtec.cat\/ceip-drseres-alpicat\/general\/mes-llibres-per-la-nostra-biblioteca\/","title":{"rendered":"M\u00e9s llibres per la nostra biblioteca"},"content":{"rendered":"<p><a href=\"https:\/\/agora.xtec.cat\/ceip-drseres-alpicat\/wp-content\/uploads\/usu1665\/2024\/05\/858802bc-7d39-4ad6-953c-84e0ffddbd8b.jpg\"><img loading=\"lazy\" decoding=\"async\" class=\"alignnone size-large wp-image-3324\" src=\"https:\/\/agora.xtec.cat\/ceip-drseres-alpicat\/wp-content\/uploads\/usu1665\/2024\/05\/858802bc-7d39-4ad6-953c-84e0ffddbd8b-1024x807.jpg\" alt=\"\" width=\"1024\" height=\"807\" srcset=\"https:\/\/agora.xtec.cat\/ceip-drseres-alpicat\/wp-content\/uploads\/usu1665\/2024\/05\/858802bc-7d39-4ad6-953c-84e0ffddbd8b-1024x807.jpg 1024w, https:\/\/agora.xtec.cat\/ceip-drseres-alpicat\/wp-content\/uploads\/usu1665\/2024\/05\/858802bc-7d39-4ad6-953c-84e0ffddbd8b-300x236.jpg 300w, https:\/\/agora.xtec.cat\/ceip-drseres-alpicat\/wp-content\/uploads\/usu1665\/2024\/05\/858802bc-7d39-4ad6-953c-84e0ffddbd8b-768x605.jpg 768w, https:\/\/agora.xtec.cat\/ceip-drseres-alpicat\/wp-content\/uploads\/usu1665\/2024\/05\/858802bc-7d39-4ad6-953c-84e0ffddbd8b.jpg 1335w\" sizes=\"auto, (max-width: 1024px) 100vw, 1024px\" \/><\/a><\/p>\n<p>Un any m\u00e9s, l&#8217;Ajuntament d&#8217;Alpicat ha fet una aportaci\u00f3 de llibres a la biblioteca de la nostra escola.<\/p>\n<p>En Joan Gilart (alcalde) i l&#8217;Isidre Fern\u00e1ndez (regidor d&#8217;educaci\u00f3) van fer arribar els llibres a l&#8217;Olga Niub\u00f3 (directora de l&#8217;escola) i la Raquel Rodr\u00edguez (coordinadora de la nostra biblioteca).<\/p>\n<p>&nbsp;<\/p>\n","protected":false},"excerpt":{"rendered":"<p><a href=\"https:\/\/agora.xtec.cat\/ceip-drseres-alpicat\/wp-content\/uploads\/usu1665\/2024\/05\/858802bc-7d39-4ad6-953c-84e0ffddbd8b.jpg\"><\/a><br \/>\nUn any m\u00e9s, l&#8217;Ajuntament d&#8217;Alpicat ha fet una aportaci\u00f3 de llibres a la biblioteca de la nostra escola.<br \/>\nEn Joan Gilart (alcalde) i l&#8217;Isidre Fern\u00e1ndez (regidor d&#8217;educaci\u00f3) van fer arribar els llibres a l&#8217;Olga Niub\u00f3 (directora de l&#8217;escola) i la Raquel Rodr\u00edguez (coordinadora de la&hellip;  <a href=\"https:\/\/agora.xtec.cat\/ceip-drseres-alpicat\/general\/mes-llibres-per-la-nostra-biblioteca\/\" title=\"Read M\u00e9s llibres per la nostra biblioteca\">Llegeix m\u00e9s\u00bb<\/a><\/p>\n","protected":false},"author":1,"featured_media":3324,"comment_status":"open","ping_status":"closed","sticky":false,"template":"","format":"standard","meta":{"_bbp_topic_count":0,"_bbp_reply_count":0,"_bbp_total_topic_count":0,"_bbp_total_reply_count":0,"_bbp_voice_count":0,"_bbp_anonymous_reply_count":0,"_bbp_topic_count_hidden":0,"_bbp_reply_count_hidden":0,"_bbp_forum_subforum_count":0,"footnotes":""},"categories":[1,4],"tags":[],"class_list":["post-3323","post","type-post","status-publish","format-standard","has-post-thumbnail","hentry","category-general","category-portada"],"post_mailing_queue_ids":[],"_links":{"self":[{"href":"https:\/\/agora.xtec.cat\/ceip-drseres-alpicat\/wp-json\/wp\/v2\/posts\/3323","targetHints":{"allow":["GET"]}}],"collection":[{"href":"https:\/\/agora.xtec.cat\/ceip-drseres-alpicat\/wp-json\/wp\/v2\/posts"}],"about":[{"href":"https:\/\/agora.xtec.cat\/ceip-drseres-alpicat\/wp-json\/wp\/v2\/types\/post"}],"author":[{"embeddable":true,"href":"https:\/\/agora.xtec.cat\/ceip-drseres-alpicat\/wp-json\/wp\/v2\/users\/1"}],"replies":[{"embeddable":true,"href":"https:\/\/agora.xtec.cat\/ceip-drseres-alpicat\/wp-json\/wp\/v2\/comments?post=3323"}],"version-history":[{"count":2,"href":"https:\/\/agora.xtec.cat\/ceip-drseres-alpicat\/wp-json\/wp\/v2\/posts\/3323\/revisions"}],"predecessor-version":[{"id":3326,"href":"https:\/\/agora.xtec.cat\/ceip-drseres-alpicat\/wp-json\/wp\/v2\/posts\/3323\/revisions\/3326"}],"wp:featuredmedia":[{"embeddable":true,"href":"https:\/\/agora.xtec.cat\/ceip-drseres-alpicat\/wp-json\/wp\/v2\/media\/3324"}],"wp:attachment":[{"href":"https:\/\/agora.xtec.cat\/ceip-drseres-alpicat\/wp-json\/wp\/v2\/media?parent=3323"}],"wp:term":[{"taxonomy":"category","embeddable":true,"href":"https:\/\/agora.xtec.cat\/ceip-drseres-alpicat\/wp-json\/wp\/v2\/categories?post=3323"},{"taxonomy":"post_tag","embeddable":true,"href":"https:\/\/agora.xtec.cat\/ceip-drseres-alpicat\/wp-json\/wp\/v2\/tags?post=3323"}],"curies":[{"name":"wp","href":"https:\/\/api.w.org\/{rel}","templated":true}]}}