{"id":3258,"date":"2024-03-05T16:36:39","date_gmt":"2024-03-05T15:36:39","guid":{"rendered":"https:\/\/agora.xtec.cat\/ceip-drseres-alpicat\/?p=3258"},"modified":"2024-07-26T13:39:04","modified_gmt":"2024-07-26T11:39:04","slug":"preinscripcio-per-al-curs-2024-25-2","status":"publish","type":"post","link":"https:\/\/agora.xtec.cat\/ceip-drseres-alpicat\/general\/preinscripcio-per-al-curs-2024-25-2\/","title":{"rendered":"Preinscripci\u00f3 per al curs 2024\/25"},"content":{"rendered":"<div>\n<h1><span style=\"color: #ff6600;\"><strong>NOVETAT (10\/06\/24): <\/strong><\/span><\/h1>\n<h1><a href=\"https:\/\/agora.xtec.cat\/ceip-drseres-alpicat\/wp-content\/uploads\/usu1665\/2024\/03\/Alumnes-assignats-al-centre-amb-indicacio-de-la-primera-peticio.pdf\">. Alumnes assignats al centre amb indicacio\u0301 de la primera peticio\u0301<\/a><\/h1>\n<h1><a href=\"https:\/\/agora.xtec.cat\/ceip-drseres-alpicat\/wp-content\/uploads\/usu1665\/2024\/03\/Alumnes-preinscrits-al-centre.pdf\">. Alumnes preinscrits al centre<\/a><\/h1>\n<h1><a href=\"https:\/\/agora.xtec.cat\/ceip-drseres-alpicat\/wp-content\/uploads\/usu1665\/2024\/03\/Llista-despera.pdf\">. Llista d&#8217;espera<\/a><\/h1>\n<p>Si alguna fam\u00edlia vol presentar una reclamaci\u00f3, ho pot fer fins al dia 13 de juny, a trav\u00e9s de l\u2019enlla\u00e7:<\/p>\n<p><a href=\"https:\/\/preinscripcio.gencat.cat\/ca\/estudis\/infantil-3-6\/preinscriute\/consulta\/llista-admesos\/\" target=\"_blank\" rel=\"noopener\" data-saferedirecturl=\"https:\/\/www.google.com\/url?q=https:\/\/preinscripcio.gencat.cat\/ca\/estudis\/infantil-3-6\/preinscriute\/consulta\/llista-admesos\/&amp;source=gmail&amp;ust=1718098830909000&amp;usg=AOvVaw0yD5qzK3mHbSgk0lt4kTBL\">https:\/\/preinscripcio.gencat.<wbr \/>cat\/ca\/estudis\/infantil-3-6\/<wbr \/>preinscriute\/consulta\/llista-<wbr \/>admesos\/<\/a><\/p>\n<p>En el tr\u00e0mit concret tamb\u00e9 tenen la possibilitat d\u2019omplir un pdf i presentar-lo, b\u00e9 a l\u2019Oficina Municipal d\u2019Escolaritzaci\u00f3 si n\u2019hi ha al vostre municipi, b\u00e9 al vostre centre. En aquest darrer cas, cal que l\u2019envieu tan aviat com sigui possible a la presid\u00e8ncia de la Comissi\u00f3 de Garanties d\u2019Admissi\u00f3 del vostre territori.<\/p>\n<\/div>\n<div>\n<div>\n<div class=\"gmail_signature\" dir=\"ltr\" data-smartmail=\"gmail_signature\">\n<div dir=\"ltr\"><\/div>\n<\/div>\n<\/div>\n<\/div>\n<h1><span style=\"color: #ff6600;\"><strong><a href=\"https:\/\/agora.xtec.cat\/ceip-drseres-alpicat\/wp-content\/uploads\/usu1665\/2024\/03\/Llista-definitiva-preinscripcio-24-25.pdf\">Publicaci\u00f3 de l&#8217;oferta final<\/a><\/strong><\/span><\/h1>\n<h1><span style=\"color: #ff6600;\"><strong><a href=\"https:\/\/agora.xtec.cat\/ceip-drseres-alpicat\/wp-content\/uploads\/usu1665\/2024\/03\/Llista-sollicituds-ordenada.pdf\">Llista de sol\u00b7licituds ordenada<\/a><\/strong><\/span><\/h1>\n<h1><span style=\"color: #ff6600;\"><strong><a href=\"https:\/\/agora.xtec.cat\/ceip-drseres-alpicat\/wp-content\/uploads\/usu1665\/2024\/03\/Barem-despres-reclamacions.pdf\">Publicaci\u00f3 de la llista amb la puntuaci\u00f3 resolta de les reclamacions<\/a><\/strong><\/span><\/h1>\n<h1><\/h1>\n<p>&nbsp;<\/p>\n<h1><span style=\"color: #ff6600;\"><strong><a href=\"https:\/\/agora.xtec.cat\/ceip-drseres-alpicat\/wp-content\/uploads\/usu1665\/2024\/03\/Barem-provisional.pdf\">Barem provisional de preinscripci\u00f3<\/a><\/strong><\/span><\/h1>\n<p>&nbsp;<\/p>\n<h3><strong>Presentaci\u00f3 de la sol\u00b7licitud de preinscripci\u00f3 del 6 al 20 de mar\u00e7 de 2024:<\/strong><\/h3>\n<div>\n<div>\n<p>Totes les preinscripcions s\u00f3n en format telem\u00e0tic, per tant,\u00a0<strong>no hi ha la possibilitat de full de preinscripci\u00f3 en paper i no cal lliurar cap documentaci\u00f3 presencialment al centre educatiu que indiqueu en primera opci\u00f3<\/strong><u>.<\/u>\u00a0Hi ha dos tipus de sol\u00b7licitud: la sol\u00b7licitud electr\u00f2nica (cal identificaci\u00f3 digital) i la sol\u00b7licitud en suport inform\u00e0tic (sense identificaci\u00f3 digital).<\/p>\n<p>A la sol\u00b7licitud de preinscripci\u00f3 heu d\u2019adjuntar-hi la documentaci\u00f3 d\u2019identificaci\u00f3 o de criteris que correspongui.<\/p>\n<\/div>\n<div>\n<table>\n<tbody>\n<tr>\n<td>\n<h3><strong><a href=\"https:\/\/preinscripcio.gencat.cat\/ca\/estudis\/infantil-3-6\/preinscriute\/sollicitud\/\" target=\"_blank\" rel=\"noopener\" data-saferedirecturl=\"https:\/\/www.google.com\/url?q=https:\/\/preinscripcio.gencat.cat\/ca\/estudis\/infantil-3-6\/preinscriute\/sollicitud\/&amp;source=gmail&amp;ust=1709712992802000&amp;usg=AOvVaw0bRNz8PKe8Tg36cWxiVda6\">ACC\u00c9S A LA SOL\u00b7LICITUD DE PREINSCRIPCI\u00d3 EN L\u00cdNIA<\/a><\/strong><\/h3>\n<\/td>\n<\/tr>\n<\/tbody>\n<\/table>\n<p style=\"text-align: center;\"><span style=\"color: #0000ff;\"><strong><a style=\"color: #0000ff;\" href=\"https:\/\/agora.xtec.cat\/ceip-drseres-alpicat\/wp-content\/uploads\/usu1665\/2024\/03\/INFORME_OFERTA_OME_INFORME_OFERTA.pdf\">Publicaci\u00f3 de l&#8217;oferta inicial de places, 5 de mar\u00e7 de 2024<\/a><\/strong><\/span><\/p>\n<h4><strong>Informacions i\/o recomanacions:<\/strong><\/h4>\n<ul>\n<li>El\u00a0<strong>codi de l\u2019escola Doctor Ser\u00e9s<\/strong>\u00a0\u00e9s\u00a0<strong>25000468<\/strong>, us caldr\u00e0 per indicar a quin centre voleu preinscriure-us.<\/li>\n<li>Tots els infants que han estat matriculats en una llar d\u2019infants o en una escola bressol a Catalunya a partir del curs 2021-2022, o b\u00e9, tots els infants que han estat matriculats a Catalunya a partir del curs 2015-2016, tenen assignat un codi identificador del Registre d\u2019alumnes de Catalunya, el RALC. Heu de demanar-lo al vostre centre actual o de proced\u00e8ncia per poder lligar la sol\u00b7licitud al seu expedient acad\u00e8mic i personal. A la sol\u00b7licitud de preinscripci\u00f3 s\u2019ha de consignar aquest codi<strong>\u00a0en la casella \u00abIdentificador de l\u2019alumne\u00bb\u00a0<\/strong>de l\u2019apartat Dades personals de l\u2019alumne. En la majoria de casos no caldr\u00e0 fer res m\u00e9s ni adjuntar cap tipus de documentaci\u00f3, donat que s\u2019haur\u00e0 fet l\u2019intercanvi de validaci\u00f3 de les vostres dades amb totes les administracions implicades.<\/li>\n<li><strong>Nom\u00e9s s\u2019ha de presentar una sola sol\u00b7licitud<\/strong>\u00a0i indicar-hi per ordre de prefer\u00e8ncia els diferents centres als quals us interessa inscriure al vostre fill o filla.<\/li>\n<li>\u00c9s molt important cenyir-vos al calendari establert, <strong>lliurar la sol\u00b7licitud o la documentaci\u00f3 fora de termini us fa perdre tots el drets d\u2019adscripci\u00f3 amb la possibilitat de quedar-se sense pla\u00e7a al centre<\/strong>.<\/li>\n<\/ul>\n<h4><\/h4>\n<h4><strong>Consideracions a tenir en compte:<\/strong><\/h4>\n<ul>\n<li><strong><em>Centre adscrit:<\/em><\/strong>\u00a0La continu\u00eftat de projectes pedag\u00f2gics en centres entre el primer (0-3 anys) i el segon cicle d\u2019infantil (3-6 anys), no es considera adscripci\u00f3 i per tant, no comporta prioritat d\u2019acc\u00e9s.<\/li>\n<li><em><strong>Domicili familiar o del lloc de treball:\u00a0<\/strong><\/em>si es vol presentar una sol\u00b7licitud de preinscripci\u00f3 a la nostra escola nom\u00e9s s\u2019haur\u00e0 de marcar un d\u2019aquests tres sup\u00f2sits:\n<ul>\n<li>\n<div>Zona educativa:\u00a0quan el domicili habitual de la fam\u00edlia es troba dins la zona educativa del centre escolar que es demana en primer lloc (Alpicat).<\/div>\n<\/li>\n<li>\n<div>Adre\u00e7a del lloc de treball:\u00a0quan la ubicaci\u00f3 del lloc de feina del pare, la mare, el tutor o la tutora est\u00e0 dins la zona educativa del centre triat en primer lloc (Alpicat).<\/div>\n<\/li>\n<li>Cap de les anteriors:\u00a0si el domicili familiar o la ubicaci\u00f3 del lloc de feina del pare, mare, el tutor o la tutora es troba fora del municipi (Alpicat).<\/li>\n<\/ul>\n<\/li>\n<li><strong><em>Nova incorporaci\u00f3 al sistema educatiu:<\/em><\/strong>\u00a0nom\u00e9s afecta a alumnat provinent de fora de Catalunya o que hi porta menys de 2 anys.<\/li>\n<\/ul>\n<\/div>\n<\/div>\n<div>\n<div>\n<h3><\/h3>\n<h3><a title=\"Mira els v\u00eddeos que trobar\u00e0s a les P\u00edndoles multim\u00e8dia del Centre d'ajuda, t'ajudaran en aquest proc\u00e9s.\" href=\"https:\/\/preinscripcio.gencat.cat\/ca\/estudis\/infantil-3-6\/ajuda\/pindoles-multimedia\/\" target=\"_blank\" rel=\"noopener\" data-saferedirecturl=\"https:\/\/www.google.com\/url?q=https:\/\/preinscripcio.gencat.cat\/ca\/estudis\/infantil-3-6\/ajuda\/pindoles-multimedia\/&amp;source=gmail&amp;ust=1709712992802000&amp;usg=AOvVaw3ZwkE-vwEaoWqQIbEjgjGG\">Podeu mirar els v\u00eddeos que trobareu a les P\u00edndoles multim\u00e8dia del Centre d\u2019ajuda, us ajudaran en aquest proc\u00e9s.<\/a><\/h3>\n<\/div>\n<\/div>\n<div>\n<p>&nbsp;<\/p>\n<p>Per a qualsevol\u00a0<strong>dubte, informaci\u00f3 o aclariment, del 7 al 20 de mar\u00e7\u00a0<\/strong>podeu posar-vos en contacte amb nosaltres\u00a0<strong>trucant al 973 73 64 64 o al 690 01 62 23 de dilluns a divendres de 8.30 a 14h i de 15 a 16h,\u00a0<\/strong>i us ajudarem amb el proc\u00e9s.<\/p>\n<p>&nbsp;<\/p>\n<h4>Durant la preparaci\u00f3, presentaci\u00f3 i seguiment de la sol\u00b7licitud de preinscripci\u00f3:<\/h4>\n<p><strong>Del 6 al 20 de mar\u00e7 de 2024 (a partir de les 9 hores): presentaci\u00f3 de sol\u00b7licituds<\/strong><\/p>\n<p>\u00c9s molt important respectar les dates, perqu\u00e8 les sol\u00b7licituds que es presentin fora d\u2019aquest termini perdran totes les prioritats que haurien pogut tenir a l\u2019hora d\u2019obtenir la pla\u00e7a. Els <a href=\"https:\/\/preinscripcio.gencat.cat\/ca\/estudis\/infantil-3-6\/informat\/criteris-assignacio\/\">criteris d&#8217;assignaci\u00f3 de places<\/a> serveixen per donar una puntuaci\u00f3 a cada sol\u00b7licitud. D\u2019aquesta manera s\u2019estableix l\u2019ordre d\u2019acc\u00e9s a les places de cada centre. Cal presentar la sol\u00b7licitud i adjuntar-hi la documentaci\u00f3 d\u2019identificaci\u00f3 o de criteris que correspongui.<\/p>\n<p><strong>Fins al 22 de mar\u00e7 de 2024: presentaci\u00f3 de documentaci\u00f3<\/strong><\/p>\n<p>Aquests dies pots presentar documentaci\u00f3 acreditativa que no hagis pogut adjuntar durant el per\u00edode de presentaci\u00f3 de sol\u00b7licituds.<\/p>\n<\/div>\n<p><a href=\"https:\/\/agora.xtec.cat\/ceip-drseres-alpicat\/wp-content\/uploads\/usu1665\/2024\/03\/preinscripcio.jpg\"><img loading=\"lazy\" decoding=\"async\" class=\"alignnone size-large wp-image-3259\" src=\"https:\/\/agora.xtec.cat\/ceip-drseres-alpicat\/wp-content\/uploads\/usu1665\/2024\/03\/preinscripcio-1024x576.jpg\" alt=\"\" width=\"1024\" height=\"576\" srcset=\"https:\/\/agora.xtec.cat\/ceip-drseres-alpicat\/wp-content\/uploads\/usu1665\/2024\/03\/preinscripcio-1024x576.jpg 1024w, https:\/\/agora.xtec.cat\/ceip-drseres-alpicat\/wp-content\/uploads\/usu1665\/2024\/03\/preinscripcio-300x169.jpg 300w, https:\/\/agora.xtec.cat\/ceip-drseres-alpicat\/wp-content\/uploads\/usu1665\/2024\/03\/preinscripcio-768x432.jpg 768w, https:\/\/agora.xtec.cat\/ceip-drseres-alpicat\/wp-content\/uploads\/usu1665\/2024\/03\/preinscripcio.jpg 1200w\" sizes=\"auto, (max-width: 1024px) 100vw, 1024px\" \/><\/a><\/p>\n","protected":false},"excerpt":{"rendered":"<p>NOVETAT (10\/06\/24):<br \/>\n<a href=\"https:\/\/agora.xtec.cat\/ceip-drseres-alpicat\/wp-content\/uploads\/usu1665\/2024\/03\/Alumnes-assignats-al-centre-amb-indicacio-de-la-primera-peticio.pdf\">. Alumnes assignats al centre amb indicacio\u0301 de la primera peticio\u0301<\/a><br \/>\n<a href=\"https:\/\/agora.xtec.cat\/ceip-drseres-alpicat\/wp-content\/uploads\/usu1665\/2024\/03\/Alumnes-preinscrits-al-centre.pdf\">. Alumnes preinscrits al centre<\/a><br \/>\n<a href=\"https:\/\/agora.xtec.cat\/ceip-drseres-alpicat\/wp-content\/uploads\/usu1665\/2024\/03\/Llista-despera.pdf\">. Llista d&#8217;espera<\/a><br \/>\nSi alguna fam\u00edlia vol presentar una reclamaci\u00f3, ho pot fer fins al dia 13 de juny, a trav\u00e9s de l\u2019enlla\u00e7:<br \/>\n<a href=\"https:\/\/preinscripcio.gencat.cat\/ca\/estudis\/infantil-3-6\/preinscriute\/consulta\/llista-admesos\/\" target=\"_blank\" rel=\"noopener\" data-saferedirecturl=\"https:\/\/www.google.com\/url?q=https:\/\/preinscripcio.gencat.cat\/ca\/estudis\/infantil-3-6\/preinscriute\/consulta\/llista-admesos\/&amp;source=gmail&amp;ust=1718098830909000&amp;usg=AOvVaw0yD5qzK3mHbSgk0lt4kTBL\">https:\/\/preinscripcio.gencat.cat\/ca\/estudis\/infantil-3-6\/preinscriute\/consulta\/llista-admesos\/<\/a><br \/>\nEn&hellip;  <a href=\"https:\/\/agora.xtec.cat\/ceip-drseres-alpicat\/general\/preinscripcio-per-al-curs-2024-25-2\/\" title=\"Read Preinscripci\u00f3 per al curs 2024\/25\">Llegeix m\u00e9s\u00bb<\/a><\/p>\n","protected":false},"author":1,"featured_media":3259,"comment_status":"open","ping_status":"closed","sticky":false,"template":"","format":"standard","meta":{"_bbp_topic_count":0,"_bbp_reply_count":0,"_bbp_total_topic_count":0,"_bbp_total_reply_count":0,"_bbp_voice_count":0,"_bbp_anonymous_reply_count":0,"_bbp_topic_count_hidden":0,"_bbp_reply_count_hidden":0,"_bbp_forum_subforum_count":0,"footnotes":""},"categories":[1,4],"tags":[],"class_list":["post-3258","post","type-post","status-publish","format-standard","has-post-thumbnail","hentry","category-general","category-portada"],"post_mailing_queue_ids":[],"_links":{"self":[{"href":"https:\/\/agora.xtec.cat\/ceip-drseres-alpicat\/wp-json\/wp\/v2\/posts\/3258","targetHints":{"allow":["GET"]}}],"collection":[{"href":"https:\/\/agora.xtec.cat\/ceip-drseres-alpicat\/wp-json\/wp\/v2\/posts"}],"about":[{"href":"https:\/\/agora.xtec.cat\/ceip-drseres-alpicat\/wp-json\/wp\/v2\/types\/post"}],"author":[{"embeddable":true,"href":"https:\/\/agora.xtec.cat\/ceip-drseres-alpicat\/wp-json\/wp\/v2\/users\/1"}],"replies":[{"embeddable":true,"href":"https:\/\/agora.xtec.cat\/ceip-drseres-alpicat\/wp-json\/wp\/v2\/comments?post=3258"}],"version-history":[{"count":6,"href":"https:\/\/agora.xtec.cat\/ceip-drseres-alpicat\/wp-json\/wp\/v2\/posts\/3258\/revisions"}],"predecessor-version":[{"id":3341,"href":"https:\/\/agora.xtec.cat\/ceip-drseres-alpicat\/wp-json\/wp\/v2\/posts\/3258\/revisions\/3341"}],"wp:featuredmedia":[{"embeddable":true,"href":"https:\/\/agora.xtec.cat\/ceip-drseres-alpicat\/wp-json\/wp\/v2\/media\/3259"}],"wp:attachment":[{"href":"https:\/\/agora.xtec.cat\/ceip-drseres-alpicat\/wp-json\/wp\/v2\/media?parent=3258"}],"wp:term":[{"taxonomy":"category","embeddable":true,"href":"https:\/\/agora.xtec.cat\/ceip-drseres-alpicat\/wp-json\/wp\/v2\/categories?post=3258"},{"taxonomy":"post_tag","embeddable":true,"href":"https:\/\/agora.xtec.cat\/ceip-drseres-alpicat\/wp-json\/wp\/v2\/tags?post=3258"}],"curies":[{"name":"wp","href":"https:\/\/api.w.org\/{rel}","templated":true}]}}