{"id":3130,"date":"2023-12-01T09:20:41","date_gmt":"2023-12-01T08:20:41","guid":{"rendered":"https:\/\/agora.xtec.cat\/ceip-drseres-alpicat\/?p=3130"},"modified":"2023-12-01T09:22:02","modified_gmt":"2023-12-01T08:22:02","slug":"jornada-musical-santa-cecilia","status":"publish","type":"post","link":"https:\/\/agora.xtec.cat\/ceip-drseres-alpicat\/general\/jornada-musical-santa-cecilia\/","title":{"rendered":"Jornada musical, Santa Cec\u00edlia"},"content":{"rendered":"<p>El passat dimecres 22 de novembre a la nostra escola vam celebrar la Jornada musical on vam gaudir de la m\u00fasica gr\u00e0cies a la participaci\u00f3 de diferents fam\u00edlies, tallers (castellers, batucada,&#8230;), espectacles i els nostres alumnes i mestres m\u00fasics.<\/p>\n<p>Si voleu veure el que van fer els vostres fills podeu trobar les fotografies als blocs.<\/p>\n<p><a href=\"https:\/\/agora.xtec.cat\/ceip-drseres-alpicat\/wp-content\/uploads\/usu1665\/2023\/11\/14c743a9-2805-425c-b402-4f26a30b1088.jpg\"><img loading=\"lazy\" decoding=\"async\" class=\"alignnone size-large wp-image-3131\" src=\"https:\/\/agora.xtec.cat\/ceip-drseres-alpicat\/wp-content\/uploads\/usu1665\/2023\/11\/14c743a9-2805-425c-b402-4f26a30b1088-1024x473.jpg\" alt=\"\" width=\"1024\" height=\"473\" srcset=\"https:\/\/agora.xtec.cat\/ceip-drseres-alpicat\/wp-content\/uploads\/usu1665\/2023\/11\/14c743a9-2805-425c-b402-4f26a30b1088-1024x473.jpg 1024w, https:\/\/agora.xtec.cat\/ceip-drseres-alpicat\/wp-content\/uploads\/usu1665\/2023\/11\/14c743a9-2805-425c-b402-4f26a30b1088-300x138.jpg 300w, https:\/\/agora.xtec.cat\/ceip-drseres-alpicat\/wp-content\/uploads\/usu1665\/2023\/11\/14c743a9-2805-425c-b402-4f26a30b1088-768x354.jpg 768w, https:\/\/agora.xtec.cat\/ceip-drseres-alpicat\/wp-content\/uploads\/usu1665\/2023\/11\/14c743a9-2805-425c-b402-4f26a30b1088-1536x709.jpg 1536w, https:\/\/agora.xtec.cat\/ceip-drseres-alpicat\/wp-content\/uploads\/usu1665\/2023\/11\/14c743a9-2805-425c-b402-4f26a30b1088.jpg 2048w\" sizes=\"auto, (max-width: 1024px) 100vw, 1024px\" \/><\/a><\/p>\n<p>Gr\u00e0cies a tots i totes per la vostra participaci\u00f3.<\/p>\n","protected":false},"excerpt":{"rendered":"<p>El passat dimecres 22 de novembre a la nostra escola vam celebrar la Jornada musical on vam gaudir de la m\u00fasica gr\u00e0cies a la participaci\u00f3 de diferents fam\u00edlies, tallers (castellers, batucada,&#8230;), espectacles i els nostres alumnes i mestres m\u00fasics.<br \/>\nSi voleu veure el que van fer&hellip;  <a href=\"https:\/\/agora.xtec.cat\/ceip-drseres-alpicat\/general\/jornada-musical-santa-cecilia\/\" title=\"Read Jornada musical, Santa Cec\u00edlia\">Llegeix m\u00e9s\u00bb<\/a><\/p>\n","protected":false},"author":1,"featured_media":3131,"comment_status":"open","ping_status":"closed","sticky":false,"template":"","format":"standard","meta":{"_bbp_topic_count":0,"_bbp_reply_count":0,"_bbp_total_topic_count":0,"_bbp_total_reply_count":0,"_bbp_voice_count":0,"_bbp_anonymous_reply_count":0,"_bbp_topic_count_hidden":0,"_bbp_reply_count_hidden":0,"_bbp_forum_subforum_count":0,"footnotes":""},"categories":[1,4],"tags":[],"class_list":["post-3130","post","type-post","status-publish","format-standard","has-post-thumbnail","hentry","category-general","category-portada"],"post_mailing_queue_ids":[],"_links":{"self":[{"href":"https:\/\/agora.xtec.cat\/ceip-drseres-alpicat\/wp-json\/wp\/v2\/posts\/3130","targetHints":{"allow":["GET"]}}],"collection":[{"href":"https:\/\/agora.xtec.cat\/ceip-drseres-alpicat\/wp-json\/wp\/v2\/posts"}],"about":[{"href":"https:\/\/agora.xtec.cat\/ceip-drseres-alpicat\/wp-json\/wp\/v2\/types\/post"}],"author":[{"embeddable":true,"href":"https:\/\/agora.xtec.cat\/ceip-drseres-alpicat\/wp-json\/wp\/v2\/users\/1"}],"replies":[{"embeddable":true,"href":"https:\/\/agora.xtec.cat\/ceip-drseres-alpicat\/wp-json\/wp\/v2\/comments?post=3130"}],"version-history":[{"count":2,"href":"https:\/\/agora.xtec.cat\/ceip-drseres-alpicat\/wp-json\/wp\/v2\/posts\/3130\/revisions"}],"predecessor-version":[{"id":3133,"href":"https:\/\/agora.xtec.cat\/ceip-drseres-alpicat\/wp-json\/wp\/v2\/posts\/3130\/revisions\/3133"}],"wp:featuredmedia":[{"embeddable":true,"href":"https:\/\/agora.xtec.cat\/ceip-drseres-alpicat\/wp-json\/wp\/v2\/media\/3131"}],"wp:attachment":[{"href":"https:\/\/agora.xtec.cat\/ceip-drseres-alpicat\/wp-json\/wp\/v2\/media?parent=3130"}],"wp:term":[{"taxonomy":"category","embeddable":true,"href":"https:\/\/agora.xtec.cat\/ceip-drseres-alpicat\/wp-json\/wp\/v2\/categories?post=3130"},{"taxonomy":"post_tag","embeddable":true,"href":"https:\/\/agora.xtec.cat\/ceip-drseres-alpicat\/wp-json\/wp\/v2\/tags?post=3130"}],"curies":[{"name":"wp","href":"https:\/\/api.w.org\/{rel}","templated":true}]}}