{"id":3102,"date":"2023-11-01T20:02:49","date_gmt":"2023-11-01T19:02:49","guid":{"rendered":"https:\/\/agora.xtec.cat\/ceip-drseres-alpicat\/?p=3102"},"modified":"2023-12-01T09:25:07","modified_gmt":"2023-12-01T08:25:07","slug":"celebrem-la-castanyada-i-halloween","status":"publish","type":"post","link":"https:\/\/agora.xtec.cat\/ceip-drseres-alpicat\/general\/celebrem-la-castanyada-i-halloween\/","title":{"rendered":"Celebrem la castanyada i Halloween!"},"content":{"rendered":"<p>El dimarts 31 d&#8217;octubre vam celebrar a l&#8217;escola la castanyada i halloween realitzant diferents activitats relacionades amb la festivitat.<\/p>\n<p>Com cada any, ens va venir a visitar la Zofia, la nostra castanyera m\u00e9s &#8220;ditxaratxera&#8221;.<\/p>\n<p><a href=\"https:\/\/agora.xtec.cat\/ceip-drseres-alpicat\/wp-content\/uploads\/usu1665\/2023\/10\/PHOTO-2023-10-31-11-33-29.jpg\"><img loading=\"lazy\" decoding=\"async\" class=\"wp-image-3103 size-medium aligncenter\" src=\"https:\/\/agora.xtec.cat\/ceip-drseres-alpicat\/wp-content\/uploads\/usu1665\/2023\/10\/PHOTO-2023-10-31-11-33-29-254x300.jpg\" alt=\"\" width=\"254\" height=\"300\" srcset=\"https:\/\/agora.xtec.cat\/ceip-drseres-alpicat\/wp-content\/uploads\/usu1665\/2023\/10\/PHOTO-2023-10-31-11-33-29-254x300.jpg 254w, https:\/\/agora.xtec.cat\/ceip-drseres-alpicat\/wp-content\/uploads\/usu1665\/2023\/10\/PHOTO-2023-10-31-11-33-29-868x1024.jpg 868w, https:\/\/agora.xtec.cat\/ceip-drseres-alpicat\/wp-content\/uploads\/usu1665\/2023\/10\/PHOTO-2023-10-31-11-33-29-768x907.jpg 768w, https:\/\/agora.xtec.cat\/ceip-drseres-alpicat\/wp-content\/uploads\/usu1665\/2023\/10\/PHOTO-2023-10-31-11-33-29-1301x1536.jpg 1301w, https:\/\/agora.xtec.cat\/ceip-drseres-alpicat\/wp-content\/uploads\/usu1665\/2023\/10\/PHOTO-2023-10-31-11-33-29.jpg 1735w\" sizes=\"auto, (max-width: 254px) 100vw, 254px\" \/><\/a><\/p>\n<p>El dilluns 30 vam anar a cantar a la llar d&#8217;infants amb l&#8217;alumnat d&#8217;Infantil. Podeu veure els v\u00eddeos als diferents blocs:<\/p>\n<p><a href=\"https:\/\/agora.xtec.cat\/ceip-drseres-alpicat\/categoria\/infantil\/i3\/\">\u00a0 \u00a0 \u00a0 \u00a0 \u00a0 \u00a0 \u00a0 \u00a0 \u00a0 \u00a0 \u00a0 \u00a0 \u00a0 \u00a0 \u00a0 \u00a0 \u00a0 \u00a0 \u00a0 \u00a0 \u00a0 . I3 \u00a0 \u00a0 \u00a0 \u00a0 \u00a0 \u00a0 \u00a0 \u00a0 \u00a0 \u00a0 \u00a0 \u00a0 \u00a0 \u00a0 \u00a0 \u00a0 \u00a0 \u00a0 \u00a0 <\/a><a href=\"https:\/\/agora.xtec.cat\/ceip-drseres-alpicat\/categoria\/infantil\/i4\/\">. I4<\/a>\u00a0 \u00a0 \u00a0 \u00a0 \u00a0 \u00a0 \u00a0 \u00a0 \u00a0 \u00a0 \u00a0 \u00a0 \u00a0 \u00a0 \u00a0 \u00a0 \u00a0 \u00a0 \u00a0 \u00a0 \u00a0<a href=\"https:\/\/agora.xtec.cat\/ceip-drseres-alpicat\/categoria\/infantil\/i5\/\">. I5.<\/a><\/p>\n<p>Les teachers van preparar totes les activitats de halloween amb molta i\u00b7lusi\u00f3!!<\/p>\n<p><a href=\"https:\/\/agora.xtec.cat\/ceip-drseres-alpicat\/wp-content\/uploads\/usu1665\/2023\/10\/PHOTO-2023-10-31-11-11-08.jpg\"><img loading=\"lazy\" decoding=\"async\" class=\"size-large wp-image-3104 aligncenter\" src=\"https:\/\/agora.xtec.cat\/ceip-drseres-alpicat\/wp-content\/uploads\/usu1665\/2023\/10\/PHOTO-2023-10-31-11-11-08-1024x440.jpg\" alt=\"\" width=\"1024\" height=\"440\" srcset=\"https:\/\/agora.xtec.cat\/ceip-drseres-alpicat\/wp-content\/uploads\/usu1665\/2023\/10\/PHOTO-2023-10-31-11-11-08-1024x440.jpg 1024w, https:\/\/agora.xtec.cat\/ceip-drseres-alpicat\/wp-content\/uploads\/usu1665\/2023\/10\/PHOTO-2023-10-31-11-11-08-300x129.jpg 300w, https:\/\/agora.xtec.cat\/ceip-drseres-alpicat\/wp-content\/uploads\/usu1665\/2023\/10\/PHOTO-2023-10-31-11-11-08-768x330.jpg 768w, https:\/\/agora.xtec.cat\/ceip-drseres-alpicat\/wp-content\/uploads\/usu1665\/2023\/10\/PHOTO-2023-10-31-11-11-08-1536x660.jpg 1536w, https:\/\/agora.xtec.cat\/ceip-drseres-alpicat\/wp-content\/uploads\/usu1665\/2023\/10\/PHOTO-2023-10-31-11-11-08.jpg 2048w\" sizes=\"auto, (max-width: 1024px) 100vw, 1024px\" \/><\/a><\/p>\n<p>Vam fer tamb\u00e9 la tradicional exposici\u00f3 de les carabasses: <a href=\"https:\/\/agora.xtec.cat\/ceip-drseres-alpicat\/wp-content\/uploads\/usu1665\/2023\/10\/d6efdb21-1370-41d7-b930-5fc984774562.mp4\">d6efdb21-1370-41d7-b930-5fc984774562<\/a><\/p>\n<p>Com a activitat conjunta, vam fer un conte col\u00b7laboratiu amb la llar d&#8217;infants i l&#8217;institut d&#8217;Alpicat: <a href=\"https:\/\/agora.xtec.cat\/ceip-drseres-alpicat\/wp-content\/uploads\/usu1665\/2023\/10\/Conte-castanyada.pdf\">conte castanyada. <\/a>Podeu escoltar el conte a <a href=\"https:\/\/www.alpicatradio.com\/programs\/parlem-ne-alpicat\/alpicatradio_podcast_15271\">Alpicat r\u00e0dio <\/a>llegit per alguns alumnes de 6\u00e8 de Prim\u00e0ria i alguns alumnes d&#8217;ESO.<\/p>\n<p>A la tarda les persones que formen la junta de l&#8217;AFA ens van coure les castanyes perqu\u00e8 tots els nens, nenes, mestres i personal de l&#8217;escola en pogu\u00e9ssim menjar. Moltes gr\u00e0cies per la vostra ajuda incondicional! <a href=\"https:\/\/drive.google.com\/drive\/folders\/1syaeprvqi-BgaNW3wCOErF0UjBCFlmns?usp=share_link\">Imatges.<\/a><\/p>\n<p>Desitgem que hagueu passat una bona diada de Tots Sants!!<\/p>\n","protected":false},"excerpt":{"rendered":"<p>El dimarts 31 d&#8217;octubre vam celebrar a l&#8217;escola la castanyada i halloween realitzant diferents activitats relacionades amb la festivitat.<br \/>\nCom cada any, ens va venir a visitar la Zofia, la nostra castanyera m\u00e9s &#8220;ditxaratxera&#8221;.<br \/>\n<a href=\"https:\/\/agora.xtec.cat\/ceip-drseres-alpicat\/wp-content\/uploads\/usu1665\/2023\/10\/PHOTO-2023-10-31-11-33-29.jpg\"><\/a><br \/>\nEl dilluns 30 vam anar a cantar a la llar d&#8217;infants amb&hellip;  <a href=\"https:\/\/agora.xtec.cat\/ceip-drseres-alpicat\/general\/celebrem-la-castanyada-i-halloween\/\" title=\"Read Celebrem la castanyada i Halloween!\">Llegeix m\u00e9s\u00bb<\/a><\/p>\n","protected":false},"author":1,"featured_media":3103,"comment_status":"open","ping_status":"closed","sticky":false,"template":"","format":"standard","meta":{"_bbp_topic_count":0,"_bbp_reply_count":0,"_bbp_total_topic_count":0,"_bbp_total_reply_count":0,"_bbp_voice_count":0,"_bbp_anonymous_reply_count":0,"_bbp_topic_count_hidden":0,"_bbp_reply_count_hidden":0,"_bbp_forum_subforum_count":0,"footnotes":""},"categories":[1,2,4,5],"tags":[],"class_list":["post-3102","post","type-post","status-publish","format-standard","has-post-thumbnail","hentry","category-general","category-infantil","category-portada","category-primaria"],"post_mailing_queue_ids":[],"_links":{"self":[{"href":"https:\/\/agora.xtec.cat\/ceip-drseres-alpicat\/wp-json\/wp\/v2\/posts\/3102","targetHints":{"allow":["GET"]}}],"collection":[{"href":"https:\/\/agora.xtec.cat\/ceip-drseres-alpicat\/wp-json\/wp\/v2\/posts"}],"about":[{"href":"https:\/\/agora.xtec.cat\/ceip-drseres-alpicat\/wp-json\/wp\/v2\/types\/post"}],"author":[{"embeddable":true,"href":"https:\/\/agora.xtec.cat\/ceip-drseres-alpicat\/wp-json\/wp\/v2\/users\/1"}],"replies":[{"embeddable":true,"href":"https:\/\/agora.xtec.cat\/ceip-drseres-alpicat\/wp-json\/wp\/v2\/comments?post=3102"}],"version-history":[{"count":2,"href":"https:\/\/agora.xtec.cat\/ceip-drseres-alpicat\/wp-json\/wp\/v2\/posts\/3102\/revisions"}],"predecessor-version":[{"id":3108,"href":"https:\/\/agora.xtec.cat\/ceip-drseres-alpicat\/wp-json\/wp\/v2\/posts\/3102\/revisions\/3108"}],"wp:featuredmedia":[{"embeddable":true,"href":"https:\/\/agora.xtec.cat\/ceip-drseres-alpicat\/wp-json\/wp\/v2\/media\/3103"}],"wp:attachment":[{"href":"https:\/\/agora.xtec.cat\/ceip-drseres-alpicat\/wp-json\/wp\/v2\/media?parent=3102"}],"wp:term":[{"taxonomy":"category","embeddable":true,"href":"https:\/\/agora.xtec.cat\/ceip-drseres-alpicat\/wp-json\/wp\/v2\/categories?post=3102"},{"taxonomy":"post_tag","embeddable":true,"href":"https:\/\/agora.xtec.cat\/ceip-drseres-alpicat\/wp-json\/wp\/v2\/tags?post=3102"}],"curies":[{"name":"wp","href":"https:\/\/api.w.org\/{rel}","templated":true}]}}