{"id":2836,"date":"2023-06-30T09:00:41","date_gmt":"2023-06-30T07:00:41","guid":{"rendered":"https:\/\/agora.xtec.cat\/ceip-drseres-alpicat\/?p=2836"},"modified":"2023-07-23T19:29:39","modified_gmt":"2023-07-23T17:29:39","slug":"tenim-nous-negatoscopis","status":"publish","type":"post","link":"https:\/\/agora.xtec.cat\/ceip-drseres-alpicat\/general\/tenim-nous-negatoscopis\/","title":{"rendered":"Tenim nous negatoscopis que utilitzarem com a taules de llum!"},"content":{"rendered":"<div>Des de l&#8217;ABS Lleida Rural Nord i en relaci\u00f3 a un projecte impulsat per l&#8217;ICS ens han ofert negatoscopis que ten\u00eden als consultoris locals.<\/div>\n<div><\/div>\n<div><span style=\"font-family: inherit; font-size: 1em;\">Es tracta de donar una nova vida pels negatoscopis, ja que ja no s&#8217;utilitzen actualment.<\/span><\/div>\n<div><\/div>\n<div>\n<div><\/div>\n<div>\n<div><img loading=\"lazy\" decoding=\"async\" class=\"CToWUd a6T alignright\" tabindex=\"0\" src=\"https:\/\/ci3.googleusercontent.com\/proxy\/juapFdm8mVT-1frWv4tYNonHinqGN0Hu3plvfG9imizLf-IbH-mnxn9NEI1-knEbs49RXDH3MTEgECDoDtRNdaYdfXfQQ0TYbYFB0lZ4MZ5tH4uOXY2sH6W8S6O9kzGbB2jr3V_Rg2gdlH_qiZVRqWKNQ8Za=s0-d-e1-ft#https:\/\/ics.gencat.cat\/web\/.content\/ICS-verds\/Capsula-15-negatoscops\/IMG_3791.jpeg_1964645391.jpeg\" alt=\".\" width=\"199\" height=\"150\" data-bit=\"iit\" \/><\/div>\n<div>\n<p>Fa anys s&#8217;utilitzaven els\u00a0negatoscopis per llegir les radiografies als CAP. Ara, amb l&#8217;aven\u00e7 de la tecnologia, es fa de manera digital i, per tant, aquests aparells estan en des\u00fas. L&#8217;EAP Sant Joan de Vilatorrada va decidir donar-los una segona vida i cedir-los a les llars d&#8217;infants de la zona, que els van utilitzar per experimentar com a taules de llum.<\/p>\n<p>Es tracta d&#8217;un projecte pioner impulsat per l&#8217;ICS amb el suport de l&#8217;Equip de Medi Ambient per donar una segona vida als\u00a0negatoscopis que encara es trobaven instal\u00b7lats als CAP. Com coincideixen a destacar dues de les impulsores del projecte: la\u00a0<strong>Marta Sa\u00e0<\/strong>, mestra i directora de la Llar d\u2019Infants Rexics de Fonollosa, i la\u00a0<strong>Carme Espelt<\/strong>, referent de benestar emocional de l\u2019EAP Sant Joan de Vilatorrada, la idea no nom\u00e9s buscava reaprofitar aquest residu, sin\u00f3 tamb\u00e9 incorporar-hi un component educatiu i d&#8217;experimentaci\u00f3.<\/p>\n<p>Ambdues coincideixen que els agrada \u201cformar part del canvi, de reciclar i donar una segona vida a aquelles coses que ja no necessitem, i m\u00e9s amb finalitats educatives. Reaprofitant aquest material, posem el nostre gra de sorra a favor del medi ambient.\u201d Des de la llar d\u2019infants han rebut molt b\u00e9 aquesta proposta \u201cper a nosaltres, ha estat un regal\u201d.\u00a0Sa\u00e1 explica que ells ja estan acostumats i compromesos amb aquesta visi\u00f3. \u201cNosaltres fem \u00fas de material reciclat, fugint del pl\u00e0stic, i de les joguines m\u00e9s tradicionals. Intentem donar una segona vida als materials i aix\u00ed servim d\u2019exemple per als infants i les seves\u00a0fam\u00edlies, tamb\u00e9.\u201d, explica.<\/p>\n<p>Per\u00f2 el projecte va m\u00e9s enll\u00e0 de cedir el material. Les professionals del CAP van dissenyar un taller de nutrici\u00f3 i van aprofitar per fer-lo conjuntament amb els nens i nenes de la llar d\u2019infants. \u201cConsistia a descobrir les fruites de temporada: laminades molt fines i posades sobre la taula de llum es pot veure la seva composici\u00f3\u201d. A m\u00e9s, van fer servir colorants alimentaris per pintar-les. Despr\u00e9s, els infants podien col\u00b7locar-les sobre la taula de llum per experimentar amb els colors.<br \/>\nTot i que la iniciativa va n\u00e9ixer a Sant Joan de Vilatorrada, des de l\u2019ICS es treballa per ampliar aquesta experi\u00e8ncia a tot el territori. De moment,\u00a0ja s&#8217;han donat un centenar de\u00a0negatoscopis amb finalitats educatives.<\/p>\n<p><a href=\"https:\/\/youtu.be\/Ouie_0pV_dw\" target=\"_blank\" rel=\"noopener noreferrer\" data-saferedirecturl=\"https:\/\/www.google.com\/url?q=https:\/\/youtu.be\/Ouie_0pV_dw&amp;source=gmail&amp;ust=1690219251268000&amp;usg=AOvVaw0BcvlmdH6QloitwzVxRMLk\">https:\/\/youtu.be\/Ouie_0pV_dw<\/a><\/p>\n<p>Moltes gr\u00e0cies, equip de l&#8217;ABS Lleida Rural Nord per pensar en nosaltres!<\/p>\n<p><a href=\"https:\/\/agora.xtec.cat\/ceip-drseres-alpicat\/wp-content\/uploads\/usu1665\/2023\/07\/IMG_4189-2-scaled.jpg\"><img loading=\"lazy\" decoding=\"async\" class=\"alignnone size-large wp-image-2837\" src=\"https:\/\/agora.xtec.cat\/ceip-drseres-alpicat\/wp-content\/uploads\/usu1665\/2023\/07\/IMG_4189-2-1024x768.jpg\" alt=\"\" width=\"1024\" height=\"768\" srcset=\"https:\/\/agora.xtec.cat\/ceip-drseres-alpicat\/wp-content\/uploads\/usu1665\/2023\/07\/IMG_4189-2-1024x768.jpg 1024w, https:\/\/agora.xtec.cat\/ceip-drseres-alpicat\/wp-content\/uploads\/usu1665\/2023\/07\/IMG_4189-2-300x225.jpg 300w, https:\/\/agora.xtec.cat\/ceip-drseres-alpicat\/wp-content\/uploads\/usu1665\/2023\/07\/IMG_4189-2-768x576.jpg 768w, https:\/\/agora.xtec.cat\/ceip-drseres-alpicat\/wp-content\/uploads\/usu1665\/2023\/07\/IMG_4189-2-1536x1152.jpg 1536w, https:\/\/agora.xtec.cat\/ceip-drseres-alpicat\/wp-content\/uploads\/usu1665\/2023\/07\/IMG_4189-2-2048x1536.jpg 2048w, https:\/\/agora.xtec.cat\/ceip-drseres-alpicat\/wp-content\/uploads\/usu1665\/2023\/07\/IMG_4189-2-200x150.jpg 200w\" sizes=\"auto, (max-width: 1024px) 100vw, 1024px\" \/><\/a><\/p>\n<p>&nbsp;<\/p>\n<\/div>\n<\/div>\n<\/div>\n","protected":false},"excerpt":{"rendered":"<p>Des de l&#8217;ABS Lleida Rural Nord i en relaci\u00f3 a un projecte impulsat per l&#8217;ICS ens han ofert negatoscopis que ten\u00eden als consultoris locals.<\/p>\n<p>Es tracta de donar una nova vida pels negatoscopis, ja que ja no s&#8217;utilitzen actualment.<\/p>\n<p>Fa anys s&#8217;utilitzaven els\u00a0negatoscopis per llegir les radiografies&hellip;  <a href=\"https:\/\/agora.xtec.cat\/ceip-drseres-alpicat\/general\/tenim-nous-negatoscopis\/\" title=\"Read Tenim nous negatoscopis que utilitzarem com a taules de llum!\">Llegeix m\u00e9s\u00bb<\/a><\/p>\n","protected":false},"author":1,"featured_media":2837,"comment_status":"open","ping_status":"closed","sticky":false,"template":"","format":"standard","meta":{"_bbp_topic_count":0,"_bbp_reply_count":0,"_bbp_total_topic_count":0,"_bbp_total_reply_count":0,"_bbp_voice_count":0,"_bbp_anonymous_reply_count":0,"_bbp_topic_count_hidden":0,"_bbp_reply_count_hidden":0,"_bbp_forum_subforum_count":0,"footnotes":""},"categories":[1,2,4,5],"tags":[],"class_list":["post-2836","post","type-post","status-publish","format-standard","has-post-thumbnail","hentry","category-general","category-infantil","category-portada","category-primaria"],"post_mailing_queue_ids":[],"_links":{"self":[{"href":"https:\/\/agora.xtec.cat\/ceip-drseres-alpicat\/wp-json\/wp\/v2\/posts\/2836","targetHints":{"allow":["GET"]}}],"collection":[{"href":"https:\/\/agora.xtec.cat\/ceip-drseres-alpicat\/wp-json\/wp\/v2\/posts"}],"about":[{"href":"https:\/\/agora.xtec.cat\/ceip-drseres-alpicat\/wp-json\/wp\/v2\/types\/post"}],"author":[{"embeddable":true,"href":"https:\/\/agora.xtec.cat\/ceip-drseres-alpicat\/wp-json\/wp\/v2\/users\/1"}],"replies":[{"embeddable":true,"href":"https:\/\/agora.xtec.cat\/ceip-drseres-alpicat\/wp-json\/wp\/v2\/comments?post=2836"}],"version-history":[{"count":2,"href":"https:\/\/agora.xtec.cat\/ceip-drseres-alpicat\/wp-json\/wp\/v2\/posts\/2836\/revisions"}],"predecessor-version":[{"id":2840,"href":"https:\/\/agora.xtec.cat\/ceip-drseres-alpicat\/wp-json\/wp\/v2\/posts\/2836\/revisions\/2840"}],"wp:featuredmedia":[{"embeddable":true,"href":"https:\/\/agora.xtec.cat\/ceip-drseres-alpicat\/wp-json\/wp\/v2\/media\/2837"}],"wp:attachment":[{"href":"https:\/\/agora.xtec.cat\/ceip-drseres-alpicat\/wp-json\/wp\/v2\/media?parent=2836"}],"wp:term":[{"taxonomy":"category","embeddable":true,"href":"https:\/\/agora.xtec.cat\/ceip-drseres-alpicat\/wp-json\/wp\/v2\/categories?post=2836"},{"taxonomy":"post_tag","embeddable":true,"href":"https:\/\/agora.xtec.cat\/ceip-drseres-alpicat\/wp-json\/wp\/v2\/tags?post=2836"}],"curies":[{"name":"wp","href":"https:\/\/api.w.org\/{rel}","templated":true}]}}