{"id":2745,"date":"2023-05-22T16:46:35","date_gmt":"2023-05-22T14:46:35","guid":{"rendered":"https:\/\/agora.xtec.cat\/ceip-drseres-alpicat\/?p=2745"},"modified":"2023-05-22T16:46:35","modified_gmt":"2023-05-22T14:46:35","slug":"ajuts-individuals-de-menjador-per-al-curs-2023-24","status":"publish","type":"post","link":"https:\/\/agora.xtec.cat\/ceip-drseres-alpicat\/general\/ajuts-individuals-de-menjador-per-al-curs-2023-24\/","title":{"rendered":"Ajuts individuals de menjador per al curs 2023\/24"},"content":{"rendered":"<p style=\"font-weight: 400;\">Informaci\u00f3 important per a totes les fam\u00edlies de l&#8217;escola Doctor Ser\u00e9s<\/p>\n<p style=\"font-weight: 400;\">En relaci\u00f3 a les sol\u00b7licituds dels ajuts individuals de menjador per al curs 2023\/2024, us informem que el per\u00edode de presentaci\u00f3 de les sol\u00b7licituds\u00a0<strong><u>ser\u00e0 del 18 de maig al 2 de juny de 2023, ambd\u00f3s inclosos.<\/u><\/strong><\/p>\n<p style=\"font-weight: 400;\">\n<p style=\"font-weight: 400;\"><strong>La presentaci\u00f3 de les sol\u00b7licituds es podr\u00e0 fer de\u00a0forma telem\u00e0tica\u00a0pel web del Consell Comarcal del Segri\u00e0 (<a href=\"https:\/\/www.segria.cat\/arees\/ensenyament\/descripcio\" data-saferedirecturl=\"https:\/\/www.google.com\/url?q=https:\/\/www.segria.cat\/arees\/ensenyament\/descripcio&amp;source=gmail&amp;ust=1684852937159000&amp;usg=AOvVaw1rhjhxbZdNyUcoHeaRO-zy\">www.segria.cat<\/a>)\u00a0a l&#8217;apartat\u00a0AJUTS DE MENJADOR, i de manera excepcional es podr\u00e0 lliurar la sol\u00b7licitud en suport paper a la secretaria de l&#8217;escola, per\u00f2 nom\u00e9s quan els sol\u00b7licitants no disposin de mitjans electr\u00f2nics per a fer la presentaci\u00f3 de forma telem\u00e0tica.<\/strong><\/p>\n<p style=\"font-weight: 400;\">Us adjuntem en aquest article el <a href=\"https:\/\/agora.xtec.cat\/ceip-drseres-alpicat\/wp-content\/uploads\/usu1665\/2023\/05\/BASES-AJUTS-MENJADOR-CURS-2023-2024-BOP-66-4-04-2023.pdf\">BASES AJUTS MENJADOR CURS 2023-2024 BOP 66<\/a> i les <a href=\"https:\/\/agora.xtec.cat\/ceip-drseres-alpicat\/wp-content\/uploads\/usu1665\/2023\/05\/Sol.licitud-ajuts-menjador-2023-2024.pdf\">Sol.licitud ajuts menjador 2023-2024<\/a>.<strong><br \/>\n<\/strong><\/p>\n<p style=\"font-weight: 400;\"><u>Consideracions a tenir en compte per a la tramitaci\u00f3 de la sol\u00b7licitud:<\/u><\/p>\n<ul>\n<li style=\"font-weight: 400;\">\u00a0 \u00a0<span style=\"font-style: inherit; font-weight: inherit;\">Si no es coneix el\u00a0<\/span><span style=\"font-style: inherit;\"><strong>codi IDALU<\/strong><\/span><span style=\"font-style: inherit; font-weight: inherit;\">(identificador de l&#8217;alumne), cal\u00a0<\/span><span style=\"font-style: inherit;\"><strong>demanar-lo al centre educatiu actual<\/strong><\/span><span style=\"font-style: inherit; font-weight: inherit;\">.\u00a0<\/span><span style=\"font-style: inherit;\"><strong>Els alumnes que el curs vinent comen\u00e7aran I3<\/strong><\/span><strong style=\"font-style: inherit;\"><span style=\"font-style: inherit;\">\u00a0han de demanar-lo al centre on han presentat la preinscripci\u00f3.<\/span><\/strong><\/li>\n<li style=\"font-weight: 400;\">\u00a0 \u00a0Els sol\u00b7licitants de beca que cobrin l\u2019<strong>ajut a l&#8217;habitatge de lloguer<\/strong>cal que aportin els certificats d\u2019aquesta prestaci\u00f3 de l&#8217;any 2022.<strong>\u00a0Molt important aportar el certificat per evitar denegacions.<\/strong><\/li>\n<li style=\"font-weight: 400;\">\u00a0\u00a0Els sol\u00b7licitants divorciats amb\u00a0<strong>cust\u00f2dia compartida<\/strong>que vulguin tenir l&#8217;opci\u00f3 de gaudir de la beca pels seus fills\/es els dos progenitors, cal que facin una \u00fanica sol\u00b7licitud de forma conjunta. Si nom\u00e9s la demana un dels dos progenitors i la beca es concedida, nom\u00e9s ho ser\u00e0 pel sol\u00b7licitant per la setmana que convisqui amb els beneficiaris de la beca. Un cop comenci el curs escolar\u00a0s\u2019haur\u00e0 d\u2019aportar a l&#8217;escola una planificaci\u00f3 de la cust\u00f2dia de tot el curs 2023\/2024.<\/li>\n<li style=\"font-weight: 400;\">\u00a0 \u00a0En aquests casos de\u00a0<strong>cust\u00f2dies compartides<\/strong>, si posteriorment a la tramitaci\u00f3 de l&#8217;ajut amb un sol progenitor l&#8217;altre progenitor tamb\u00e9 vol sol\u00b7licitar-la, es far\u00e0 una nova valoraci\u00f3. Aquesta revisi\u00f3 pot comportar canviar el resultat de l\u2019ajut que s\u2019havia obtingut amb la valoraci\u00f3 d\u2019un \u00fanic progenitor i, per tant, denegar la sol\u00b7licitud de beca dels dos progenitors.<\/li>\n<li style=\"font-weight: 400;\">\u00a0 \u00a0En les\u00a0<strong>sol\u00b7licituds amb progenitors separats\/divorciats,<\/strong>ja sigui amb cust\u00f2dia compartida o no, cal que s\u2019emplenin correctament totes les caselles i \u00e9s molt important especificar la quantitat de pensi\u00f3 d&#8217;aliments cobrada a favor dels infants durant l&#8217;any 2022 (si no es marquen totes les caselles tindran requeriment):<\/li>\n<\/ul>\n<p style=\"font-weight: 400;\">\u00a0 \u00a0 \u00a0 \u00a0 \u00a0 \u00a0 \u00a0 \u00a0 \u00a0 \u00a0 \u00a0 \u00a0 \u00a0 \u00a0 \u00a0 \u00a0 \u00a0\u00a0CONVENI SEPARACI\u00d3\/DIVORCI: SI\/NO.<\/p>\n<p style=\"font-weight: 400;\">\u00a0 \u00a0 \u00a0 \u00a0 \u00a0 \u00a0 \u00a0 \u00a0 \u00a0 \u00a0 \u00a0 \u00a0 \u00a0 \u00a0 \u00a0 \u00a0 \u00a0 CUST\u00d2DIA COMPARTIDA: SI\/NO.<\/p>\n<p style=\"font-weight: 400;\">\u00a0 \u00a0 \u00a0 \u00a0 \u00a0 \u00a0 \u00a0 \u00a0 \u00a0 \u00a0 \u00a0 \u00a0 \u00a0 \u00a0 \u00a0 \u00a0 \u00a0 \u00a0PENSI\u00d3 D&#8217;ALIMENTS COBRADA A L&#8217;ANY 2022: QUANTITAT COBRADA DURANT\u00a0<strong><em><u>TOT L\u2019ANY \u00a0 2022<\/u><\/em><\/strong>.\u00a0<strong>SI NO ES COBRA PENSI\u00d3 D\u2019ALIMENTS POSAR 0 \u20ac.<\/strong><\/p>\n<ul>\n<li style=\"font-weight: 400;\"><strong>En el cas de fam\u00edlies que tinguin infants en diferents escoles, han de fer una\u00a0<u>\u00fanica sol\u00b7licitud<\/u>per tots els fills\/es, especificant l&#8217;escola de cadascun d&#8217;ells.<\/strong><\/li>\n<li style=\"font-weight: 400;\"><strong>Els alumnes que realitzin educaci\u00f3 compartida en dues escoles, cal posar les dues escoles a la sol\u00b7licitud<\/strong>.<\/li>\n<li style=\"font-weight: 400;\">\u00a0 \u00a0\u00a0En el cas de fam\u00edlies que cap dels dos progenitors disposi del DNI\/NIE i nom\u00e9s acreditin PASSAPORT, s&#8217;ha d\u2019adjuntar\u00a0<strong>informe social de car\u00e0cter econ\u00f2mic on constin els ingressos obtinguts l&#8217;any 2022 (certificat em\u00e8s pels serveis socials).<\/strong><strong>Tamb\u00e9 ser\u00e0 necessari l&#8217;informe dels serveis socials en el cas d\u2019unitats familiars que, tot i que algun dels progenitors disposi de NIE\/DNI, no han obtingut cap rendiment segons Renta 2022.<\/strong><\/li>\n<li style=\"font-weight: 400;\">Si la documentaci\u00f3 aportada en altres sol\u00b7licituds est\u00e0 vigent no cal tornar a aportar-la de nou, \u00fanicament marcar la creu en la sol\u00b7licitud. Si la documentaci\u00f3 aportada en cursos anteriors est\u00e0 caducada, caldr\u00e0 adjuntar-la novament.<\/li>\n<li style=\"font-weight: 400;\"><strong>\u00c9s m<\/strong><strong>olt important que els majors de 18 anys\u00a0<\/strong><strong>signin la sol\u00b7licitud<\/strong>.<\/li>\n<li style=\"font-weight: 400;\">En el cas que la unitat familiar no hagi sofert cap variaci\u00f3 respecte de cursos anteriors, posar la creu en la casella corresponent (part de darrera de la sol\u00b7licitud).<\/li>\n<\/ul>\n<p>&nbsp;<\/p>\n","protected":false},"excerpt":{"rendered":"<p>Informaci\u00f3 important per a totes les fam\u00edlies de l&#8217;escola Doctor Ser\u00e9s<br \/>\nEn relaci\u00f3 a les sol\u00b7licituds dels ajuts individuals de menjador per al curs 2023\/2024, us informem que el per\u00edode de presentaci\u00f3 de les sol\u00b7licituds\u00a0ser\u00e0 del 18 de maig al 2 de juny de 2023, ambd\u00f3s&hellip;  <a href=\"https:\/\/agora.xtec.cat\/ceip-drseres-alpicat\/general\/ajuts-individuals-de-menjador-per-al-curs-2023-24\/\" title=\"Read Ajuts individuals de menjador per al curs 2023\/24\">Llegeix m\u00e9s\u00bb<\/a><\/p>\n","protected":false},"author":1,"featured_media":0,"comment_status":"open","ping_status":"closed","sticky":false,"template":"","format":"standard","meta":{"_bbp_topic_count":0,"_bbp_reply_count":0,"_bbp_total_topic_count":0,"_bbp_total_reply_count":0,"_bbp_voice_count":0,"_bbp_anonymous_reply_count":0,"_bbp_topic_count_hidden":0,"_bbp_reply_count_hidden":0,"_bbp_forum_subforum_count":0,"footnotes":""},"categories":[1,2,4,5],"tags":[],"class_list":["post-2745","post","type-post","status-publish","format-standard","hentry","category-general","category-infantil","category-portada","category-primaria"],"post_mailing_queue_ids":[],"_links":{"self":[{"href":"https:\/\/agora.xtec.cat\/ceip-drseres-alpicat\/wp-json\/wp\/v2\/posts\/2745","targetHints":{"allow":["GET"]}}],"collection":[{"href":"https:\/\/agora.xtec.cat\/ceip-drseres-alpicat\/wp-json\/wp\/v2\/posts"}],"about":[{"href":"https:\/\/agora.xtec.cat\/ceip-drseres-alpicat\/wp-json\/wp\/v2\/types\/post"}],"author":[{"embeddable":true,"href":"https:\/\/agora.xtec.cat\/ceip-drseres-alpicat\/wp-json\/wp\/v2\/users\/1"}],"replies":[{"embeddable":true,"href":"https:\/\/agora.xtec.cat\/ceip-drseres-alpicat\/wp-json\/wp\/v2\/comments?post=2745"}],"version-history":[{"count":1,"href":"https:\/\/agora.xtec.cat\/ceip-drseres-alpicat\/wp-json\/wp\/v2\/posts\/2745\/revisions"}],"predecessor-version":[{"id":2748,"href":"https:\/\/agora.xtec.cat\/ceip-drseres-alpicat\/wp-json\/wp\/v2\/posts\/2745\/revisions\/2748"}],"wp:attachment":[{"href":"https:\/\/agora.xtec.cat\/ceip-drseres-alpicat\/wp-json\/wp\/v2\/media?parent=2745"}],"wp:term":[{"taxonomy":"category","embeddable":true,"href":"https:\/\/agora.xtec.cat\/ceip-drseres-alpicat\/wp-json\/wp\/v2\/categories?post=2745"},{"taxonomy":"post_tag","embeddable":true,"href":"https:\/\/agora.xtec.cat\/ceip-drseres-alpicat\/wp-json\/wp\/v2\/tags?post=2745"}],"curies":[{"name":"wp","href":"https:\/\/api.w.org\/{rel}","templated":true}]}}