{"id":2654,"date":"2023-03-30T10:52:37","date_gmt":"2023-03-30T08:52:37","guid":{"rendered":"https:\/\/agora.xtec.cat\/ceip-drseres-alpicat\/?p=2654"},"modified":"2023-03-30T10:52:37","modified_gmt":"2023-03-30T08:52:37","slug":"certamen-de-lectura-en-veu-alta-2","status":"publish","type":"post","link":"https:\/\/agora.xtec.cat\/ceip-drseres-alpicat\/general\/certamen-de-lectura-en-veu-alta-2\/","title":{"rendered":"Cert\u00e0men de lectura en veu alta"},"content":{"rendered":"<p>El 15 de mar\u00e7 les alumnes Tina de 6\u00e8 B i Carla de 4t A van ser les representants de l&#8217;escola Doctor Ser\u00e9s al XIX Cert\u00e0men de Lectura en veu alta, a la semifinal que es va celebrar a Lleida. La Tina va passar a la\u00a0<b>Final territorial, <\/b>la qual es realitzar\u00e0 el dia 20 d&#8217;abril al Teatre Amistat, de Mollerussa.<\/p>\n<div><\/div>\n<div>Us posem l&#8217;enlla\u00e7 a l&#8217;espai de difusi\u00f3 on trobareu el\u00a0<b>resultat de les\u00a0<a href=\"https:\/\/serveiseducatius.xtec.cat\/segria\/portada\/xix-certamen-lectura-en-veu-alta\/\" target=\"_blank\" rel=\"noopener\" data-saferedirecturl=\"https:\/\/www.google.com\/url?q=https:\/\/serveiseducatius.xtec.cat\/segria\/portada\/xix-certamen-lectura-en-veu-alta\/&amp;source=gmail&amp;ust=1680251199378000&amp;usg=AOvVaw18tVVxOUg95SVfmByEoqea\">Semifinals del Segri\u00e0 del XIX Certamen de <span class=\"il\">Lectura<\/span> en <span class=\"il\">veu<\/span> <span class=\"il\">alta<\/span><\/a>\u00a0i el reportatge fotogr\u00e0fic<\/b>\u00a0publicat per l&#8217;organitzaci\u00f3 del concurs.<\/p>\n<\/div>\n<div><\/div>\n<div>Moltes gr\u00e0cies!<\/div>\n<div><\/div>\n<div><a href=\"https:\/\/agora.xtec.cat\/ceip-drseres-alpicat\/wp-content\/uploads\/usu1665\/2023\/03\/3d6c7f78-ae29-45ee-9d26-80ae8ac3c98b.jpg\"><img loading=\"lazy\" decoding=\"async\" class=\"alignnone size-full wp-image-2655\" src=\"https:\/\/agora.xtec.cat\/ceip-drseres-alpicat\/wp-content\/uploads\/usu1665\/2023\/03\/3d6c7f78-ae29-45ee-9d26-80ae8ac3c98b.jpg\" alt=\"\" width=\"1024\" height=\"768\" srcset=\"https:\/\/agora.xtec.cat\/ceip-drseres-alpicat\/wp-content\/uploads\/usu1665\/2023\/03\/3d6c7f78-ae29-45ee-9d26-80ae8ac3c98b.jpg 1024w, https:\/\/agora.xtec.cat\/ceip-drseres-alpicat\/wp-content\/uploads\/usu1665\/2023\/03\/3d6c7f78-ae29-45ee-9d26-80ae8ac3c98b-300x225.jpg 300w, https:\/\/agora.xtec.cat\/ceip-drseres-alpicat\/wp-content\/uploads\/usu1665\/2023\/03\/3d6c7f78-ae29-45ee-9d26-80ae8ac3c98b-768x576.jpg 768w, https:\/\/agora.xtec.cat\/ceip-drseres-alpicat\/wp-content\/uploads\/usu1665\/2023\/03\/3d6c7f78-ae29-45ee-9d26-80ae8ac3c98b-200x150.jpg 200w\" sizes=\"auto, (max-width: 1024px) 100vw, 1024px\" \/><\/a><\/div>\n","protected":false},"excerpt":{"rendered":"<p>El 15 de mar\u00e7 les alumnes Tina de 6\u00e8 B i Carla de 4t A van ser les representants de l&#8217;escola Doctor Ser\u00e9s al XIX Cert\u00e0men de Lectura en veu alta, a la semifinal que es va celebrar a Lleida. La Tina va passar a&hellip;  <a href=\"https:\/\/agora.xtec.cat\/ceip-drseres-alpicat\/general\/certamen-de-lectura-en-veu-alta-2\/\" title=\"Read Cert\u00e0men de lectura en veu alta\">Llegeix m\u00e9s\u00bb<\/a><\/p>\n","protected":false},"author":1,"featured_media":2655,"comment_status":"open","ping_status":"closed","sticky":false,"template":"","format":"standard","meta":{"_bbp_topic_count":0,"_bbp_reply_count":0,"_bbp_total_topic_count":0,"_bbp_total_reply_count":0,"_bbp_voice_count":0,"_bbp_anonymous_reply_count":0,"_bbp_topic_count_hidden":0,"_bbp_reply_count_hidden":0,"_bbp_forum_subforum_count":0,"footnotes":""},"categories":[1,2,4,5],"tags":[],"class_list":["post-2654","post","type-post","status-publish","format-standard","has-post-thumbnail","hentry","category-general","category-infantil","category-portada","category-primaria"],"post_mailing_queue_ids":[],"_links":{"self":[{"href":"https:\/\/agora.xtec.cat\/ceip-drseres-alpicat\/wp-json\/wp\/v2\/posts\/2654","targetHints":{"allow":["GET"]}}],"collection":[{"href":"https:\/\/agora.xtec.cat\/ceip-drseres-alpicat\/wp-json\/wp\/v2\/posts"}],"about":[{"href":"https:\/\/agora.xtec.cat\/ceip-drseres-alpicat\/wp-json\/wp\/v2\/types\/post"}],"author":[{"embeddable":true,"href":"https:\/\/agora.xtec.cat\/ceip-drseres-alpicat\/wp-json\/wp\/v2\/users\/1"}],"replies":[{"embeddable":true,"href":"https:\/\/agora.xtec.cat\/ceip-drseres-alpicat\/wp-json\/wp\/v2\/comments?post=2654"}],"version-history":[{"count":1,"href":"https:\/\/agora.xtec.cat\/ceip-drseres-alpicat\/wp-json\/wp\/v2\/posts\/2654\/revisions"}],"predecessor-version":[{"id":2656,"href":"https:\/\/agora.xtec.cat\/ceip-drseres-alpicat\/wp-json\/wp\/v2\/posts\/2654\/revisions\/2656"}],"wp:featuredmedia":[{"embeddable":true,"href":"https:\/\/agora.xtec.cat\/ceip-drseres-alpicat\/wp-json\/wp\/v2\/media\/2655"}],"wp:attachment":[{"href":"https:\/\/agora.xtec.cat\/ceip-drseres-alpicat\/wp-json\/wp\/v2\/media?parent=2654"}],"wp:term":[{"taxonomy":"category","embeddable":true,"href":"https:\/\/agora.xtec.cat\/ceip-drseres-alpicat\/wp-json\/wp\/v2\/categories?post=2654"},{"taxonomy":"post_tag","embeddable":true,"href":"https:\/\/agora.xtec.cat\/ceip-drseres-alpicat\/wp-json\/wp\/v2\/tags?post=2654"}],"curies":[{"name":"wp","href":"https:\/\/api.w.org\/{rel}","templated":true}]}}