{"id":2624,"date":"2023-02-15T15:02:40","date_gmt":"2023-02-15T14:02:40","guid":{"rendered":"https:\/\/agora.xtec.cat\/ceip-drseres-alpicat\/?p=2624"},"modified":"2023-02-15T15:04:05","modified_gmt":"2023-02-15T14:04:05","slug":"el-projecte-lu-a-alpicat-radio","status":"publish","type":"post","link":"https:\/\/agora.xtec.cat\/ceip-drseres-alpicat\/general\/el-projecte-lu-a-alpicat-radio\/","title":{"rendered":"El projecte L\u00dc a Alpicat r\u00e0dio"},"content":{"rendered":"<p>Hola fam\u00edlies!<\/p>\n<p>Com ja sabeu, estem presentant el projecte L\u00dc als mitjans de comunicaci\u00f3. El passat dimarts 14 de febrer va sortir l&#8217;entrevista que ens va fer la Sabina Pedr\u00f3s a la Vanesa Torres com a coordinadora digital i l&#8217;Olga Niub\u00f3 com a directora sobre aquest projecte. Podeu escoltar l&#8217;entrevista <a href=\"https:\/\/www.alpicatradio.com\/programs\/parlem-ne-alpicat\/alpicatradio_podcast_12529\">aqu\u00ed<\/a>. Moltes gr\u00e0cies Alpicat r\u00e0dio!<\/p>\n<p><a href=\"https:\/\/agora.xtec.cat\/ceip-drseres-alpicat\/wp-content\/uploads\/usu1665\/2023\/02\/44dd436b-df59-4e9e-9428-af54533bb23e.jpg\"><img loading=\"lazy\" decoding=\"async\" class=\"size-full wp-image-2625 aligncenter\" src=\"https:\/\/agora.xtec.cat\/ceip-drseres-alpicat\/wp-content\/uploads\/usu1665\/2023\/02\/44dd436b-df59-4e9e-9428-af54533bb23e.jpg\" alt=\"\" width=\"750\" height=\"1015\" srcset=\"https:\/\/agora.xtec.cat\/ceip-drseres-alpicat\/wp-content\/uploads\/usu1665\/2023\/02\/44dd436b-df59-4e9e-9428-af54533bb23e.jpg 750w, https:\/\/agora.xtec.cat\/ceip-drseres-alpicat\/wp-content\/uploads\/usu1665\/2023\/02\/44dd436b-df59-4e9e-9428-af54533bb23e-222x300.jpg 222w\" sizes=\"auto, (max-width: 750px) 100vw, 750px\" \/><\/a><\/p>\n","protected":false},"excerpt":{"rendered":"<p>Hola fam\u00edlies!<br \/>\nCom ja sabeu, estem presentant el projecte L\u00dc als mitjans de comunicaci\u00f3. El passat dimarts 14 de febrer va sortir l&#8217;entrevista que ens va fer la Sabina Pedr\u00f3s a la Vanesa Torres com a coordinadora digital i l&#8217;Olga Niub\u00f3 com a directora sobre aquest&hellip;  <a href=\"https:\/\/agora.xtec.cat\/ceip-drseres-alpicat\/general\/el-projecte-lu-a-alpicat-radio\/\" title=\"Read El projecte L\u00dc a Alpicat r\u00e0dio\">Llegeix m\u00e9s\u00bb<\/a><\/p>\n","protected":false},"author":1,"featured_media":2625,"comment_status":"open","ping_status":"closed","sticky":false,"template":"","format":"standard","meta":{"_bbp_topic_count":0,"_bbp_reply_count":0,"_bbp_total_topic_count":0,"_bbp_total_reply_count":0,"_bbp_voice_count":0,"_bbp_anonymous_reply_count":0,"_bbp_topic_count_hidden":0,"_bbp_reply_count_hidden":0,"_bbp_forum_subforum_count":0,"footnotes":""},"categories":[1,2,4,5],"tags":[],"class_list":["post-2624","post","type-post","status-publish","format-standard","has-post-thumbnail","hentry","category-general","category-infantil","category-portada","category-primaria"],"post_mailing_queue_ids":[],"_links":{"self":[{"href":"https:\/\/agora.xtec.cat\/ceip-drseres-alpicat\/wp-json\/wp\/v2\/posts\/2624","targetHints":{"allow":["GET"]}}],"collection":[{"href":"https:\/\/agora.xtec.cat\/ceip-drseres-alpicat\/wp-json\/wp\/v2\/posts"}],"about":[{"href":"https:\/\/agora.xtec.cat\/ceip-drseres-alpicat\/wp-json\/wp\/v2\/types\/post"}],"author":[{"embeddable":true,"href":"https:\/\/agora.xtec.cat\/ceip-drseres-alpicat\/wp-json\/wp\/v2\/users\/1"}],"replies":[{"embeddable":true,"href":"https:\/\/agora.xtec.cat\/ceip-drseres-alpicat\/wp-json\/wp\/v2\/comments?post=2624"}],"version-history":[{"count":2,"href":"https:\/\/agora.xtec.cat\/ceip-drseres-alpicat\/wp-json\/wp\/v2\/posts\/2624\/revisions"}],"predecessor-version":[{"id":2627,"href":"https:\/\/agora.xtec.cat\/ceip-drseres-alpicat\/wp-json\/wp\/v2\/posts\/2624\/revisions\/2627"}],"wp:featuredmedia":[{"embeddable":true,"href":"https:\/\/agora.xtec.cat\/ceip-drseres-alpicat\/wp-json\/wp\/v2\/media\/2625"}],"wp:attachment":[{"href":"https:\/\/agora.xtec.cat\/ceip-drseres-alpicat\/wp-json\/wp\/v2\/media?parent=2624"}],"wp:term":[{"taxonomy":"category","embeddable":true,"href":"https:\/\/agora.xtec.cat\/ceip-drseres-alpicat\/wp-json\/wp\/v2\/categories?post=2624"},{"taxonomy":"post_tag","embeddable":true,"href":"https:\/\/agora.xtec.cat\/ceip-drseres-alpicat\/wp-json\/wp\/v2\/tags?post=2624"}],"curies":[{"name":"wp","href":"https:\/\/api.w.org\/{rel}","templated":true}]}}