{"id":2615,"date":"2023-03-01T11:38:03","date_gmt":"2023-03-01T10:38:03","guid":{"rendered":"https:\/\/agora.xtec.cat\/ceip-drseres-alpicat\/?p=2615"},"modified":"2023-07-27T11:01:12","modified_gmt":"2023-07-27T09:01:12","slug":"preinscripcio-i-matricula-per-al-curs-2023-24","status":"publish","type":"post","link":"https:\/\/agora.xtec.cat\/ceip-drseres-alpicat\/general\/preinscripcio-i-matricula-per-al-curs-2023-24\/","title":{"rendered":"Preinscripci\u00f3 i matr\u00edcula per al curs 2023\/24"},"content":{"rendered":"<h1><span id=\"Preinscripcio\"><strong>Preinscripci\u00f3 escolar del curs 2023\/24<br \/>\n<\/strong><\/span><\/h1>\n<h4><span style=\"color: #ff0000;\"><strong>Abans de presentar la sol\u00b7licitud de preinscripci\u00f3, recomanem consultar la informaci\u00f3 seg\u00fcent:<\/strong><\/span><\/h4>\n<ul>\n<li style=\"list-style-type: none;\">\n<ul>\n<li>\n<h5><a href=\"https:\/\/agora.xtec.cat\/ceip-drseres-alpicat\/general\/portes-obertes-a-lescola-doctor-seres\/\">Jornada de portes obertes<\/a><\/h5>\n<\/li>\n<li><a href=\"https:\/\/agora.xtec.cat\/ceip-drseres-alpicat\/metodologia\/\"><strong>Document de metodologia<\/strong><\/a><\/li>\n<li>\n<h5><a href=\"https:\/\/agora.xtec.cat\/ceip-drseres-alpicat\/wp-content\/uploads\/usu1665\/2023\/03\/INFORME_OFERTA_OME_INFORME_OFERTA.pdf\">Publicaci\u00f3 de l&#8217;oferta inicial de places (publicades el 03\/03\/23)<\/a><\/h5>\n<\/li>\n<li>\n<h5><a href=\"https:\/\/agora.xtec.cat\/ceip-drseres-alpicat\/wp-content\/uploads\/usu1665\/2023\/03\/INFORME_OFERTA_OME_INFORME_OFERTA-1.pdf\" target=\"_blank\" rel=\"noopener\">Oferta final de places (publicades el 09\/06\/2023)<\/a><\/h5>\n<\/li>\n<li>\n<h5><a href=\"https:\/\/preinscripcio.gencat.cat\/ca\/estudis\/infantil-3-6\/informat\/criteris-assignacio\/\">Criteris d&#8217;assignaci\u00f3 de places<\/a><\/h5>\n<\/li>\n<li>\n<h5><a href=\"https:\/\/agora.xtec.cat\/ceip-drseres-alpicat\/wp-content\/uploads\/usu1665\/2023\/03\/guia-preinscripcio-ca.pdf\">Guia per a la preinscripci\u00f3 en l\u00ednia i matr\u00edcula 2023-24<\/a><\/h5>\n<\/li>\n<li>\n<h5><a href=\"https:\/\/preinscripcio.gencat.cat\/ca\/inici\">M\u00e9s informaci\u00f3<\/a><\/h5>\n<\/li>\n<\/ul>\n<\/li>\n<\/ul>\n<p style=\"text-align: center;\"><a href=\"https:\/\/agora.xtec.cat\/ceip-drseres-alpicat\/wp-content\/uploads\/usu1665\/2023\/03\/infantil3-6_OK-bola6.png_223078711.png\"><img loading=\"lazy\" decoding=\"async\" class=\"alignnone size-full wp-image-2796\" src=\"https:\/\/agora.xtec.cat\/ceip-drseres-alpicat\/wp-content\/uploads\/usu1665\/2023\/03\/infantil3-6_OK-bola6.png_223078711.png\" alt=\"\" width=\"832\" height=\"468\" srcset=\"https:\/\/agora.xtec.cat\/ceip-drseres-alpicat\/wp-content\/uploads\/usu1665\/2023\/03\/infantil3-6_OK-bola6.png_223078711.png 832w, https:\/\/agora.xtec.cat\/ceip-drseres-alpicat\/wp-content\/uploads\/usu1665\/2023\/03\/infantil3-6_OK-bola6.png_223078711-300x169.png 300w, https:\/\/agora.xtec.cat\/ceip-drseres-alpicat\/wp-content\/uploads\/usu1665\/2023\/03\/infantil3-6_OK-bola6.png_223078711-768x432.png 768w\" sizes=\"auto, (max-width: 832px) 100vw, 832px\" \/><\/a><\/p>\n<p>&nbsp;<\/p>\n<h3><strong><span style=\"color: #ff6600;\">Presentaci\u00f3 de la sol\u00b7licitud de preinscripci\u00f3 (del 6 al 20 de mar\u00e7):<\/span><\/strong><\/h3>\n<div class=\"basic_text_peq col-xs-12\">\n<div class=\"pd-15x\">\n<p style=\"text-align: justify;\">Totes les preinscripcions s\u00f3n en format telem\u00e0tic, per tant, <strong>no hi ha la possibilitat de full de preinscripci\u00f3 en paper i no cal lliurar cap documentaci\u00f3 presencialment al centre educatiu que indiqueu en primera opci\u00f3<\/strong><u>.<\/u> Hi ha dos tipus de sol\u00b7licitud: la sol\u00b7licitud electr\u00f2nica (cal identificaci\u00f3 digital) i la sol\u00b7licitud en suport inform\u00e0tic (sense identificaci\u00f3 digital).<\/p>\n<p style=\"text-align: justify;\">A la sol\u00b7licitud de preinscripci\u00f3 heu d&#8217;adjuntar-hi la documentaci\u00f3 d&#8217;identificaci\u00f3 o de criteris que correspongui.<\/p>\n<p>&nbsp;<\/p>\n<\/div>\n<div class=\"pd-15x\">\n<table>\n<tbody>\n<tr>\n<td>\n<h3><span style=\"color: #ff0000;\"><strong><a href=\"https:\/\/preinscripcio.gencat.cat\/ca\/estudis\/infantil-3-6\/preinscriute\/sollicitud\/\">ACC\u00c9S A LA SOL\u00b7LICITUD DE PREINSCRIPCI\u00d3 EN L\u00cdNIA<\/a> <\/strong><\/span><\/h3>\n<\/td>\n<\/tr>\n<\/tbody>\n<\/table>\n<p>&nbsp;<\/p>\n<h4 style=\"text-align: justify;\"><span style=\"color: #319c9e;\"><strong>Informacions i\/o recomanacions:<\/strong><\/span><\/h4>\n<ul style=\"text-align: justify;\">\n<li>El\u00a0<strong>codi de l&#8217;escola Doctor Ser\u00e9s<\/strong>\u00a0\u00e9s <strong>25000468<\/strong>, us caldr\u00e0 per indicar a quin centre voleu preinscriure-us.<\/li>\n<li>Tots els infants que han estat matriculats en una llar d&#8217;infants o en una escola bressol a Catalunya a partir del curs 2021-2022, o b\u00e9, tots els infants que han estat matriculats a Catalunya a partir del curs 2015-2016, tenen assignat un codi identificador del Registre d&#8217;alumnes de Catalunya, el RALC. Heu de demanar-lo al vostre centre actual o de proced\u00e8ncia per poder lligar la sol\u00b7licitud al seu expedient acad\u00e8mic i personal. En la sol\u00b7licitud de preinscripci\u00f3 s&#8217;ha de consignar aquest codi<strong>\u00a0en la casella \u00abIdentificador de l&#8217;alumne\u00bb\u00a0<\/strong>de l&#8217;apartat Dades personals de l&#8217;alumne. En la majoria de casos no caldr\u00e0 fer res m\u00e9s ni adjuntar cap tipus de documentaci\u00f3, donat que s\u2019haur\u00e0 fet l\u2019intercanvi de validaci\u00f3 de les vostres dades amb totes les administracions implicades.<\/li>\n<li><strong>Nom\u00e9s s&#8217;ha de presentar una sola sol\u00b7licitud<\/strong> i indicar-hi per ordre de prefer\u00e8ncia els diferents centres als quals us interessa inscriure al vostre fill o filla.<\/li>\n<li>Cenyiu-vos al calendari establert, <strong>lliurar la sol\u00b7licitud o la documentaci\u00f3 fora de termini us fa perdre tots el drets d&#8217;adscripci\u00f3 amb la possibilitat de quedar-se sense pla\u00e7a al centre<\/strong>.<\/li>\n<\/ul>\n<p>&nbsp;<\/p>\n<h4><span style=\"color: #319c9e;\"><strong>Consideracions a tenir en compte:<\/strong><\/span><\/h4>\n<ul>\n<li><strong><em>Centre adscrit:<\/em><\/strong> La continu\u00eftat de projectes pedag\u00f2gics en centres entre el primer (0-3 anys) i el segon cicle d&#8217;infantil (3-6 anys), no es considera adscripci\u00f3 i per tant, no comporta prioritat d&#8217;acc\u00e9s.<\/li>\n<li><em><strong>Domicili familiar o del lloc de treball: <\/strong><\/em>si es vol presentar una sol\u00b7licitud de preinscripci\u00f3 a la nostra escola nom\u00e9s s&#8217;haur\u00e0 de marcar un d&#8217;aquests tres sup\u00f2sits:\n<ul>\n<li class=\"level3\">\n<div class=\"li\"><span style=\"text-decoration: underline;\">Zona educativa:<\/span> quan el domicili habitual de la fam\u00edlia es troba dins la zona educativa del centre escolar que es demana en primer lloc (Alpicat).<\/div>\n<\/li>\n<li class=\"level3\">\n<div class=\"li\"><span style=\"text-decoration: underline;\">Adre\u00e7a del lloc de treball:<\/span> quan la ubicaci\u00f3 del lloc de feina del pare, la mare, el tutor o la tutora est\u00e0 dins la zona educativa del centre triat en primer lloc (Alpicat).<\/div>\n<\/li>\n<li><span style=\"text-decoration: underline;\">Cap de les anteriors:<\/span> si el domicili familiar o la ubicaci\u00f3 del lloc de feina del pare, mare, el tutor o la tutora es troba fora del municipi (Alpicat).<\/li>\n<\/ul>\n<\/li>\n<li><strong><em>Nova incorporaci\u00f3 al sistema educatiu:<\/em><\/strong> nom\u00e9s afecta a alumnat provinent de fora de Catalunya o que hi porta menys de 2 anys.<\/li>\n<\/ul>\n<\/div>\n<\/div>\n<p><a href=\"https:\/\/agora.xtec.cat\/ceip-drseres-alpicat\/general\/preinscripcio-i-matricula-curs-2021-2022\/attachment\/video-png_2044584825-2\/\" rel=\"attachment wp-att-2272\"><img loading=\"lazy\" decoding=\"async\" class=\"size-full wp-image-2272 alignleft\" src=\"https:\/\/agora.xtec.cat\/ceip-drseres-alpicat\/wp-content\/uploads\/usu1665\/2022\/02\/video-1.png_2044584825-1.png\" alt=\"\" width=\"45\" height=\"45\" \/><\/a><\/p>\n<div class=\"basic_text_peq col-xs-12\">\n<div class=\"pd-15x\">\n<h3><a class=\"\" title=\"Mira els v\u00eddeos que trobar\u00e0s a les P\u00edndoles multim\u00e8dia del Centre d'ajuda, t'ajudaran en aquest proc\u00e9s.\" href=\"https:\/\/preinscripcio.gencat.cat\/ca\/estudis\/infantil-3-6\/ajuda\/pindoles-multimedia\/\" target=\"_blank\" rel=\"noopener\">Podeu mirar els v\u00eddeos que trobareu a les P\u00edndoles multim\u00e8dia del Centre d&#8217;ajuda, us ajudaran en aquest proc\u00e9s.<\/a><\/h3>\n<\/div>\n<\/div>\n<div class=\"basic_text_peq col-xs-12\">\n<p>&nbsp;<\/p>\n<p>Per a qualsevol <strong>dubte, informaci\u00f3 o aclariment, del 7 al 20 de mar\u00e7 <\/strong>podeu posar-vos en contacte amb nosaltres <strong>trucant al 973 73 64 64 o al 690 01 62 23 de dilluns a divendres de 8.30 a 14h i de 15 a 16h, <\/strong>i us ajudarem amb el proc\u00e9s.<\/p>\n<p>&nbsp;<\/p>\n<h4><span style=\"color: #319c9e;\"><span style=\"color: #319c9e;\">Durant la preparaci\u00f3, presentaci\u00f3 i seguiment de la sol\u00b7licitud de preinscripci\u00f3:<\/span><\/span><\/h4>\n<p style=\"font-weight: 400;\"><strong>Del 6 al 20 de mar\u00e7 de 2023 (a partir de les 9 hores): presentaci\u00f3 de sol\u00b7licituds<\/strong><\/p>\n<p style=\"font-weight: 400;\">\u00c9s molt important respectar les dates, perqu\u00e8 les sol\u00b7licituds que es presentin fora d&#8217;aquest termini perdran totes les prioritats que haurien pogut tenir a l&#8217;hora d&#8217;obtenir la pla\u00e7a. Els criteris de prioritat serveixen per donar una puntuaci\u00f3 a cada sol\u00b7licitud. D&#8217;aquesta manera s&#8217;estableix l&#8217;ordre d&#8217;acc\u00e9s a les places de cada centre. Cal presentar la sol\u00b7licitud i adjuntar-hi la documentaci\u00f3 d&#8217;identificaci\u00f3 o de criteris que correspongui.<\/p>\n<p style=\"font-weight: 400;\"><strong>Fins al 22 de mar\u00e7 de 2023: presentaci\u00f3 de documentaci\u00f3<\/strong><\/p>\n<p style=\"font-weight: 400;\">Aquests dies pots presentar documentaci\u00f3 acreditativa que no hagis pogut adjuntar durant el per\u00edode de presentaci\u00f3 de sol\u00b7licituds.<\/p>\n<\/div>\n<p>&nbsp;<\/p>\n<p><strong style=\"font-size: 1.6875em;\"><span style=\"color: #ff6600;\">Llista de sol\u00b7licituds amb la puntuaci\u00f3 provisional (21 d&#8217;abril):<\/span><\/strong><\/p>\n<div class=\"basic_text_peq col-xs-12\">\n<p style=\"font-weight: 400;\"><strong>21 d&#8217;abril de 2023: llista de sol\u00b7licituds amb la puntuaci\u00f3 provisional<\/strong><\/p>\n<p style=\"font-weight: 400;\">Un cop acabat el per\u00edode de presentaci\u00f3 de sol\u00b7licituds, els centres educatius estudien cadascuna de les peticions que han rebut: n&#8217;analitzen les dades, els criteris que les fam\u00edlies demanen que es tinguin en compte, i tamb\u00e9 els documents justificatius. Tot seguit, publiquen la llista de sol\u00b7licituds amb la puntuaci\u00f3 provisional. En aquesta llista hi ha les sol\u00b7licituds ordenades alfab\u00e8ticament amb la puntuaci\u00f3 que ha rebut cada sol\u00b7licitud en aplicar-hi el barem.<\/p>\n<p><a href=\"https:\/\/agora.xtec.cat\/ceip-drseres-alpicat\/wp-content\/uploads\/usu1665\/2023\/03\/INFORME_BAREM_PROVISIONAL_BAREM.pdf\" target=\"_blank\" rel=\"noopener\">https:\/\/agora.xtec.cat\/ceip-drseres-alpicat\/wp-content\/uploads\/usu1665\/2023\/03\/INFORME_BAREM_PROVISIONAL_BAREM.pdf<\/a><\/p>\n<h3><span style=\"color: #000000;\"><strong>Presentaci\u00f3 de reclamacions (del 21 al 27 d&#8217;abril):<\/strong><\/span><\/h3>\n<p style=\"font-weight: 400;\">Durant aquest per\u00edode, si detectes alguna errada o anomalia en el barem assignat, pots presentar una reclamaci\u00f3 (utilitzant l&#8217;eina electr\u00f2nica per adjuntar reclamacions).<\/p>\n<p>&nbsp;<\/p>\n<h3><strong><span style=\"color: #ff6600;\">Llista de sol\u00b7licituds amb la puntuaci\u00f3 un cop resoltes les reclamacions (3 de maig):<\/span><\/strong><\/h3>\n<p style=\"font-weight: 400;\">Un cop resoltes totes les reclamacions presentades, el centre publica la llista de sol\u00b7licituds amb la puntuaci\u00f3 i el n\u00famero de desempat corresponent.<\/p>\n<p><a href=\"https:\/\/agora.xtec.cat\/ceip-drseres-alpicat\/wp-content\/uploads\/usu1665\/2023\/03\/INFORME_BAREM_RESOLTES_BAREM.pdf\" target=\"_blank\" rel=\"noopener\">https:\/\/agora.xtec.cat\/ceip-drseres-alpicat\/wp-content\/uploads\/usu1665\/2023\/03\/INFORME_BAREM_RESOLTES_BAREM.pdf<\/a><\/p>\n<p>&nbsp;<\/p>\n<h3><strong><span style=\"color: #ff6600;\">Sorteig per resoldre les sol\u00b7licituds de preinscripci\u00f3 empatades en punts (9 de maig):<\/span><\/strong><\/h3>\n<p style=\"font-weight: 400;\">El nombre de places a cada centre educatiu \u00e9s limitat. Si el nombre de peticions supera el d&#8217;alumnes que l&#8217;escola pot acollir, cal aplicar un sistema de desempat entre les sol\u00b7licituds que tenen amb la mateixa puntuaci\u00f3. Per fer-ho, s&#8217;obt\u00e9 un n\u00famero per sorteig a partir del qual s&#8217;ordenen totes les peticions empatades en punts, tenint en compte el n\u00famero de desempat que s&#8217;ha assignat a cada sol\u00b7licitud.<\/p>\n<h4><span style=\"color: #000000;\">Resultat del sorteig (educaci\u00f3 infantil 3-6 anys, prim\u00e0ria i ESO)<\/span><\/h4>\n<h4><span style=\"color: #000000;\">66.646<\/span><\/h4>\n<p>&nbsp;<\/p>\n<h3><span style=\"color: #ff6600;\"><strong>Llista definitiva amb les sol\u00b7licituds ordenades<\/strong><\/span><strong><span style=\"color: #ff6600;\"> (11 de maig)<\/span><\/strong><strong><span style=\"color: #ff6600;\">:<\/span><\/strong><\/h3>\n<p style=\"font-weight: 400;\">Despr\u00e9s del sorteig, s&#8217;elabora la llista de sol\u00b7licituds per a l&#8217;assignaci\u00f3 de places. En aquest cas, la llista ja no s&#8217;ordena alfab\u00e8ticament, sin\u00f3 tenint en compte les puntuacions de cada sol\u00b7licitud, de m\u00e9s a menys.<\/p>\n<p><a href=\"https:\/\/agora.xtec.cat\/ceip-drseres-alpicat\/wp-content\/uploads\/usu1665\/2023\/03\/INFORME_BAREM_DEFINITIU_BAREM.pdf\" target=\"_blank\" rel=\"noopener\">https:\/\/agora.xtec.cat\/ceip-drseres-alpicat\/wp-content\/uploads\/usu1665\/2023\/03\/INFORME_BAREM_DEFINITIU_BAREM.pdf<\/a><\/p>\n<p>&nbsp;<\/p>\n<h3><span style=\"color: #ff6600;\"><strong>Ampliaci\u00f3 de peticions de preinscripci\u00f3 per a alumnes sense pla\u00e7a assignada a cap centre (del 29 de maig a l&#8217;1 de juny):<\/strong><\/span><\/h3>\n<p style=\"font-weight: 400;\">Si no s&#8217;accedeix a cap pla\u00e7a en els centres demanats i es tracta de sol\u00b7licituds en les quals s&#8217;ha marcat expressament que es vol una assignaci\u00f3 d&#8217;ofici, durant aquest per\u00edode es poden ampliar les peticions originals i demanar places en centres que en tinguin de disponibles.<\/p>\n<p style=\"font-weight: 400;\"><strong>Despr\u00e9s d&#8217;aquesta ampliaci\u00f3 de la sol\u00b7licitud, s&#8217;acaba el proc\u00e9s d&#8217;assignaci\u00f3 tenint en compte aquestes peticions ampliades.<\/strong><\/p>\n<p>&nbsp;<\/p>\n<h3><span style=\"color: #ff6600;\"><strong>Oferta final de places (9 de juny):<\/strong><\/span><\/h3>\n<p style=\"font-weight: 400;\">Publicaci\u00f3 del nombre de places escolars per centre i curs definitiva.<\/p>\n<p>&nbsp;<\/p>\n<h3 class=\"bloc-mobil\" style=\"text-align: justify;\"><span style=\"color: #ff6600;\"><strong>Llista d&#8217;alumnes admesos i llista d&#8217;espera (12 de juny):<\/strong><\/span><\/h3>\n<p style=\"font-weight: 400;\">Finalment, es publica la llista d&#8217;alumnes admesos al centre i tamb\u00e9 la llista d&#8217;espera.<\/p>\n<\/div>\n<ul>\n<li><a href=\"https:\/\/agora.xtec.cat\/ceip-drseres-alpicat\/wp-content\/uploads\/usu1665\/2023\/03\/INFORME_ASSIGNADES_INFORME_ASSIGNADES.pdf\" target=\"_blank\" rel=\"noopener\">Alumnes assignats al centre amb indicaci\u00f3 de la primera petici\u00f3.<\/a><\/li>\n<li><a href=\"https:\/\/agora.xtec.cat\/ceip-drseres-alpicat\/wp-content\/uploads\/usu1665\/2023\/03\/INFORME_PREINSCRITES_OME_INFORME_PREINSCRITES_OME.pdf\" target=\"_blank\" rel=\"noopener\">Alumnes preinscrits al centre.<\/a><\/li>\n<li><a href=\"https:\/\/agora.xtec.cat\/ceip-drseres-alpicat\/wp-content\/uploads\/usu1665\/2023\/03\/INFORME_LLISTA_ESPERA_OME_LLISTA_ESPERA.pdf\" target=\"_blank\" rel=\"noopener\">Llista d&#8217;espera.<\/a><\/li>\n<\/ul>\n<p>Si alguna cosa no ha anat com esperaves pots <a href=\"https:\/\/educacio.gencat.cat\/ca\/tramits\/tramits-temes\/reclamacions-assignacions-preinscripcio-obligatoris\" target=\"_blank\" rel=\"noopener\">presentar una reclamaci\u00f3<\/a>.<\/p>\n<div class=\"basic_text_peq col-xs-12\">\n<hr \/>\n<h1><strong>Matr\u00edcula<\/strong><\/h1>\n<h3 style=\"text-align: justify;\"><span style=\"color: #ff6600;\"><strong>Del 20 al 28 de juny.<\/strong><\/span><\/h3>\n<p>Si el vostre fill o filla ha estat adm\u00e8s o admesa, heu de formalitzar la matr\u00edcula del 20 al 28 de juny de 2023, ambd\u00f3s inclosos. Per a fer-ho, heu d\u2019<b>enviar la documentaci\u00f3<\/b>\u00a0necess\u00e0ria -escanejada o fotografiada- mitjan\u00e7ant un correu a l\u2019adre\u00e7a\u00a0<strong>c5000468@xtec.cat.<\/strong><\/p>\n<p>De manera excepcional, per als casos en qu\u00e8 les fam\u00edlies no pugueu fer la presentaci\u00f3 telem\u00e0tica i l\u2019heu de fer\u00a0<b>presencial<\/b>,\u00a0heu de<strong>\u00a0<\/strong><strong>demanar cita pr\u00e8via<\/strong>\u00a0trucant al 973 73 64 64 de 9 a 14h.<\/p>\n<p><b>Molt important: si la matr\u00edcula no es fa en el per\u00edode establert, es considera que es renuncia a la pla\u00e7a adjudicada, llevat que sigui per causes justificades.\u00a0<\/b>\u00a0Si no podeu fer la matriculaci\u00f3 en aquestes dates, cal que presenteu un justificant al m\u00e9s aviat possible al mateix centre.<\/p>\n<p>DOCUMENTACI\u00d3 QUE CAL APORTAR:<\/p>\n<ul>\n<li>C\u00f2pia del\u00a0<b>carnet de vacunacions<\/b>\u00a0de l\u2019alumne o l\u2019alumna.\u00a0Si no es t\u00e9 el carnet de vacunacions, s\u2019ha d\u2019aportar un certificat m\u00e8dic oficial o el carnet de salut de l\u2019infant en el qual figurin les dosis de les vacunes rebudes amb les dates corresponents. Si el vostre fill o filla no ha estat vacunat per indicaci\u00f3 m\u00e8dica o per altres circumst\u00e0ncies, cal aportar un certificat m\u00e8dic oficial justificatiu.<\/li>\n<li>C\u00f2pia de la\u00a0<b>Targeta Sanit\u00e0ria Individual\u00a0<\/b>de l\u2019alumne o l\u2019alumna.<\/li>\n<li>C\u00f2pia de l\u2019\u00faltim\u00a0<strong>informe de qualificacions<\/strong>\u00a0que es disposa de l\u2019alumne o l\u2019alumna si \u00e9s per formalitzar una matr\u00edcula\u00a0per P4 o cursos superiors.<\/li>\n<li><b><a href=\"https:\/\/agora.xtec.cat\/ceip-drseres-alpicat\/wp-content\/uploads\/usu1665\/2023\/03\/Documents_de_centre_matricula_autoemplenable-2.pdf\" target=\"_blank\" rel=\"noopener\">Presentar els formularis del centre<\/a>.<\/b><\/li>\n<\/ul>\n<p style=\"font-weight: 400;\">\n<\/div>\n<p>&nbsp;<\/p>\n","protected":false},"excerpt":{"rendered":"<p>Preinscripci\u00f3 escolar del curs 2023\/24<\/p>\n<p>Abans de presentar la sol\u00b7licitud de preinscripci\u00f3, recomanem consultar la informaci\u00f3 seg\u00fcent:<\/p>\n<ul>\n<li style=\"list-style-type: none;\">\n<ul>\n<li>\n<a href=\"https:\/\/agora.xtec.cat\/ceip-drseres-alpicat\/general\/portes-obertes-a-lescola-doctor-seres\/\">Jornada de portes obertes<\/a>\n<\/li>\n<li><a href=\"https:\/\/agora.xtec.cat\/ceip-drseres-alpicat\/metodologia\/\">Document de metodologia<\/a><\/li>\n<li>\n<a href=\"https:\/\/agora.xtec.cat\/ceip-drseres-alpicat\/wp-content\/uploads\/usu1665\/2023\/03\/INFORME_OFERTA_OME_INFORME_OFERTA.pdf\">Publicaci\u00f3 de l&#8217;oferta inicial de places (publicades el 03\/03\/23)<\/a>\n<\/li>\n<li>\n<a href=\"https:\/\/agora.xtec.cat\/ceip-drseres-alpicat\/wp-content\/uploads\/usu1665\/2023\/03\/INFORME_OFERTA_OME_INFORME_OFERTA-1.pdf\" target=\"_blank\" rel=\"noopener\">Oferta final de places (publicades el 09\/06\/2023)<\/a>\n<\/li>\n<li>\n<a href=\"https:\/\/preinscripcio.gencat.cat\/ca\/estudis\/infantil-3-6\/informat\/criteris-assignacio\/\">Criteris d&#8217;assignaci\u00f3&hellip;  <a href=\"https:\/\/agora.xtec.cat\/ceip-drseres-alpicat\/general\/preinscripcio-i-matricula-per-al-curs-2023-24\/\" title=\"Read Preinscripci\u00f3 i matr\u00edcula per al curs 2023\/24\">Llegeix m\u00e9s\u00bb<\/a><\/p>\n","protected":false},"author":1,"featured_media":2637,"comment_status":"open","ping_status":"closed","sticky":false,"template":"","format":"standard","meta":{"_bbp_topic_count":0,"_bbp_reply_count":0,"_bbp_total_topic_count":0,"_bbp_total_reply_count":0,"_bbp_voice_count":0,"_bbp_anonymous_reply_count":0,"_bbp_topic_count_hidden":0,"_bbp_reply_count_hidden":0,"_bbp_forum_subforum_count":0,"footnotes":""},"categories":[1,2,4,5],"tags":[97],"class_list":["post-2615","post","type-post","status-publish","format-standard","has-post-thumbnail","hentry","category-general","category-infantil","category-portada","category-primaria","tag-preinscripcio"],"post_mailing_queue_ids":[],"_links":{"self":[{"href":"https:\/\/agora.xtec.cat\/ceip-drseres-alpicat\/wp-json\/wp\/v2\/posts\/2615","targetHints":{"allow":["GET"]}}],"collection":[{"href":"https:\/\/agora.xtec.cat\/ceip-drseres-alpicat\/wp-json\/wp\/v2\/posts"}],"about":[{"href":"https:\/\/agora.xtec.cat\/ceip-drseres-alpicat\/wp-json\/wp\/v2\/types\/post"}],"author":[{"embeddable":true,"href":"https:\/\/agora.xtec.cat\/ceip-drseres-alpicat\/wp-json\/wp\/v2\/users\/1"}],"replies":[{"embeddable":true,"href":"https:\/\/agora.xtec.cat\/ceip-drseres-alpicat\/wp-json\/wp\/v2\/comments?post=2615"}],"version-history":[{"count":4,"href":"https:\/\/agora.xtec.cat\/ceip-drseres-alpicat\/wp-json\/wp\/v2\/posts\/2615\/revisions"}],"predecessor-version":[{"id":2816,"href":"https:\/\/agora.xtec.cat\/ceip-drseres-alpicat\/wp-json\/wp\/v2\/posts\/2615\/revisions\/2816"}],"wp:featuredmedia":[{"embeddable":true,"href":"https:\/\/agora.xtec.cat\/ceip-drseres-alpicat\/wp-json\/wp\/v2\/media\/2637"}],"wp:attachment":[{"href":"https:\/\/agora.xtec.cat\/ceip-drseres-alpicat\/wp-json\/wp\/v2\/media?parent=2615"}],"wp:term":[{"taxonomy":"category","embeddable":true,"href":"https:\/\/agora.xtec.cat\/ceip-drseres-alpicat\/wp-json\/wp\/v2\/categories?post=2615"},{"taxonomy":"post_tag","embeddable":true,"href":"https:\/\/agora.xtec.cat\/ceip-drseres-alpicat\/wp-json\/wp\/v2\/tags?post=2615"}],"curies":[{"name":"wp","href":"https:\/\/api.w.org\/{rel}","templated":true}]}}