{"id":2555,"date":"2023-02-02T20:20:32","date_gmt":"2023-02-02T19:20:32","guid":{"rendered":"https:\/\/agora.xtec.cat\/ceip-drseres-alpicat\/?p=2555"},"modified":"2023-02-03T10:09:27","modified_gmt":"2023-02-03T09:09:27","slug":"lescola-doctor-seres-als-mitjans-de-comunicacio","status":"publish","type":"post","link":"https:\/\/agora.xtec.cat\/ceip-drseres-alpicat\/general\/lescola-doctor-seres-als-mitjans-de-comunicacio\/","title":{"rendered":"L&#8217;escola Doctor Ser\u00e9s als mitjans de comunicaci\u00f3!"},"content":{"rendered":"<p>El projecte L\u00dc que ens ha proporcionat l&#8217;ajuntament d&#8217;Alpicat ha generat una gran expectaci\u00f3 entre els mitjans de comunicaci\u00f3 en els \u00faltims dies, ja que som l&#8217;\u00fanic poble a Cartalunya que t\u00e9 aquest recurs. Podeu veure les not\u00edcies als seg\u00fcents enlla\u00e7os:<\/p>\n<p style=\"text-align: center;\"><a href=\"https:\/\/www.ccma.cat\/tv3\/alacarta\/telenoticies-comarques\/educacio-fisica-i-matematiques-alhora-gracies-a-un-videojoc-escolar\/video\/6200591\/\">Not\u00edcia TV3<\/a><\/p>\n<p style=\"text-align: center;\"><a href=\"https:\/\/lleidatv.alacarta.cat\/connecta_lleida_pirineus\/capitol\/programa-357\">Not\u00edcia TV Lleida<\/a><\/p>\n<p style=\"text-align: center;\"><a href=\"https:\/\/www.alacarta.cat\/fetamida\/tall\/activitat-fisica-en-qualsevol-assignatura-projecte-lu\">Not\u00edcia alacarta.cat<\/a><\/p>\n<p><a href=\"https:\/\/agora.xtec.cat\/ceip-drseres-alpicat\/wp-content\/uploads\/usu1665\/2023\/02\/Captura-de-pantalla-2023-02-02-a-las-20.09.50-2.jpg\"><img loading=\"lazy\" decoding=\"async\" class=\"wp-image-2557 size-medium alignleft\" src=\"https:\/\/agora.xtec.cat\/ceip-drseres-alpicat\/wp-content\/uploads\/usu1665\/2023\/02\/Captura-de-pantalla-2023-02-02-a-las-20.09.50-2-300x183.jpg\" alt=\"\" width=\"300\" height=\"183\" srcset=\"https:\/\/agora.xtec.cat\/ceip-drseres-alpicat\/wp-content\/uploads\/usu1665\/2023\/02\/Captura-de-pantalla-2023-02-02-a-las-20.09.50-2-300x183.jpg 300w, https:\/\/agora.xtec.cat\/ceip-drseres-alpicat\/wp-content\/uploads\/usu1665\/2023\/02\/Captura-de-pantalla-2023-02-02-a-las-20.09.50-2-1024x624.jpg 1024w, https:\/\/agora.xtec.cat\/ceip-drseres-alpicat\/wp-content\/uploads\/usu1665\/2023\/02\/Captura-de-pantalla-2023-02-02-a-las-20.09.50-2-768x468.jpg 768w, https:\/\/agora.xtec.cat\/ceip-drseres-alpicat\/wp-content\/uploads\/usu1665\/2023\/02\/Captura-de-pantalla-2023-02-02-a-las-20.09.50-2-1536x936.jpg 1536w, https:\/\/agora.xtec.cat\/ceip-drseres-alpicat\/wp-content\/uploads\/usu1665\/2023\/02\/Captura-de-pantalla-2023-02-02-a-las-20.09.50-2-2048x1247.jpg 2048w\" sizes=\"auto, (max-width: 300px) 100vw, 300px\" \/><\/a><a href=\"https:\/\/agora.xtec.cat\/ceip-drseres-alpicat\/wp-content\/uploads\/usu1665\/2023\/02\/IMG_1582-2-scaled.jpeg\"><br \/>\n<img loading=\"lazy\" decoding=\"async\" class=\"wp-image-2558 size-medium aligncenter\" src=\"https:\/\/agora.xtec.cat\/ceip-drseres-alpicat\/wp-content\/uploads\/usu1665\/2023\/02\/IMG_1582-2-225x300.jpeg\" alt=\"\" width=\"225\" height=\"300\" srcset=\"https:\/\/agora.xtec.cat\/ceip-drseres-alpicat\/wp-content\/uploads\/usu1665\/2023\/02\/IMG_1582-2-225x300.jpeg 225w, https:\/\/agora.xtec.cat\/ceip-drseres-alpicat\/wp-content\/uploads\/usu1665\/2023\/02\/IMG_1582-2-768x1024.jpeg 768w, https:\/\/agora.xtec.cat\/ceip-drseres-alpicat\/wp-content\/uploads\/usu1665\/2023\/02\/IMG_1582-2-1152x1536.jpeg 1152w, https:\/\/agora.xtec.cat\/ceip-drseres-alpicat\/wp-content\/uploads\/usu1665\/2023\/02\/IMG_1582-2-1536x2048.jpeg 1536w, https:\/\/agora.xtec.cat\/ceip-drseres-alpicat\/wp-content\/uploads\/usu1665\/2023\/02\/IMG_1582-2-scaled.jpeg 1920w\" sizes=\"auto, (max-width: 225px) 100vw, 225px\" \/><\/a><\/p>\n<p>Moltes gr\u00e0cies ajuntament d&#8217;Alpicat per donar-nos la possibilitat de tenir aquest recurs tan profit\u00f3s per a tots els infants i als i les docents!<\/p>\n","protected":false},"excerpt":{"rendered":"<p>El projecte L\u00dc que ens ha proporcionat l&#8217;ajuntament d&#8217;Alpicat ha generat una gran expectaci\u00f3 entre els mitjans de comunicaci\u00f3 en els \u00faltims dies, ja que som l&#8217;\u00fanic poble a Cartalunya que t\u00e9 aquest recurs. Podeu veure les not\u00edcies als seg\u00fcents enlla\u00e7os:<br \/>\n<a href=\"https:\/\/www.ccma.cat\/tv3\/alacarta\/telenoticies-comarques\/educacio-fisica-i-matematiques-alhora-gracies-a-un-videojoc-escolar\/video\/6200591\/\">Not\u00edcia TV3<\/a><br \/>\n<a href=\"https:\/\/lleidatv.alacarta.cat\/connecta_lleida_pirineus\/capitol\/programa-357\">Not\u00edcia TV&hellip;  <a href=\"https:\/\/agora.xtec.cat\/ceip-drseres-alpicat\/general\/lescola-doctor-seres-als-mitjans-de-comunicacio\/\" title=\"Read L&#8217;escola Doctor Ser\u00e9s als mitjans de comunicaci\u00f3!\">Llegeix m\u00e9s\u00bb<\/a><\/p>\n","protected":false},"author":1,"featured_media":2558,"comment_status":"open","ping_status":"closed","sticky":false,"template":"","format":"standard","meta":{"_bbp_topic_count":0,"_bbp_reply_count":0,"_bbp_total_topic_count":0,"_bbp_total_reply_count":0,"_bbp_voice_count":0,"_bbp_anonymous_reply_count":0,"_bbp_topic_count_hidden":0,"_bbp_reply_count_hidden":0,"_bbp_forum_subforum_count":0,"footnotes":""},"categories":[1,2,4,5],"tags":[],"class_list":["post-2555","post","type-post","status-publish","format-standard","has-post-thumbnail","hentry","category-general","category-infantil","category-portada","category-primaria"],"post_mailing_queue_ids":[],"_links":{"self":[{"href":"https:\/\/agora.xtec.cat\/ceip-drseres-alpicat\/wp-json\/wp\/v2\/posts\/2555","targetHints":{"allow":["GET"]}}],"collection":[{"href":"https:\/\/agora.xtec.cat\/ceip-drseres-alpicat\/wp-json\/wp\/v2\/posts"}],"about":[{"href":"https:\/\/agora.xtec.cat\/ceip-drseres-alpicat\/wp-json\/wp\/v2\/types\/post"}],"author":[{"embeddable":true,"href":"https:\/\/agora.xtec.cat\/ceip-drseres-alpicat\/wp-json\/wp\/v2\/users\/1"}],"replies":[{"embeddable":true,"href":"https:\/\/agora.xtec.cat\/ceip-drseres-alpicat\/wp-json\/wp\/v2\/comments?post=2555"}],"version-history":[{"count":3,"href":"https:\/\/agora.xtec.cat\/ceip-drseres-alpicat\/wp-json\/wp\/v2\/posts\/2555\/revisions"}],"predecessor-version":[{"id":2583,"href":"https:\/\/agora.xtec.cat\/ceip-drseres-alpicat\/wp-json\/wp\/v2\/posts\/2555\/revisions\/2583"}],"wp:featuredmedia":[{"embeddable":true,"href":"https:\/\/agora.xtec.cat\/ceip-drseres-alpicat\/wp-json\/wp\/v2\/media\/2558"}],"wp:attachment":[{"href":"https:\/\/agora.xtec.cat\/ceip-drseres-alpicat\/wp-json\/wp\/v2\/media?parent=2555"}],"wp:term":[{"taxonomy":"category","embeddable":true,"href":"https:\/\/agora.xtec.cat\/ceip-drseres-alpicat\/wp-json\/wp\/v2\/categories?post=2555"},{"taxonomy":"post_tag","embeddable":true,"href":"https:\/\/agora.xtec.cat\/ceip-drseres-alpicat\/wp-json\/wp\/v2\/tags?post=2555"}],"curies":[{"name":"wp","href":"https:\/\/api.w.org\/{rel}","templated":true}]}}