{"id":2522,"date":"2022-12-01T12:23:04","date_gmt":"2022-12-01T11:23:04","guid":{"rendered":"https:\/\/agora.xtec.cat\/ceip-drseres-alpicat\/?p=2522"},"modified":"2022-12-01T12:23:04","modified_gmt":"2022-12-01T11:23:04","slug":"presentem-el-projecte-lu","status":"publish","type":"post","link":"https:\/\/agora.xtec.cat\/ceip-drseres-alpicat\/general\/presentem-el-projecte-lu\/","title":{"rendered":"Presentem el projecte L\u00dc"},"content":{"rendered":"<p>Hola! Hem sigut not\u00edcia a TV Lleida i \u00e9s que des de l&#8217;inici de curs gaudim d&#8217;un projecte pioner a Alpicat. Es tracta d&#8217;un gran projector que est\u00e0 installat a la sala de dalt del pavell\u00f3 i ofereix jocs educatius per a diferents edats. Gr\u00e0cies a l&#8217;ajuntament d&#8217;Alpicat hi tenim acc\u00e9s en diferents moments de l&#8217;horari lectiu i ja estem treballant amb aquesta eina educativa que permet\u00a0als infants a interactuar,\u00a0divertir-se i moure&#8217;s alhora que aprenen. Moltes gr\u00e0cies a l&#8217;ajuntament d&#8217;Alpicat per fer-ho possible!<\/p>\n<div style=\"width: 854px;\" class=\"wp-video\"><!--[if lt IE 9]><script>document.createElement('video');<\/script><![endif]-->\n<video class=\"wp-video-shortcode\" id=\"video-2522-1\" width=\"854\" height=\"480\" preload=\"metadata\" controls=\"controls\"><source type=\"video\/mp4\" src=\"https:\/\/agora.xtec.cat\/ceip-drseres-alpicat\/wp-content\/uploads\/usu1665\/2022\/12\/video-2022-11-28-12-13-56_BLkTiQap.mp4?_=1\" \/><a href=\"https:\/\/agora.xtec.cat\/ceip-drseres-alpicat\/wp-content\/uploads\/usu1665\/2022\/12\/video-2022-11-28-12-13-56_BLkTiQap.mp4\">https:\/\/agora.xtec.cat\/ceip-drseres-alpicat\/wp-content\/uploads\/usu1665\/2022\/12\/video-2022-11-28-12-13-56_BLkTiQap.mp4<\/a><\/video><\/div>\n<p>Si voleu m\u00e9s informaci\u00f3, podeu veure-la a <a href=\"https:\/\/www.youtube.com\/watch?v=GoU-DHapMpo\">youtube<\/a>. Gr\u00e0cies!<\/p>\n","protected":false},"excerpt":{"rendered":"<p>Hola! Hem sigut not\u00edcia a TV Lleida i \u00e9s que des de l&#8217;inici de curs gaudim d&#8217;un projecte pioner a Alpicat. Es tracta d&#8217;un gran projector que est\u00e0 installat a la sala de dalt del pavell\u00f3 i ofereix jocs educatius per a diferents edats. Gr\u00e0cies&hellip;  <a href=\"https:\/\/agora.xtec.cat\/ceip-drseres-alpicat\/general\/presentem-el-projecte-lu\/\" title=\"Read Presentem el projecte L\u00dc\">Llegeix m\u00e9s\u00bb<\/a><\/p>\n","protected":false},"author":1,"featured_media":2524,"comment_status":"open","ping_status":"closed","sticky":false,"template":"","format":"standard","meta":{"_bbp_topic_count":0,"_bbp_reply_count":0,"_bbp_total_topic_count":0,"_bbp_total_reply_count":0,"_bbp_voice_count":0,"_bbp_anonymous_reply_count":0,"_bbp_topic_count_hidden":0,"_bbp_reply_count_hidden":0,"_bbp_forum_subforum_count":0,"footnotes":""},"categories":[1,2,4,5],"tags":[],"class_list":["post-2522","post","type-post","status-publish","format-standard","has-post-thumbnail","hentry","category-general","category-infantil","category-portada","category-primaria"],"post_mailing_queue_ids":[],"_links":{"self":[{"href":"https:\/\/agora.xtec.cat\/ceip-drseres-alpicat\/wp-json\/wp\/v2\/posts\/2522","targetHints":{"allow":["GET"]}}],"collection":[{"href":"https:\/\/agora.xtec.cat\/ceip-drseres-alpicat\/wp-json\/wp\/v2\/posts"}],"about":[{"href":"https:\/\/agora.xtec.cat\/ceip-drseres-alpicat\/wp-json\/wp\/v2\/types\/post"}],"author":[{"embeddable":true,"href":"https:\/\/agora.xtec.cat\/ceip-drseres-alpicat\/wp-json\/wp\/v2\/users\/1"}],"replies":[{"embeddable":true,"href":"https:\/\/agora.xtec.cat\/ceip-drseres-alpicat\/wp-json\/wp\/v2\/comments?post=2522"}],"version-history":[{"count":1,"href":"https:\/\/agora.xtec.cat\/ceip-drseres-alpicat\/wp-json\/wp\/v2\/posts\/2522\/revisions"}],"predecessor-version":[{"id":2525,"href":"https:\/\/agora.xtec.cat\/ceip-drseres-alpicat\/wp-json\/wp\/v2\/posts\/2522\/revisions\/2525"}],"wp:featuredmedia":[{"embeddable":true,"href":"https:\/\/agora.xtec.cat\/ceip-drseres-alpicat\/wp-json\/wp\/v2\/media\/2524"}],"wp:attachment":[{"href":"https:\/\/agora.xtec.cat\/ceip-drseres-alpicat\/wp-json\/wp\/v2\/media?parent=2522"}],"wp:term":[{"taxonomy":"category","embeddable":true,"href":"https:\/\/agora.xtec.cat\/ceip-drseres-alpicat\/wp-json\/wp\/v2\/categories?post=2522"},{"taxonomy":"post_tag","embeddable":true,"href":"https:\/\/agora.xtec.cat\/ceip-drseres-alpicat\/wp-json\/wp\/v2\/tags?post=2522"}],"curies":[{"name":"wp","href":"https:\/\/api.w.org\/{rel}","templated":true}]}}