{"id":2485,"date":"2022-11-04T15:56:14","date_gmt":"2022-11-04T14:56:14","guid":{"rendered":"https:\/\/agora.xtec.cat\/ceip-drseres-alpicat\/?p=2485"},"modified":"2022-11-04T15:56:14","modified_gmt":"2022-11-04T14:56:14","slug":"formacio-fem-equip","status":"publish","type":"post","link":"https:\/\/agora.xtec.cat\/ceip-drseres-alpicat\/general\/formacio-fem-equip\/","title":{"rendered":"Formaci\u00f3 Fem equip!"},"content":{"rendered":"<p>El mes d&#8217;octubre el claustre de mestres vam iniciar una formaci\u00f3 amb din\u00e0miques de grup, que tracta de\u00a0flexibilitzar les relacions socials de les persones\u00a0participants, potenciar el coneixement entre les persones del grup, etc. El curs, impartit pel formador \u00c8ric Hern\u00e1ndez, ens est\u00e0 donant moltes eines i estrat\u00e8gies per a atendre l&#8217;alumnat i tamb\u00e9 per a prendre compromisos com a grup de docents.<\/p>\n<p><a href=\"https:\/\/agora.xtec.cat\/ceip-drseres-alpicat\/wp-content\/uploads\/usu1665\/2022\/11\/IMG_0545-scaled.jpg\"><img loading=\"lazy\" decoding=\"async\" class=\"alignnone size-large wp-image-2486\" src=\"https:\/\/agora.xtec.cat\/ceip-drseres-alpicat\/wp-content\/uploads\/usu1665\/2022\/11\/IMG_0545-1024x768.jpg\" alt=\"\" width=\"1024\" height=\"768\" srcset=\"https:\/\/agora.xtec.cat\/ceip-drseres-alpicat\/wp-content\/uploads\/usu1665\/2022\/11\/IMG_0545-1024x768.jpg 1024w, https:\/\/agora.xtec.cat\/ceip-drseres-alpicat\/wp-content\/uploads\/usu1665\/2022\/11\/IMG_0545-300x225.jpg 300w, https:\/\/agora.xtec.cat\/ceip-drseres-alpicat\/wp-content\/uploads\/usu1665\/2022\/11\/IMG_0545-768x576.jpg 768w, https:\/\/agora.xtec.cat\/ceip-drseres-alpicat\/wp-content\/uploads\/usu1665\/2022\/11\/IMG_0545-1536x1152.jpg 1536w, https:\/\/agora.xtec.cat\/ceip-drseres-alpicat\/wp-content\/uploads\/usu1665\/2022\/11\/IMG_0545-2048x1536.jpg 2048w, https:\/\/agora.xtec.cat\/ceip-drseres-alpicat\/wp-content\/uploads\/usu1665\/2022\/11\/IMG_0545-200x150.jpg 200w\" sizes=\"auto, (max-width: 1024px) 100vw, 1024px\" \/><\/a> <a href=\"https:\/\/agora.xtec.cat\/ceip-drseres-alpicat\/wp-content\/uploads\/usu1665\/2022\/11\/IMG_0551-scaled.jpg\"><img loading=\"lazy\" decoding=\"async\" class=\"alignnone size-large wp-image-2487\" src=\"https:\/\/agora.xtec.cat\/ceip-drseres-alpicat\/wp-content\/uploads\/usu1665\/2022\/11\/IMG_0551-1024x768.jpg\" alt=\"\" width=\"1024\" height=\"768\" srcset=\"https:\/\/agora.xtec.cat\/ceip-drseres-alpicat\/wp-content\/uploads\/usu1665\/2022\/11\/IMG_0551-1024x768.jpg 1024w, https:\/\/agora.xtec.cat\/ceip-drseres-alpicat\/wp-content\/uploads\/usu1665\/2022\/11\/IMG_0551-300x225.jpg 300w, https:\/\/agora.xtec.cat\/ceip-drseres-alpicat\/wp-content\/uploads\/usu1665\/2022\/11\/IMG_0551-768x576.jpg 768w, https:\/\/agora.xtec.cat\/ceip-drseres-alpicat\/wp-content\/uploads\/usu1665\/2022\/11\/IMG_0551-1536x1152.jpg 1536w, https:\/\/agora.xtec.cat\/ceip-drseres-alpicat\/wp-content\/uploads\/usu1665\/2022\/11\/IMG_0551-2048x1536.jpg 2048w, https:\/\/agora.xtec.cat\/ceip-drseres-alpicat\/wp-content\/uploads\/usu1665\/2022\/11\/IMG_0551-200x150.jpg 200w\" sizes=\"auto, (max-width: 1024px) 100vw, 1024px\" \/><\/a><\/p>\n<p>&nbsp;<\/p>\n","protected":false},"excerpt":{"rendered":"<p>El mes d&#8217;octubre el claustre de mestres vam iniciar una formaci\u00f3 amb din\u00e0miques de grup, que tracta de\u00a0flexibilitzar les relacions socials de les persones\u00a0participants, potenciar el coneixement entre les persones del grup, etc. El curs, impartit pel formador \u00c8ric Hern\u00e1ndez, ens est\u00e0 donant moltes eines&hellip;  <a href=\"https:\/\/agora.xtec.cat\/ceip-drseres-alpicat\/general\/formacio-fem-equip\/\" title=\"Read Formaci\u00f3 Fem equip!\">Llegeix m\u00e9s\u00bb<\/a><\/p>\n","protected":false},"author":1,"featured_media":2487,"comment_status":"open","ping_status":"closed","sticky":false,"template":"","format":"standard","meta":{"_bbp_topic_count":0,"_bbp_reply_count":0,"_bbp_total_topic_count":0,"_bbp_total_reply_count":0,"_bbp_voice_count":0,"_bbp_anonymous_reply_count":0,"_bbp_topic_count_hidden":0,"_bbp_reply_count_hidden":0,"_bbp_forum_subforum_count":0,"footnotes":""},"categories":[1,2,4,5],"tags":[],"class_list":["post-2485","post","type-post","status-publish","format-standard","has-post-thumbnail","hentry","category-general","category-infantil","category-portada","category-primaria"],"post_mailing_queue_ids":[],"_links":{"self":[{"href":"https:\/\/agora.xtec.cat\/ceip-drseres-alpicat\/wp-json\/wp\/v2\/posts\/2485","targetHints":{"allow":["GET"]}}],"collection":[{"href":"https:\/\/agora.xtec.cat\/ceip-drseres-alpicat\/wp-json\/wp\/v2\/posts"}],"about":[{"href":"https:\/\/agora.xtec.cat\/ceip-drseres-alpicat\/wp-json\/wp\/v2\/types\/post"}],"author":[{"embeddable":true,"href":"https:\/\/agora.xtec.cat\/ceip-drseres-alpicat\/wp-json\/wp\/v2\/users\/1"}],"replies":[{"embeddable":true,"href":"https:\/\/agora.xtec.cat\/ceip-drseres-alpicat\/wp-json\/wp\/v2\/comments?post=2485"}],"version-history":[{"count":1,"href":"https:\/\/agora.xtec.cat\/ceip-drseres-alpicat\/wp-json\/wp\/v2\/posts\/2485\/revisions"}],"predecessor-version":[{"id":2488,"href":"https:\/\/agora.xtec.cat\/ceip-drseres-alpicat\/wp-json\/wp\/v2\/posts\/2485\/revisions\/2488"}],"wp:featuredmedia":[{"embeddable":true,"href":"https:\/\/agora.xtec.cat\/ceip-drseres-alpicat\/wp-json\/wp\/v2\/media\/2487"}],"wp:attachment":[{"href":"https:\/\/agora.xtec.cat\/ceip-drseres-alpicat\/wp-json\/wp\/v2\/media?parent=2485"}],"wp:term":[{"taxonomy":"category","embeddable":true,"href":"https:\/\/agora.xtec.cat\/ceip-drseres-alpicat\/wp-json\/wp\/v2\/categories?post=2485"},{"taxonomy":"post_tag","embeddable":true,"href":"https:\/\/agora.xtec.cat\/ceip-drseres-alpicat\/wp-json\/wp\/v2\/tags?post=2485"}],"curies":[{"name":"wp","href":"https:\/\/api.w.org\/{rel}","templated":true}]}}