{"id":2443,"date":"2022-09-29T12:06:28","date_gmt":"2022-09-29T10:06:28","guid":{"rendered":"https:\/\/agora.xtec.cat\/ceip-drseres-alpicat\/?p=2443"},"modified":"2022-10-03T22:54:42","modified_gmt":"2022-10-03T20:54:42","slug":"reunio-dinici-de-curs","status":"publish","type":"post","link":"https:\/\/agora.xtec.cat\/ceip-drseres-alpicat\/general\/reunio-dinici-de-curs\/","title":{"rendered":"Reuni\u00f3 d&#8217;inici de curs"},"content":{"rendered":"<p>Benvolgudes fam\u00edlies de l&#8217;escola Doctor Ser\u00e9s,<\/p>\n<p>Us deixem la presentaci\u00f3 de la primera part de la reuni\u00f3 (amb la gravaci\u00f3 del v\u00eddeo inclosa) i l&#8217;enlla\u00e7 on hi ha tots els documents pdf:<\/p>\n<p><a href=\"https:\/\/drive.google.com\/drive\/u\/0\/folders\/1VuXwbQUgK7r2Mxx-xUBNP4c7OMJVbKn0\"><img loading=\"lazy\" decoding=\"async\" class=\"alignnone size-large wp-image-2444\" src=\"https:\/\/agora.xtec.cat\/ceip-drseres-alpicat\/wp-content\/uploads\/usu1665\/2022\/09\/Captura-de-Pantalla-2022-09-29-a-las-11.40.38-1024x520.png\" alt=\"\" width=\"1024\" height=\"520\" srcset=\"https:\/\/agora.xtec.cat\/ceip-drseres-alpicat\/wp-content\/uploads\/usu1665\/2022\/09\/Captura-de-Pantalla-2022-09-29-a-las-11.40.38-1024x520.png 1024w, https:\/\/agora.xtec.cat\/ceip-drseres-alpicat\/wp-content\/uploads\/usu1665\/2022\/09\/Captura-de-Pantalla-2022-09-29-a-las-11.40.38-300x152.png 300w, https:\/\/agora.xtec.cat\/ceip-drseres-alpicat\/wp-content\/uploads\/usu1665\/2022\/09\/Captura-de-Pantalla-2022-09-29-a-las-11.40.38-768x390.png 768w, https:\/\/agora.xtec.cat\/ceip-drseres-alpicat\/wp-content\/uploads\/usu1665\/2022\/09\/Captura-de-Pantalla-2022-09-29-a-las-11.40.38-1536x780.png 1536w, https:\/\/agora.xtec.cat\/ceip-drseres-alpicat\/wp-content\/uploads\/usu1665\/2022\/09\/Captura-de-Pantalla-2022-09-29-a-las-11.40.38-2048x1040.png 2048w\" sizes=\"auto, (max-width: 1024px) 100vw, 1024px\" \/><\/a><\/p>\n<p>Moltes gr\u00e0cies per l&#8217;assist\u00e8ncia!<\/p>\n","protected":false},"excerpt":{"rendered":"<p>Benvolgudes fam\u00edlies de l&#8217;escola Doctor Ser\u00e9s,<br \/>\nUs deixem la presentaci\u00f3 de la primera part de la reuni\u00f3 (amb la gravaci\u00f3 del v\u00eddeo inclosa) i l&#8217;enlla\u00e7 on hi ha tots els documents pdf:<br \/>\n<a href=\"https:\/\/drive.google.com\/drive\/u\/0\/folders\/1VuXwbQUgK7r2Mxx-xUBNP4c7OMJVbKn0\"><\/a><br \/>\nMoltes gr\u00e0cies per l&#8217;assist\u00e8ncia!<\/p>\n","protected":false},"author":1,"featured_media":0,"comment_status":"open","ping_status":"closed","sticky":false,"template":"","format":"standard","meta":{"_bbp_topic_count":0,"_bbp_reply_count":0,"_bbp_total_topic_count":0,"_bbp_total_reply_count":0,"_bbp_voice_count":0,"_bbp_anonymous_reply_count":0,"_bbp_topic_count_hidden":0,"_bbp_reply_count_hidden":0,"_bbp_forum_subforum_count":0,"footnotes":""},"categories":[1,4,5],"tags":[],"class_list":["post-2443","post","type-post","status-publish","format-standard","hentry","category-general","category-portada","category-primaria"],"post_mailing_queue_ids":[],"_links":{"self":[{"href":"https:\/\/agora.xtec.cat\/ceip-drseres-alpicat\/wp-json\/wp\/v2\/posts\/2443","targetHints":{"allow":["GET"]}}],"collection":[{"href":"https:\/\/agora.xtec.cat\/ceip-drseres-alpicat\/wp-json\/wp\/v2\/posts"}],"about":[{"href":"https:\/\/agora.xtec.cat\/ceip-drseres-alpicat\/wp-json\/wp\/v2\/types\/post"}],"author":[{"embeddable":true,"href":"https:\/\/agora.xtec.cat\/ceip-drseres-alpicat\/wp-json\/wp\/v2\/users\/1"}],"replies":[{"embeddable":true,"href":"https:\/\/agora.xtec.cat\/ceip-drseres-alpicat\/wp-json\/wp\/v2\/comments?post=2443"}],"version-history":[{"count":2,"href":"https:\/\/agora.xtec.cat\/ceip-drseres-alpicat\/wp-json\/wp\/v2\/posts\/2443\/revisions"}],"predecessor-version":[{"id":2446,"href":"https:\/\/agora.xtec.cat\/ceip-drseres-alpicat\/wp-json\/wp\/v2\/posts\/2443\/revisions\/2446"}],"wp:attachment":[{"href":"https:\/\/agora.xtec.cat\/ceip-drseres-alpicat\/wp-json\/wp\/v2\/media?parent=2443"}],"wp:term":[{"taxonomy":"category","embeddable":true,"href":"https:\/\/agora.xtec.cat\/ceip-drseres-alpicat\/wp-json\/wp\/v2\/categories?post=2443"},{"taxonomy":"post_tag","embeddable":true,"href":"https:\/\/agora.xtec.cat\/ceip-drseres-alpicat\/wp-json\/wp\/v2\/tags?post=2443"}],"curies":[{"name":"wp","href":"https:\/\/api.w.org\/{rel}","templated":true}]}}