{"id":2385,"date":"2023-07-27T10:45:38","date_gmt":"2023-07-27T08:45:38","guid":{"rendered":"https:\/\/agora.xtec.cat\/ceip-drseres-alpicat\/?p=2385"},"modified":"2023-10-04T16:13:59","modified_gmt":"2023-10-04T14:13:59","slug":"calendari-del-curs-2023-2024","status":"publish","type":"post","link":"https:\/\/agora.xtec.cat\/ceip-drseres-alpicat\/general\/calendari-del-curs-2023-2024\/","title":{"rendered":"Calendari del curs 2023-2024"},"content":{"rendered":"<p><a href=\"https:\/\/agora.xtec.cat\/ceip-drseres-alpicat\/general\/calendari-del-curs-2021-2022\/attachment\/images-3\/\" rel=\"attachment wp-att-2012\"><img loading=\"lazy\" decoding=\"async\" class=\"aligncenter size-full wp-image-2012\" src=\"https:\/\/agora.xtec.cat\/ceip-drseres-alpicat\/wp-content\/uploads\/usu1665\/2021\/07\/images.jpg\" alt=\"\" width=\"310\" height=\"162\" srcset=\"https:\/\/agora.xtec.cat\/ceip-drseres-alpicat\/wp-content\/uploads\/usu1665\/2021\/07\/images.jpg 310w, https:\/\/agora.xtec.cat\/ceip-drseres-alpicat\/wp-content\/uploads\/usu1665\/2021\/07\/images-300x157.jpg 300w\" sizes=\"auto, (max-width: 310px) 100vw, 310px\" \/><\/a><\/p>\n<header class=\"entry-header\">\n<h1 class=\"entry-title\">Calendari del curs<\/h1>\n<\/header>\n<div class=\"entry-content\">\n<h4><strong>Inici del curs:<\/strong><\/h4>\n<p>6 de setembre de 2023<\/p>\n<h4><strong>Finalitzaci\u00f3 del curs:<\/strong><\/h4>\n<p>21 de juny de 2024<\/p>\n<h4><strong>Vacances:<\/strong><\/h4>\n<p>Del 21 de desembre de 2023 al 7 de gener de 2024 (ambd\u00f3s inclosos): vacances de Nadal<\/p>\n<p>Del 23 de mar\u00e7 a l&#8217;1 d\u2019abril de 2024 (ambd\u00f3s inclosos): vacances de Setmana Santa<\/p>\n<h4><strong>Dies festius de lliure disposici\u00f3:<\/strong><\/h4>\n<p>13 d&#8217;octubre de 2023<\/p>\n<p>7 de desembre de 2023<\/p>\n<p>19 d&#8217;abril de 2024<\/p>\n<p>13 de maig de 2024<\/p>\n<h4><strong>Dies festius locals:<\/strong><\/h4>\n<p>19 de gener de 2024<\/p>\n<p>12 de febrer de 2024<\/p>\n<h4><strong>Jornada continuada:<\/strong><\/h4>\n<p>El 20 de desembre de 2023 i del 5 al 21 de juny de 2024, es realitza jornada continuada de 9 a 13h i els alumnes que utilitzen el servei de menjador surten a les 15h.<\/p>\n<h4><strong>Horari:<\/strong><\/h4>\n<p>L\u2019<b>horari lectiu<\/b> del centre \u00e9s de 9 a 12.30 h i de 15 a 16.30 h per a tots els alumnes del centre.<\/p>\n<p>Pels alumnes que inicien l\u2019escolaritzaci\u00f3 a P3 s\u2019organitza un breu per\u00edode d\u2019adaptaci\u00f3, que suposa una certa modificaci\u00f3 dels horaris la primera setmana de curs, i que es fa saber a les fam\u00edlies en les reunions pr\u00e8vies corresponents.<\/p>\n<p><a href=\"https:\/\/agora.xtec.cat\/ceip-drseres-alpicat\/wp-content\/uploads\/usu1665\/2023\/07\/1-Calendari-curs-actual.pdf\">Calendari curs actual<\/a><\/p>\n<\/div>\n","protected":false},"excerpt":{"rendered":"<p>Inici del curs:<br \/>\nFinalitzaci\u00f3 del curs:<br \/>\nVacances:<br \/>\nDies festius de lliure disposici\u00f3:<br \/>\nDies festius locals:<br \/>\nJornada continuada:<br \/>\nHorari:&hellip;  <a href=\"https:\/\/agora.xtec.cat\/ceip-drseres-alpicat\/general\/calendari-del-curs-2023-2024\/\" title=\"Read Calendari del curs 2023-2024\">Llegeix m\u00e9s\u00bb<\/a><\/p>\n","protected":false},"author":1,"featured_media":2012,"comment_status":"closed","ping_status":"closed","sticky":false,"template":"","format":"standard","meta":{"_bbp_topic_count":0,"_bbp_reply_count":0,"_bbp_total_topic_count":0,"_bbp_total_reply_count":0,"_bbp_voice_count":0,"_bbp_anonymous_reply_count":0,"_bbp_topic_count_hidden":0,"_bbp_reply_count_hidden":0,"_bbp_forum_subforum_count":0,"footnotes":""},"categories":[1,4],"tags":[118],"class_list":["post-2385","post","type-post","status-publish","format-standard","has-post-thumbnail","hentry","category-general","category-portada","tag-calendari-escolar"],"post_mailing_queue_ids":[],"_links":{"self":[{"href":"https:\/\/agora.xtec.cat\/ceip-drseres-alpicat\/wp-json\/wp\/v2\/posts\/2385","targetHints":{"allow":["GET"]}}],"collection":[{"href":"https:\/\/agora.xtec.cat\/ceip-drseres-alpicat\/wp-json\/wp\/v2\/posts"}],"about":[{"href":"https:\/\/agora.xtec.cat\/ceip-drseres-alpicat\/wp-json\/wp\/v2\/types\/post"}],"author":[{"embeddable":true,"href":"https:\/\/agora.xtec.cat\/ceip-drseres-alpicat\/wp-json\/wp\/v2\/users\/1"}],"replies":[{"embeddable":true,"href":"https:\/\/agora.xtec.cat\/ceip-drseres-alpicat\/wp-json\/wp\/v2\/comments?post=2385"}],"version-history":[{"count":3,"href":"https:\/\/agora.xtec.cat\/ceip-drseres-alpicat\/wp-json\/wp\/v2\/posts\/2385\/revisions"}],"predecessor-version":[{"id":2922,"href":"https:\/\/agora.xtec.cat\/ceip-drseres-alpicat\/wp-json\/wp\/v2\/posts\/2385\/revisions\/2922"}],"wp:featuredmedia":[{"embeddable":true,"href":"https:\/\/agora.xtec.cat\/ceip-drseres-alpicat\/wp-json\/wp\/v2\/media\/2012"}],"wp:attachment":[{"href":"https:\/\/agora.xtec.cat\/ceip-drseres-alpicat\/wp-json\/wp\/v2\/media?parent=2385"}],"wp:term":[{"taxonomy":"category","embeddable":true,"href":"https:\/\/agora.xtec.cat\/ceip-drseres-alpicat\/wp-json\/wp\/v2\/categories?post=2385"},{"taxonomy":"post_tag","embeddable":true,"href":"https:\/\/agora.xtec.cat\/ceip-drseres-alpicat\/wp-json\/wp\/v2\/tags?post=2385"}],"curies":[{"name":"wp","href":"https:\/\/api.w.org\/{rel}","templated":true}]}}