{"id":2361,"date":"2022-07-08T13:18:12","date_gmt":"2022-07-08T11:18:12","guid":{"rendered":"https:\/\/agora.xtec.cat\/ceip-drseres-alpicat\/?p=2361"},"modified":"2022-07-08T13:18:37","modified_gmt":"2022-07-08T11:18:37","slug":"families-nouvingudes-de-p3","status":"publish","type":"post","link":"https:\/\/agora.xtec.cat\/ceip-drseres-alpicat\/general\/families-nouvingudes-de-p3\/","title":{"rendered":"Fam\u00edlies nouvingudes de P3"},"content":{"rendered":"<p>Benvolgudes fam\u00edlies de P3 d\u2019Educaci\u00f3 Infantil,<span class=\"Apple-converted-space\">\u00a0<\/span><\/p>\n<p>En primer lloc, donar-vos la benvinguda al centre, \u00e9s un plaer rebre-us i que formeu part de la comunitat educativa de l\u2019escola Doctor Ser\u00e9s (<a href=\"https:\/\/agora.xtec.cat\/ceip-drseres-alpicat\/wp-content\/uploads\/usu1665\/2022\/07\/1.-Benvinguda.pdf\">1. Benvinguda<\/a>).<span class=\"Apple-converted-space\">\u00a0<\/span><\/p>\n<p>L\u2019objectiu d\u2019aquest article \u00e9s donar-vos a con\u00e8ixer la din\u00e0mica d\u2019Educaci\u00f3 Infantil, sobretot pel que fa als primers dies d\u2019escola i fer-vos cinc c\u00e8ntims de les normes de funcionament necess\u00e0ries per afavorir l\u2019adaptaci\u00f3 dels vostres fills i filles (documents adaptaci\u00f3 (<a href=\"https:\/\/agora.xtec.cat\/ceip-drseres-alpicat\/wp-content\/uploads\/usu1665\/2022\/07\/2.-L_Educacio-Infantil-una-nova-etapa.pdf\">2. L_Educaci\u00f3 Infantil, una nova etapa<\/a> <a href=\"https:\/\/agora.xtec.cat\/ceip-drseres-alpicat\/wp-content\/uploads\/usu1665\/2022\/07\/3.-L_adaptacio-a-lescola.pdf\">3. L_adaptaci\u00f3 a lescola<\/a>).<\/p>\n<p><b>PER A COMEN\u00c7AR EL CURS<span class=\"Apple-converted-space\">\u00a0<\/span><\/b><\/p>\n<p>La previsi\u00f3 \u00e9s que el curs 2022\/23 tinguem dos grups amb dues aules de P3, el grup de P3 A i el grup de P3 B. Els alumnes es distribuiran de forma heterog\u00e8nia i amb criteris pedag\u00f2gics entre aquests dos grups. Els grups encara no s\u2019han fet perqu\u00e8 el proc\u00e9s d\u2019admissi\u00f3 de matr\u00edcules encara no s\u2019ha tancat. Tant bon punt s\u2019hagi fet el tancament, es crearan els google grups i sabreu en quin dels dos grups va el vostre\/a fill\/a. Quan sapigueu el grup, tamb\u00e9 us informarem de com farem l\u2019adaptaci\u00f3 a l\u2019escola durant la primera setmana de setembre.<span class=\"Apple-converted-space\">\u00a0<\/span><\/p>\n<p>Durant dia <strong>1 i 2 de setembre<\/strong> realitzarem les tutories amb les fam\u00edlies del grup; si \u00e9s el cas que no us va b\u00e9 la data i hora que us proposarem, la farem m\u00e9s endavant. En aquestes tutories haureu de portar en una bossa gran de roba i marcada amb el nom, heu de posar una <b>muda de roba complerta <\/b>per si cal canviar el\/la nen\/a. Penseu que al canvi d\u2019estaci\u00f3 caldr\u00e0 renovar la muda.<span class=\"Apple-converted-space\">\u00a0<\/span><\/p>\n<p>Durant l\u2019\u00faltima setmana d\u2019agost rebreu el <b>q\u00fcestionari inicial de P3 <\/b>omplert. \u00c9s molt important que no l\u2019ompliu abans d\u2019aquestes dates, ja que durant l\u2019estiu es poden produir canvis substancials en l\u2019evoluci\u00f3 dels infants.<span class=\"Apple-converted-space\">\u00a0<\/span><\/p>\n<p>Recordem que ens cal un total de <b>6 fotografies de carnet<\/b>: 3 fotografies per l\u2019escola i 3 pel menjador escolar (tant si preveieu que es quedi, com si no) o b\u00e9 les envieu digitalment per correu electr\u00f2nic. Totes les fotografies en paper han de portar el nom i cognoms del nen\/a al darrere.<span class=\"Apple-converted-space\">\u00a0<\/span><\/p>\n<p><b>HORARI<span class=\"Apple-converted-space\">\u00a0<\/span><\/b><\/p>\n<p>Des del dia 5 de setembre que comen\u00e7a el curs escolar fins al 30 de semtembre de 2022 l\u2019horari ser\u00e0 de les <b>9h a les 13h<\/b>. La resta del curs l\u2019horari ser\u00e0 de 9h a 12.30h i de 15h a 16.30h.<span class=\"Apple-converted-space\">\u00a0<\/span><\/p>\n<p>Els dies festius del centre i altres informacions importants els podran consultar a la web del centre. <b><span class=\"Apple-converted-space\">\u00a0<\/span><\/b><\/p>\n<p>Els nens\/es de P3 hauran d\u2019entrar i sortir per la porta que dona a la Pla\u00e7a Gaud\u00ed (davant de la rotonda). Us demanem m\u00e0xima puntualitat, ja que l\u2019entrada ser\u00e0 de les 8.55h a les 9hl. <b>Recordem a les fam\u00edlies que no es pot aparcar ni parar al voltant de la rotonda, ja que hem d\u2019afavorir la circulaci\u00f3 i flu\u00efdesa de tot el tr\u00e0nsit. <\/b>Al costat de l\u2019escola hi ha un descampat ideal per a deixar el cotxe i anar fins a la porta del centre educatiu.<span class=\"Apple-converted-space\">\u00a0<\/span><\/p>\n<p><b>ADAPTACI\u00d3<span class=\"Apple-converted-space\">\u00a0<\/span><\/b><\/p>\n<p>Per tal d\u2019afavorir l\u2019adaptaci\u00f3 dels infants a l\u2019escola, durant els dies 5, 6, 7 i 8 de setembre els i les alumnes de cada classe es repartiran en 2 grups:<span class=\"Apple-converted-space\">\u00a0<\/span><\/p>\n<p>. El <b>grup 1 <\/b>assistir\u00e0 al centre els dies 5 i 7 de setembre de 9 a 13h.<span class=\"Apple-converted-space\">\u00a0<\/span><\/p>\n<p>. El <b>grup 2 <\/b>assistir\u00e0 al centre els dies 6 i 8 de setembre de 9 a 13h.<span class=\"Apple-converted-space\">\u00a0<\/span><\/p>\n<p>Aquests 4 dies recomanem que els infants no es quedin al menjador.<span class=\"Apple-converted-space\">\u00a0A partir del divendres 9 de setembre tots i totes les alumnes assistiran a l&#8217;escola de forma habitual.<\/span><\/p>\n<p><b>MATERIAL<span class=\"Apple-converted-space\">\u00a0<\/span><\/b><\/p>\n<p>Les bates escolars es poden comprar a la botiga Segle XX: c\/ Lleida, 102 d\u2019Alpicat. Tel\u00e8fon de contacte: 973046523. Aquestes bates de l\u2019alumnat han de dur una beta llarga per penjar-la i \u00e9s molt important que estiguin marcades amb el nom del\/la nen\/a. Seria convenient que el primer bot\u00f3 de la bata i trau fos de colors: blau, roig,&#8230; aix\u00f2 ajudar\u00e0 al nen\/a a trobar-la m\u00e9s r\u00e0pidament.<span class=\"Apple-converted-space\">\u00a0<\/span><\/p>\n<p>Material que caldr\u00e0 portar:<span class=\"Apple-converted-space\">\u00a0<\/span><\/p>\n<ul>\n<li><b>Cada dia de la setmana <\/b>hauran de portar una motxilla petita sense rodes amb l\u2019esmorzar, una ampolla d\u2019aigua i un tovall\u00f3. Tot ha d\u2019estar marcat amb el nom del\/la nen\/a.<span class=\"Apple-converted-space\">\u00a0<\/span><\/li>\n<li>Cada <b>divendres <\/b>els nens\/es s\u2019emportaran la bata a casa per netejar-la i la duran a l\u2019escola cada dilluns.<span class=\"Apple-converted-space\">\u00a0<\/span><\/li>\n<\/ul>\n<p>\u00c9s molt important que les jaquetes, anoracs, xandall de l\u2019escola, bufandes, gorros, guants&#8230; que el\/la nen\/a dugui, estiguin marcades amb el nom i amb una beta llarga per poder-los penjar correctament.<span class=\"Apple-converted-space\">\u00a0<\/span><\/p>\n<p>El nen\/a ha de venir a l\u2019escola amb roba c\u00f2moda, evitant cinturons, petos, etc. S\u00f3n millors les gomes que els botons&#8230; la ra\u00f3 \u00e9s senzilla, aix\u00ed adquireixen m\u00e9s autonomia a l\u2019hora d\u2019anar al lavabo, se senten m\u00e9s grans, ja que no necessiten l\u2019ajuda dels altres.<span class=\"Apple-converted-space\">\u00a0<\/span><\/p>\n<p><b>ESMORZAR <\/b><b><span class=\"Apple-converted-space\">\u00a0<\/span><\/b><\/p>\n<p>L\u2019horari d\u2019esmorzar ser\u00e0 de 10.40h a 11h a dins la classe, abans de sortir al pati.<span class=\"Apple-converted-space\">\u00a0<\/span><\/p>\n<p>\u00c9s una norma de tot el cicle d\u2019Educaci\u00f3 Infantil que no es portin sucs, l\u00e0ctics ni esmorzars de cullera.<span class=\"Apple-converted-space\">\u00a0<\/span><\/p>\n<p><b>CONSIDERACIONS FINALS<span class=\"Apple-converted-space\">\u00a0<\/span><\/b><\/p>\n<p>Si algun\/a nen\/a t\u00e9 alguna al\u00b7l\u00e8rgia o algun altre tret destacable, cal comunicar-ho a la tutora el m\u00e9s aviat possible; si m\u00e9s no, durant els primers dies del curs, us donarem un document per a omplir amb tots els detalls.<span class=\"Apple-converted-space\">\u00a0<\/span><\/p>\n<p>Donat que hi ha diversos alumnes amb al\u00b7l\u00e8rgies aliment\u00e0ries, no se celebraran els aniversaris a l\u2019escola; per tant, la celebraci\u00f3 es realitzar\u00e0 des de l\u2019aspecte l\u00fadic-pedag\u00f2gic.<span class=\"Apple-converted-space\">\u00a0<\/span><\/p>\n<p>No es permet portar regals individuals per cada nen\/a, aix\u00ed com invitacions personals per realitzar celebracions a fora del centre escolar.<span class=\"Apple-converted-space\">\u00a0<\/span><\/p>\n<p>Moltes vegades els nens\/es porten joguines a l\u2019aula i algun cop es trenquen. Per evitar cap disgust innecessari us demanem la vostra col\u00b7laboraci\u00f3, per a que els vostres fills\/es deixin les joguines a casa. A l\u2019escola ja n\u2019hi ha moltes que podran gaudir tota la jornada escolar.<\/p>\n<p><span class=\"Apple-converted-space\"><b>MENJADOR ESCOLAR<\/b><\/span><\/p>\n<p>Si voleu obtenir informaci\u00f3 del menjador escolar, podeu trobar-la a la seva <a href=\"https:\/\/oldimar.com\">web<\/a>.<\/p>\n<p>AMPA<\/p>\n<p>Per a informaci\u00f3 de l&#8217;AMPA, podeu consultar-la a la seva <a href=\"https:\/\/www.ampadoctorseres.cat\/\">web<\/a>.<\/p>\n<p><b>Moltes gr\u00e0cies!<\/b><\/p>\n<p><a href=\"https:\/\/agora.xtec.cat\/ceip-drseres-alpicat\/wp-content\/uploads\/usu1665\/2022\/07\/Joan-Turu.jpg\"><img loading=\"lazy\" decoding=\"async\" class=\"size-full wp-image-2366 aligncenter\" src=\"https:\/\/agora.xtec.cat\/ceip-drseres-alpicat\/wp-content\/uploads\/usu1665\/2022\/07\/Joan-Turu.jpg\" alt=\"\" width=\"640\" height=\"376\" srcset=\"https:\/\/agora.xtec.cat\/ceip-drseres-alpicat\/wp-content\/uploads\/usu1665\/2022\/07\/Joan-Turu.jpg 640w, https:\/\/agora.xtec.cat\/ceip-drseres-alpicat\/wp-content\/uploads\/usu1665\/2022\/07\/Joan-Turu-300x176.jpg 300w\" sizes=\"auto, (max-width: 640px) 100vw, 640px\" \/><\/a><\/p>\n<p>&nbsp;<\/p>\n<p>&nbsp;<\/p>\n","protected":false},"excerpt":{"rendered":"<p>Benvolgudes fam\u00edlies de P3 d\u2019Educaci\u00f3 Infantil,\u00a0<br \/>\nEn primer lloc, donar-vos la benvinguda al centre, \u00e9s un plaer rebre-us i que formeu part de la comunitat educativa de l\u2019escola Doctor Ser\u00e9s (<a href=\"https:\/\/agora.xtec.cat\/ceip-drseres-alpicat\/wp-content\/uploads\/usu1665\/2022\/07\/1.-Benvinguda.pdf\">1. Benvinguda<\/a>).\u00a0<br \/>\nL\u2019objectiu d\u2019aquest article \u00e9s donar-vos a con\u00e8ixer la din\u00e0mica d\u2019Educaci\u00f3 Infantil, sobretot pel que&hellip;  <a href=\"https:\/\/agora.xtec.cat\/ceip-drseres-alpicat\/general\/families-nouvingudes-de-p3\/\" title=\"Read Fam\u00edlies nouvingudes de P3\">Llegeix m\u00e9s\u00bb<\/a><\/p>\n","protected":false},"author":1,"featured_media":2366,"comment_status":"open","ping_status":"closed","sticky":false,"template":"","format":"standard","meta":{"_bbp_topic_count":0,"_bbp_reply_count":0,"_bbp_total_topic_count":0,"_bbp_total_reply_count":0,"_bbp_voice_count":0,"_bbp_anonymous_reply_count":0,"_bbp_topic_count_hidden":0,"_bbp_reply_count_hidden":0,"_bbp_forum_subforum_count":0,"footnotes":""},"categories":[1,2,4,5],"tags":[],"class_list":["post-2361","post","type-post","status-publish","format-standard","has-post-thumbnail","hentry","category-general","category-infantil","category-portada","category-primaria"],"post_mailing_queue_ids":[],"_links":{"self":[{"href":"https:\/\/agora.xtec.cat\/ceip-drseres-alpicat\/wp-json\/wp\/v2\/posts\/2361","targetHints":{"allow":["GET"]}}],"collection":[{"href":"https:\/\/agora.xtec.cat\/ceip-drseres-alpicat\/wp-json\/wp\/v2\/posts"}],"about":[{"href":"https:\/\/agora.xtec.cat\/ceip-drseres-alpicat\/wp-json\/wp\/v2\/types\/post"}],"author":[{"embeddable":true,"href":"https:\/\/agora.xtec.cat\/ceip-drseres-alpicat\/wp-json\/wp\/v2\/users\/1"}],"replies":[{"embeddable":true,"href":"https:\/\/agora.xtec.cat\/ceip-drseres-alpicat\/wp-json\/wp\/v2\/comments?post=2361"}],"version-history":[{"count":2,"href":"https:\/\/agora.xtec.cat\/ceip-drseres-alpicat\/wp-json\/wp\/v2\/posts\/2361\/revisions"}],"predecessor-version":[{"id":2368,"href":"https:\/\/agora.xtec.cat\/ceip-drseres-alpicat\/wp-json\/wp\/v2\/posts\/2361\/revisions\/2368"}],"wp:featuredmedia":[{"embeddable":true,"href":"https:\/\/agora.xtec.cat\/ceip-drseres-alpicat\/wp-json\/wp\/v2\/media\/2366"}],"wp:attachment":[{"href":"https:\/\/agora.xtec.cat\/ceip-drseres-alpicat\/wp-json\/wp\/v2\/media?parent=2361"}],"wp:term":[{"taxonomy":"category","embeddable":true,"href":"https:\/\/agora.xtec.cat\/ceip-drseres-alpicat\/wp-json\/wp\/v2\/categories?post=2361"},{"taxonomy":"post_tag","embeddable":true,"href":"https:\/\/agora.xtec.cat\/ceip-drseres-alpicat\/wp-json\/wp\/v2\/tags?post=2361"}],"curies":[{"name":"wp","href":"https:\/\/api.w.org\/{rel}","templated":true}]}}