{"id":2358,"date":"2022-07-08T09:21:31","date_gmt":"2022-07-08T07:21:31","guid":{"rendered":"https:\/\/agora.xtec.cat\/ceip-drseres-alpicat\/?p=2358"},"modified":"2022-07-08T09:22:01","modified_gmt":"2022-07-08T07:22:01","slug":"ens-acomiadem-del-curs","status":"publish","type":"post","link":"https:\/\/agora.xtec.cat\/ceip-drseres-alpicat\/general\/ens-acomiadem-del-curs\/","title":{"rendered":"Ens acomiadem del curs"},"content":{"rendered":"<div><span style=\"font-size: large;\">Ha arribat el moment de tancar el curs 2021\/22. Al llarg d&#8217;aquest curs hem viscut moments de tota manera, per\u00f2 el que tenim clar \u00e9s que entre tots i totes hem fet la feina m\u00e9s f\u00e0cil, fent pinya. Si mirem enrere, segur que podr\u00edem canviar algunes coses o ho podr\u00edem haver fet diferent, per\u00f2 hem aconseguit carregar la motxilla d&#8217;aprenentatges, de reflexions, de tutories, de conviv\u00e8ncia,&#8230; i aix\u00f2 tamb\u00e9 ha sigut gr\u00e0cies al vostre recolzament, col\u00b7laboraci\u00f3 i acompanyament. \u00c9s per aquest motiu que us volem agrair de tot el cor el suport rebut durant aquest curs.<\/span><\/div>\n<div><span style=\"font-size: large;\">Desitgem que gaudiu d&#8217;aquest estiu amb els\/les vostres fills\/es amb moltes ganes!<\/span><\/div>\n<div><span style=\"font-size: large;\">\u00a0<\/span><\/div>\n<div><span style=\"font-size: large;\">Moltes gr\u00e0cies, fam\u00edlies!<\/span><\/div>\n<div><\/div>\n<div><a href=\"https:\/\/agora.xtec.cat\/ceip-drseres-alpicat\/wp-content\/uploads\/usu1665\/2022\/07\/08d283ff0a60c805a16a4066462c6181.jpg\"><img loading=\"lazy\" decoding=\"async\" class=\"size-large wp-image-2359 aligncenter\" src=\"https:\/\/agora.xtec.cat\/ceip-drseres-alpicat\/wp-content\/uploads\/usu1665\/2022\/07\/08d283ff0a60c805a16a4066462c6181-724x1024.jpg\" alt=\"\" width=\"724\" height=\"1024\" srcset=\"https:\/\/agora.xtec.cat\/ceip-drseres-alpicat\/wp-content\/uploads\/usu1665\/2022\/07\/08d283ff0a60c805a16a4066462c6181-724x1024.jpg 724w, https:\/\/agora.xtec.cat\/ceip-drseres-alpicat\/wp-content\/uploads\/usu1665\/2022\/07\/08d283ff0a60c805a16a4066462c6181-212x300.jpg 212w, https:\/\/agora.xtec.cat\/ceip-drseres-alpicat\/wp-content\/uploads\/usu1665\/2022\/07\/08d283ff0a60c805a16a4066462c6181-768x1087.jpg 768w, https:\/\/agora.xtec.cat\/ceip-drseres-alpicat\/wp-content\/uploads\/usu1665\/2022\/07\/08d283ff0a60c805a16a4066462c6181.jpg 843w\" sizes=\"auto, (max-width: 724px) 100vw, 724px\" \/><\/a><\/div>\n<div><\/div>\n","protected":false},"excerpt":{"rendered":"<p>Ha arribat el moment de tancar el curs 2021\/22. Al llarg d&#8217;aquest curs hem viscut moments de tota manera, per\u00f2 el que tenim clar \u00e9s que entre tots i totes hem fet la feina m\u00e9s f\u00e0cil, fent pinya. Si mirem enrere, segur que podr\u00edem canviar&hellip;  <a href=\"https:\/\/agora.xtec.cat\/ceip-drseres-alpicat\/general\/ens-acomiadem-del-curs\/\" title=\"Read Ens acomiadem del curs\">Llegeix m\u00e9s\u00bb<\/a><\/p>\n","protected":false},"author":1,"featured_media":2359,"comment_status":"open","ping_status":"closed","sticky":false,"template":"","format":"standard","meta":{"_bbp_topic_count":0,"_bbp_reply_count":0,"_bbp_total_topic_count":0,"_bbp_total_reply_count":0,"_bbp_voice_count":0,"_bbp_anonymous_reply_count":0,"_bbp_topic_count_hidden":0,"_bbp_reply_count_hidden":0,"_bbp_forum_subforum_count":0,"footnotes":""},"categories":[1,2,4,5],"tags":[],"class_list":["post-2358","post","type-post","status-publish","format-standard","has-post-thumbnail","hentry","category-general","category-infantil","category-portada","category-primaria"],"post_mailing_queue_ids":[],"_links":{"self":[{"href":"https:\/\/agora.xtec.cat\/ceip-drseres-alpicat\/wp-json\/wp\/v2\/posts\/2358","targetHints":{"allow":["GET"]}}],"collection":[{"href":"https:\/\/agora.xtec.cat\/ceip-drseres-alpicat\/wp-json\/wp\/v2\/posts"}],"about":[{"href":"https:\/\/agora.xtec.cat\/ceip-drseres-alpicat\/wp-json\/wp\/v2\/types\/post"}],"author":[{"embeddable":true,"href":"https:\/\/agora.xtec.cat\/ceip-drseres-alpicat\/wp-json\/wp\/v2\/users\/1"}],"replies":[{"embeddable":true,"href":"https:\/\/agora.xtec.cat\/ceip-drseres-alpicat\/wp-json\/wp\/v2\/comments?post=2358"}],"version-history":[{"count":1,"href":"https:\/\/agora.xtec.cat\/ceip-drseres-alpicat\/wp-json\/wp\/v2\/posts\/2358\/revisions"}],"predecessor-version":[{"id":2360,"href":"https:\/\/agora.xtec.cat\/ceip-drseres-alpicat\/wp-json\/wp\/v2\/posts\/2358\/revisions\/2360"}],"wp:featuredmedia":[{"embeddable":true,"href":"https:\/\/agora.xtec.cat\/ceip-drseres-alpicat\/wp-json\/wp\/v2\/media\/2359"}],"wp:attachment":[{"href":"https:\/\/agora.xtec.cat\/ceip-drseres-alpicat\/wp-json\/wp\/v2\/media?parent=2358"}],"wp:term":[{"taxonomy":"category","embeddable":true,"href":"https:\/\/agora.xtec.cat\/ceip-drseres-alpicat\/wp-json\/wp\/v2\/categories?post=2358"},{"taxonomy":"post_tag","embeddable":true,"href":"https:\/\/agora.xtec.cat\/ceip-drseres-alpicat\/wp-json\/wp\/v2\/tags?post=2358"}],"curies":[{"name":"wp","href":"https:\/\/api.w.org\/{rel}","templated":true}]}}