{"id":2349,"date":"2022-06-13T12:29:19","date_gmt":"2022-06-13T10:29:19","guid":{"rendered":"https:\/\/agora.xtec.cat\/ceip-drseres-alpicat\/?p=2349"},"modified":"2022-06-13T12:37:10","modified_gmt":"2022-06-13T10:37:10","slug":"entre-tots-transformem-el-pati-de-lescola","status":"publish","type":"post","link":"https:\/\/agora.xtec.cat\/ceip-drseres-alpicat\/general\/entre-tots-transformem-el-pati-de-lescola\/","title":{"rendered":"Entre tots, transformem el pati de l&#8217;escola"},"content":{"rendered":"<p style=\"font-weight: 400;\"><strong>Les fam\u00edlies de l\u2019escola Doctors Ser\u00e9s s\u2019impliquen en les millores del pati d\u2019Educaci\u00f3 Infantil.<\/strong><\/p>\n<p style=\"font-weight: 400;\">El passat dissabte, 21 de maig, a l\u2019escola Doctor Ser\u00e9s, es va dur a terme el projecte de remodelaci\u00f3 d\u2019alguns dels patis d\u2019Educaci\u00f3 Infantil, en el qual van intervenir, diferents membres de la comunitat educativa: alumnes, fam\u00edlies, mestres i membres de l\u2019Ajuntament i representants de l\u2019AMPA.<\/p>\n<p style=\"font-weight: 400;\">L\u2019objectiu d\u2019aquesta activitat es deu al fet que des de l\u2019escola, i aix\u00ed mateix des de l\u2019AMPA, es creu que la necessitat que les estones d\u2019esbarjo siguin espais on es generi, tamb\u00e9, l\u2019acc\u00e9s a la cultura, generin experi\u00e8ncies d\u2019aprenentatge i es treballin els valors. \u00c9s per aix\u00f2 que s\u2019ofereixen diferents propostes que promouen que l\u2019hora del pati sigui un espai obert a diferents interessos dels nens i nenes.<\/p>\n<p style=\"font-weight: 400;\">De la mateixa manera, el present projecte vol crear i fomentar espais de trobada, de relaci\u00f3, de comunicaci\u00f3 i de cohesi\u00f3 amb tota la comunitat educativa per crear sinergies, integrar la diversitat cultural present a l&#8217;escola i fer que tots els membres de la comunitat educativa es facin seu el projecte i s\u2019hi trobin a gust.<\/p>\n<p style=\"font-weight: 400;\">Aix\u00ed doncs, i partint dels objectius, els alumnes, els nens i nens de P3, P4 i P5 de l\u2019escola, vam comen\u00e7ar a plantejar tot all\u00f2 que els agradaria en el seu pati, propostes diverses: des d&#8217;un cam\u00ed sensorial, un caminet de cotxes, unes politges al sorral o una cuineta, fins a uns gronxadors, una caseta per entrar a dins i poder jugar, moltes rodes de colors bonics, joguines\u00a0 noves m\u00e9s bicicletes i tamb\u00e9 patinets, pilotes grans i petites.<\/p>\n<p style=\"font-weight: 400;\">Arribat el dia, la comunitat educativa assistent, aprofitant la bonan\u00e7a d\u2019un fant\u00e0stic dia, m\u00e9s estival del que tocava per aquelles dates, van comen\u00e7ar a construir el que seria l\u2019espai que havien dissenyat els i les alumnes d\u2019Infantil.<\/p>\n<p style=\"font-weight: 400;\">Amb palets, pintures, claus i martells i molta destresa, van armar des d&#8217;unes cuinetes fins a unes jardineres, mentre els m\u00e9s petits jugaven.<\/p>\n<p style=\"font-weight: 400;\">Com que l&#8217;ocasi\u00f3 i el temps ho van permetre, els m\u00e9s petits van poder gaudir d\u2019una jornada d\u2019aigua, amb cubells i\u00a0 pistoles d\u2019aigua per tal de fer m\u00e9s am\u00e8 la calor del dia.<\/p>\n<p style=\"font-weight: 400;\">Finalment, per recuperar for\u00e7a, van poder gaudir d\u2019un bon refrigeri ofert per l\u2019AMPA, amb la sensaci\u00f3 de la feina ben feta.<\/p>\n<p style=\"font-weight: 400;\">Aquesta primera jornada, tan productiva, va ser una experi\u00e8ncia enriquidora que esperem que es pugui repetir.<\/p>\n<p>Moltes gr\u00e0cies a tots i totes!<\/p>\n<p style=\"font-weight: 400;\"><a href=\"https:\/\/agora.xtec.cat\/ceip-drseres-alpicat\/wp-content\/uploads\/usu1665\/2022\/06\/fotoefectos.com__final_7137990293674069869_-2.jpg\"><img loading=\"lazy\" decoding=\"async\" class=\"alignnone size-full wp-image-2350\" src=\"https:\/\/agora.xtec.cat\/ceip-drseres-alpicat\/wp-content\/uploads\/usu1665\/2022\/06\/fotoefectos.com__final_7137990293674069869_-2.jpg\" alt=\"\" width=\"944\" height=\"620\" srcset=\"https:\/\/agora.xtec.cat\/ceip-drseres-alpicat\/wp-content\/uploads\/usu1665\/2022\/06\/fotoefectos.com__final_7137990293674069869_-2.jpg 944w, https:\/\/agora.xtec.cat\/ceip-drseres-alpicat\/wp-content\/uploads\/usu1665\/2022\/06\/fotoefectos.com__final_7137990293674069869_-2-300x197.jpg 300w, https:\/\/agora.xtec.cat\/ceip-drseres-alpicat\/wp-content\/uploads\/usu1665\/2022\/06\/fotoefectos.com__final_7137990293674069869_-2-768x504.jpg 768w\" sizes=\"auto, (max-width: 944px) 100vw, 944px\" \/><\/a> <a href=\"https:\/\/agora.xtec.cat\/ceip-drseres-alpicat\/wp-content\/uploads\/usu1665\/2022\/06\/IMG_1A7297183EC0-1.jpeg\"><img loading=\"lazy\" decoding=\"async\" class=\"alignnone size-large wp-image-2351\" src=\"https:\/\/agora.xtec.cat\/ceip-drseres-alpicat\/wp-content\/uploads\/usu1665\/2022\/06\/IMG_1A7297183EC0-1-1024x768.jpeg\" alt=\"\" width=\"1024\" height=\"768\" srcset=\"https:\/\/agora.xtec.cat\/ceip-drseres-alpicat\/wp-content\/uploads\/usu1665\/2022\/06\/IMG_1A7297183EC0-1-1024x768.jpeg 1024w, https:\/\/agora.xtec.cat\/ceip-drseres-alpicat\/wp-content\/uploads\/usu1665\/2022\/06\/IMG_1A7297183EC0-1-300x225.jpeg 300w, https:\/\/agora.xtec.cat\/ceip-drseres-alpicat\/wp-content\/uploads\/usu1665\/2022\/06\/IMG_1A7297183EC0-1-768x576.jpeg 768w, https:\/\/agora.xtec.cat\/ceip-drseres-alpicat\/wp-content\/uploads\/usu1665\/2022\/06\/IMG_1A7297183EC0-1-200x150.jpeg 200w, https:\/\/agora.xtec.cat\/ceip-drseres-alpicat\/wp-content\/uploads\/usu1665\/2022\/06\/IMG_1A7297183EC0-1.jpeg 1280w\" sizes=\"auto, (max-width: 1024px) 100vw, 1024px\" \/><\/a> <a href=\"https:\/\/agora.xtec.cat\/ceip-drseres-alpicat\/wp-content\/uploads\/usu1665\/2022\/06\/IMG_A4DA090405A9-1.jpeg\"><img loading=\"lazy\" decoding=\"async\" class=\"alignnone size-large wp-image-2352\" src=\"https:\/\/agora.xtec.cat\/ceip-drseres-alpicat\/wp-content\/uploads\/usu1665\/2022\/06\/IMG_A4DA090405A9-1-1024x768.jpeg\" alt=\"\" width=\"1024\" height=\"768\" srcset=\"https:\/\/agora.xtec.cat\/ceip-drseres-alpicat\/wp-content\/uploads\/usu1665\/2022\/06\/IMG_A4DA090405A9-1-1024x768.jpeg 1024w, https:\/\/agora.xtec.cat\/ceip-drseres-alpicat\/wp-content\/uploads\/usu1665\/2022\/06\/IMG_A4DA090405A9-1-300x225.jpeg 300w, https:\/\/agora.xtec.cat\/ceip-drseres-alpicat\/wp-content\/uploads\/usu1665\/2022\/06\/IMG_A4DA090405A9-1-768x576.jpeg 768w, https:\/\/agora.xtec.cat\/ceip-drseres-alpicat\/wp-content\/uploads\/usu1665\/2022\/06\/IMG_A4DA090405A9-1-200x150.jpeg 200w, https:\/\/agora.xtec.cat\/ceip-drseres-alpicat\/wp-content\/uploads\/usu1665\/2022\/06\/IMG_A4DA090405A9-1.jpeg 1280w\" sizes=\"auto, (max-width: 1024px) 100vw, 1024px\" \/><\/a> <a href=\"https:\/\/agora.xtec.cat\/ceip-drseres-alpicat\/wp-content\/uploads\/usu1665\/2022\/06\/IMG_E81E6058C88E-1.jpeg\"><img loading=\"lazy\" decoding=\"async\" class=\"alignnone size-large wp-image-2353\" src=\"https:\/\/agora.xtec.cat\/ceip-drseres-alpicat\/wp-content\/uploads\/usu1665\/2022\/06\/IMG_E81E6058C88E-1-1024x768.jpeg\" alt=\"\" width=\"1024\" height=\"768\" srcset=\"https:\/\/agora.xtec.cat\/ceip-drseres-alpicat\/wp-content\/uploads\/usu1665\/2022\/06\/IMG_E81E6058C88E-1-1024x768.jpeg 1024w, https:\/\/agora.xtec.cat\/ceip-drseres-alpicat\/wp-content\/uploads\/usu1665\/2022\/06\/IMG_E81E6058C88E-1-300x225.jpeg 300w, https:\/\/agora.xtec.cat\/ceip-drseres-alpicat\/wp-content\/uploads\/usu1665\/2022\/06\/IMG_E81E6058C88E-1-768x576.jpeg 768w, https:\/\/agora.xtec.cat\/ceip-drseres-alpicat\/wp-content\/uploads\/usu1665\/2022\/06\/IMG_E81E6058C88E-1-200x150.jpeg 200w, https:\/\/agora.xtec.cat\/ceip-drseres-alpicat\/wp-content\/uploads\/usu1665\/2022\/06\/IMG_E81E6058C88E-1.jpeg 1280w\" sizes=\"auto, (max-width: 1024px) 100vw, 1024px\" \/><\/a> <a href=\"https:\/\/agora.xtec.cat\/ceip-drseres-alpicat\/wp-content\/uploads\/usu1665\/2022\/06\/IMG_862EAA9F3E46-1.jpeg\"><img loading=\"lazy\" decoding=\"async\" class=\"alignnone size-large wp-image-2354\" src=\"https:\/\/agora.xtec.cat\/ceip-drseres-alpicat\/wp-content\/uploads\/usu1665\/2022\/06\/IMG_862EAA9F3E46-1-1024x768.jpeg\" alt=\"\" width=\"1024\" height=\"768\" srcset=\"https:\/\/agora.xtec.cat\/ceip-drseres-alpicat\/wp-content\/uploads\/usu1665\/2022\/06\/IMG_862EAA9F3E46-1-1024x768.jpeg 1024w, https:\/\/agora.xtec.cat\/ceip-drseres-alpicat\/wp-content\/uploads\/usu1665\/2022\/06\/IMG_862EAA9F3E46-1-300x225.jpeg 300w, https:\/\/agora.xtec.cat\/ceip-drseres-alpicat\/wp-content\/uploads\/usu1665\/2022\/06\/IMG_862EAA9F3E46-1-768x576.jpeg 768w, https:\/\/agora.xtec.cat\/ceip-drseres-alpicat\/wp-content\/uploads\/usu1665\/2022\/06\/IMG_862EAA9F3E46-1-200x150.jpeg 200w, https:\/\/agora.xtec.cat\/ceip-drseres-alpicat\/wp-content\/uploads\/usu1665\/2022\/06\/IMG_862EAA9F3E46-1.jpeg 1280w\" sizes=\"auto, (max-width: 1024px) 100vw, 1024px\" \/><\/a> <a href=\"https:\/\/agora.xtec.cat\/ceip-drseres-alpicat\/wp-content\/uploads\/usu1665\/2022\/06\/IMG_470986B1BF30-1.jpeg\"><img loading=\"lazy\" decoding=\"async\" class=\"alignnone size-large wp-image-2355\" src=\"https:\/\/agora.xtec.cat\/ceip-drseres-alpicat\/wp-content\/uploads\/usu1665\/2022\/06\/IMG_470986B1BF30-1-1024x768.jpeg\" alt=\"\" width=\"1024\" height=\"768\" srcset=\"https:\/\/agora.xtec.cat\/ceip-drseres-alpicat\/wp-content\/uploads\/usu1665\/2022\/06\/IMG_470986B1BF30-1-1024x768.jpeg 1024w, https:\/\/agora.xtec.cat\/ceip-drseres-alpicat\/wp-content\/uploads\/usu1665\/2022\/06\/IMG_470986B1BF30-1-300x225.jpeg 300w, https:\/\/agora.xtec.cat\/ceip-drseres-alpicat\/wp-content\/uploads\/usu1665\/2022\/06\/IMG_470986B1BF30-1-768x576.jpeg 768w, https:\/\/agora.xtec.cat\/ceip-drseres-alpicat\/wp-content\/uploads\/usu1665\/2022\/06\/IMG_470986B1BF30-1-200x150.jpeg 200w, https:\/\/agora.xtec.cat\/ceip-drseres-alpicat\/wp-content\/uploads\/usu1665\/2022\/06\/IMG_470986B1BF30-1.jpeg 1280w\" sizes=\"auto, (max-width: 1024px) 100vw, 1024px\" \/><\/a><\/p>\n","protected":false},"excerpt":{"rendered":"<p>Les fam\u00edlies de l\u2019escola Doctors Ser\u00e9s s\u2019impliquen en les millores del pati d\u2019Educaci\u00f3 Infantil.<br \/>\nEl passat dissabte, 21 de maig, a l\u2019escola Doctor Ser\u00e9s, es va dur a terme el projecte de remodelaci\u00f3 d\u2019alguns dels patis d\u2019Educaci\u00f3 Infantil, en el qual van intervenir, diferents membres de&hellip;  <a href=\"https:\/\/agora.xtec.cat\/ceip-drseres-alpicat\/general\/entre-tots-transformem-el-pati-de-lescola\/\" title=\"Read Entre tots, transformem el pati de l&#8217;escola\">Llegeix m\u00e9s\u00bb<\/a><\/p>\n","protected":false},"author":1,"featured_media":2350,"comment_status":"open","ping_status":"closed","sticky":false,"template":"","format":"standard","meta":{"_bbp_topic_count":0,"_bbp_reply_count":0,"_bbp_total_topic_count":0,"_bbp_total_reply_count":0,"_bbp_voice_count":0,"_bbp_anonymous_reply_count":0,"_bbp_topic_count_hidden":0,"_bbp_reply_count_hidden":0,"_bbp_forum_subforum_count":0,"footnotes":""},"categories":[1,2,4,5],"tags":[],"class_list":["post-2349","post","type-post","status-publish","format-standard","has-post-thumbnail","hentry","category-general","category-infantil","category-portada","category-primaria"],"post_mailing_queue_ids":[],"_links":{"self":[{"href":"https:\/\/agora.xtec.cat\/ceip-drseres-alpicat\/wp-json\/wp\/v2\/posts\/2349","targetHints":{"allow":["GET"]}}],"collection":[{"href":"https:\/\/agora.xtec.cat\/ceip-drseres-alpicat\/wp-json\/wp\/v2\/posts"}],"about":[{"href":"https:\/\/agora.xtec.cat\/ceip-drseres-alpicat\/wp-json\/wp\/v2\/types\/post"}],"author":[{"embeddable":true,"href":"https:\/\/agora.xtec.cat\/ceip-drseres-alpicat\/wp-json\/wp\/v2\/users\/1"}],"replies":[{"embeddable":true,"href":"https:\/\/agora.xtec.cat\/ceip-drseres-alpicat\/wp-json\/wp\/v2\/comments?post=2349"}],"version-history":[{"count":2,"href":"https:\/\/agora.xtec.cat\/ceip-drseres-alpicat\/wp-json\/wp\/v2\/posts\/2349\/revisions"}],"predecessor-version":[{"id":2357,"href":"https:\/\/agora.xtec.cat\/ceip-drseres-alpicat\/wp-json\/wp\/v2\/posts\/2349\/revisions\/2357"}],"wp:featuredmedia":[{"embeddable":true,"href":"https:\/\/agora.xtec.cat\/ceip-drseres-alpicat\/wp-json\/wp\/v2\/media\/2350"}],"wp:attachment":[{"href":"https:\/\/agora.xtec.cat\/ceip-drseres-alpicat\/wp-json\/wp\/v2\/media?parent=2349"}],"wp:term":[{"taxonomy":"category","embeddable":true,"href":"https:\/\/agora.xtec.cat\/ceip-drseres-alpicat\/wp-json\/wp\/v2\/categories?post=2349"},{"taxonomy":"post_tag","embeddable":true,"href":"https:\/\/agora.xtec.cat\/ceip-drseres-alpicat\/wp-json\/wp\/v2\/tags?post=2349"}],"curies":[{"name":"wp","href":"https:\/\/api.w.org\/{rel}","templated":true}]}}