{"id":2304,"date":"2022-04-05T13:07:17","date_gmt":"2022-04-05T11:07:17","guid":{"rendered":"https:\/\/agora.xtec.cat\/ceip-drseres-alpicat\/?p=2304"},"modified":"2022-09-26T11:47:26","modified_gmt":"2022-09-26T09:47:26","slug":"us-demanem-que-ens-voteu","status":"publish","type":"post","link":"https:\/\/agora.xtec.cat\/ceip-drseres-alpicat\/general\/us-demanem-que-ens-voteu\/","title":{"rendered":"Us demanem que ens voteu!"},"content":{"rendered":"<p>Com cada any, els alumnes de Cicle Mitj\u00e0 de l\u2019escola Doctor Ser\u00e9s, hem participat al Concurs de Contes Premi Pilar\u00edn Bay\u00e9s.<\/p>\n<p>Aquest cop, el conte \u201cLa Naia est\u00e0 trista\u201d, escrit per l\u2019alumnat de 3r B ha estat sel.leccionat com una de les 30 hist\u00f2ries finalistes triades pel Jurat del concurs, enguany dedicat a la salut mental i el benestar emocional de grans i petits.<\/p>\n<p>Ens faria molts il.lusi\u00f3 que la nostra hist\u00f2ria form\u00e9s part del llibre de contes il.lustrats per la Pilar\u00edn Bay\u00e9s i \u00e9s per aix\u00f2 que necessitem el vostre suport i col.laboraci\u00f3!<\/p>\n<p>Us demanem que entreu al seg\u00fcent enlla\u00e7 i ens doneu el vostre vot!<\/p>\n<p><a href=\"https:\/\/www.premipilarinbayes.org\/la-naia-esta-trista\/\" data-saferedirecturl=\"https:\/\/www.google.com\/url?q=https:\/\/www.premipilarinbayes.org\/la-naia-esta-trista\/&amp;source=gmail&amp;ust=1649242037809000&amp;usg=AOvVaw1k7LdJ4gBB4osQqFvmioKS\">https:\/\/www.premipilarinbayes.org\/la-naia-esta-trista\/<\/a><\/p>\n<p>Moltes gr\u00e0cies!<\/p>\n<p><a href=\"https:\/\/agora.xtec.cat\/ceip-drseres-alpicat\/wp-content\/uploads\/usu1665\/2022\/04\/votacio-popular6-1358x679-1.jpeg\"><img loading=\"lazy\" decoding=\"async\" class=\"alignnone size-large wp-image-2305\" src=\"https:\/\/agora.xtec.cat\/ceip-drseres-alpicat\/wp-content\/uploads\/usu1665\/2022\/04\/votacio-popular6-1358x679-1-1024x512.jpeg\" alt=\"\" width=\"1024\" height=\"512\" srcset=\"https:\/\/agora.xtec.cat\/ceip-drseres-alpicat\/wp-content\/uploads\/usu1665\/2022\/04\/votacio-popular6-1358x679-1-1024x512.jpeg 1024w, https:\/\/agora.xtec.cat\/ceip-drseres-alpicat\/wp-content\/uploads\/usu1665\/2022\/04\/votacio-popular6-1358x679-1-300x150.jpeg 300w, https:\/\/agora.xtec.cat\/ceip-drseres-alpicat\/wp-content\/uploads\/usu1665\/2022\/04\/votacio-popular6-1358x679-1-768x384.jpeg 768w, https:\/\/agora.xtec.cat\/ceip-drseres-alpicat\/wp-content\/uploads\/usu1665\/2022\/04\/votacio-popular6-1358x679-1.jpeg 1358w\" sizes=\"auto, (max-width: 1024px) 100vw, 1024px\" \/><\/a><\/p>\n","protected":false},"excerpt":{"rendered":"<p>Com cada any, els alumnes de Cicle Mitj\u00e0 de l\u2019escola Doctor Ser\u00e9s, hem participat al Concurs de Contes Premi Pilar\u00edn Bay\u00e9s.<br \/>\nAquest cop, el conte \u201cLa Naia est\u00e0 trista\u201d, escrit per l\u2019alumnat de 3r B ha estat sel.leccionat com una de les 30 hist\u00f2ries finalistes triades&hellip;  <a href=\"https:\/\/agora.xtec.cat\/ceip-drseres-alpicat\/general\/us-demanem-que-ens-voteu\/\" title=\"Read Us demanem que ens voteu!\">Llegeix m\u00e9s\u00bb<\/a><\/p>\n","protected":false},"author":1,"featured_media":2305,"comment_status":"open","ping_status":"closed","sticky":false,"template":"","format":"standard","meta":{"_bbp_topic_count":0,"_bbp_reply_count":0,"_bbp_total_topic_count":0,"_bbp_total_reply_count":0,"_bbp_voice_count":0,"_bbp_anonymous_reply_count":0,"_bbp_topic_count_hidden":0,"_bbp_reply_count_hidden":0,"_bbp_forum_subforum_count":0,"footnotes":""},"categories":[1,2,4,5],"tags":[],"class_list":["post-2304","post","type-post","status-publish","format-standard","has-post-thumbnail","hentry","category-general","category-infantil","category-portada","category-primaria"],"post_mailing_queue_ids":[],"_links":{"self":[{"href":"https:\/\/agora.xtec.cat\/ceip-drseres-alpicat\/wp-json\/wp\/v2\/posts\/2304","targetHints":{"allow":["GET"]}}],"collection":[{"href":"https:\/\/agora.xtec.cat\/ceip-drseres-alpicat\/wp-json\/wp\/v2\/posts"}],"about":[{"href":"https:\/\/agora.xtec.cat\/ceip-drseres-alpicat\/wp-json\/wp\/v2\/types\/post"}],"author":[{"embeddable":true,"href":"https:\/\/agora.xtec.cat\/ceip-drseres-alpicat\/wp-json\/wp\/v2\/users\/1"}],"replies":[{"embeddable":true,"href":"https:\/\/agora.xtec.cat\/ceip-drseres-alpicat\/wp-json\/wp\/v2\/comments?post=2304"}],"version-history":[{"count":1,"href":"https:\/\/agora.xtec.cat\/ceip-drseres-alpicat\/wp-json\/wp\/v2\/posts\/2304\/revisions"}],"predecessor-version":[{"id":2306,"href":"https:\/\/agora.xtec.cat\/ceip-drseres-alpicat\/wp-json\/wp\/v2\/posts\/2304\/revisions\/2306"}],"wp:featuredmedia":[{"embeddable":true,"href":"https:\/\/agora.xtec.cat\/ceip-drseres-alpicat\/wp-json\/wp\/v2\/media\/2305"}],"wp:attachment":[{"href":"https:\/\/agora.xtec.cat\/ceip-drseres-alpicat\/wp-json\/wp\/v2\/media?parent=2304"}],"wp:term":[{"taxonomy":"category","embeddable":true,"href":"https:\/\/agora.xtec.cat\/ceip-drseres-alpicat\/wp-json\/wp\/v2\/categories?post=2304"},{"taxonomy":"post_tag","embeddable":true,"href":"https:\/\/agora.xtec.cat\/ceip-drseres-alpicat\/wp-json\/wp\/v2\/tags?post=2304"}],"curies":[{"name":"wp","href":"https:\/\/api.w.org\/{rel}","templated":true}]}}