{"id":2288,"date":"2022-03-08T14:04:07","date_gmt":"2022-03-08T13:04:07","guid":{"rendered":"https:\/\/agora.xtec.cat\/ceip-drseres-alpicat\/?p=2288"},"modified":"2022-03-08T14:04:07","modified_gmt":"2022-03-08T13:04:07","slug":"recollida-de-material-humanitari-per-a-ucraina","status":"publish","type":"post","link":"https:\/\/agora.xtec.cat\/ceip-drseres-alpicat\/general\/recollida-de-material-humanitari-per-a-ucraina\/","title":{"rendered":"Recollida de material humanitari per a Ucra\u00efna"},"content":{"rendered":"<p>L&#8217;Ajuntament d&#8217;Alpicat, Alpicat solidari i les fam\u00edlies ucra\u00efneses d&#8217;Alpicat, amb col\u00b7laboraci\u00f3 amb els centres educatius informen de la campanya de recollida de material humanitari per a Ucra\u00efna, que es far\u00e0 els dies 10, 11 i 12 de mar\u00e7, al nostre municipi.<\/p>\n<p>Intentem aconseguir que el material sanitari i els articles de primera necessitat que enviem des d\u2019Alpicat cap a Ucra\u00efna siguin els que m\u00e9s falta fan en aquests moments, per aix\u00f2,\u00a0des de l&#8217;escola\u00a0nom\u00e9s recollirem els seg\u00fcents productes el dijous 10 i divendres 11 de mar\u00e7 de 2022 a les caixes que hi haur\u00e0 al hall del centre:<\/p>\n<p><b>\u00a0. Bolquers<\/b><\/p>\n<p><b>\u00a0 \u00a0 \u00a0 \u00a0 \u00a0 . Llet de creixement per a nadons.\u00a0<\/b><\/p>\n<p><b>Hi ha diverses opcions per a col\u00b7laborar: comprar el\/s producte\/s i deixar-los a l&#8217;establiment (Bon\u00c0rea), comprar els productes i deixar-los al punt de recollida del poble (C\/ Major, 12) o comprar els productes i portar-los a l&#8217;escola.<\/b><\/p>\n<p>Us demanem la vostra col\u00b7laboraci\u00f3 i us agra\u00efm, per endavant, el vostre suport a aquesta acci\u00f3 que considerem for\u00e7a necess\u00e0ria i urgent en uns moments tan complicats com els que est\u00e0 patint el poble ucra\u00efn\u00e8s.<\/p>\n<p>Estem segurs que el poble d&#8217;Alpicat demostrar\u00e0 un cop m\u00e9s la seva cara m\u00e9s solid\u00e0ria, a la vegada que desitgem que aquest conflicte que mai no hauria d\u2019haver comen\u00e7at acabi com m\u00e9s aviat millor.<\/p>\n<p>Moltes gr\u00e0cies per endavant!<\/p>\n<p><a href=\"https:\/\/agora.xtec.cat\/ceip-drseres-alpicat\/wp-content\/uploads\/usu1665\/2022\/03\/IMG_7425.jpg\"><img loading=\"lazy\" decoding=\"async\" class=\"aligncenter wp-image-2289 size-full\" src=\"https:\/\/agora.xtec.cat\/ceip-drseres-alpicat\/wp-content\/uploads\/usu1665\/2022\/03\/IMG_7425.jpg\" alt=\"\" width=\"636\" height=\"900\" srcset=\"https:\/\/agora.xtec.cat\/ceip-drseres-alpicat\/wp-content\/uploads\/usu1665\/2022\/03\/IMG_7425.jpg 636w, https:\/\/agora.xtec.cat\/ceip-drseres-alpicat\/wp-content\/uploads\/usu1665\/2022\/03\/IMG_7425-212x300.jpg 212w\" sizes=\"auto, (max-width: 636px) 100vw, 636px\" \/><\/a><\/p>\n","protected":false},"excerpt":{"rendered":"<p>L&#8217;Ajuntament d&#8217;Alpicat, Alpicat solidari i les fam\u00edlies ucra\u00efneses d&#8217;Alpicat, amb col\u00b7laboraci\u00f3 amb els centres educatius informen de la campanya de recollida de material humanitari per a Ucra\u00efna, que es far\u00e0 els dies 10, 11 i 12 de mar\u00e7, al nostre municipi.<br \/>\nIntentem aconseguir que el material&hellip;  <a href=\"https:\/\/agora.xtec.cat\/ceip-drseres-alpicat\/general\/recollida-de-material-humanitari-per-a-ucraina\/\" title=\"Read Recollida de material humanitari per a Ucra\u00efna\">Llegeix m\u00e9s\u00bb<\/a><\/p>\n","protected":false},"author":1,"featured_media":2289,"comment_status":"open","ping_status":"closed","sticky":false,"template":"","format":"standard","meta":{"_bbp_topic_count":0,"_bbp_reply_count":0,"_bbp_total_topic_count":0,"_bbp_total_reply_count":0,"_bbp_voice_count":0,"_bbp_anonymous_reply_count":0,"_bbp_topic_count_hidden":0,"_bbp_reply_count_hidden":0,"_bbp_forum_subforum_count":0,"footnotes":""},"categories":[1,2,4,5],"tags":[],"class_list":["post-2288","post","type-post","status-publish","format-standard","has-post-thumbnail","hentry","category-general","category-infantil","category-portada","category-primaria"],"post_mailing_queue_ids":[],"_links":{"self":[{"href":"https:\/\/agora.xtec.cat\/ceip-drseres-alpicat\/wp-json\/wp\/v2\/posts\/2288","targetHints":{"allow":["GET"]}}],"collection":[{"href":"https:\/\/agora.xtec.cat\/ceip-drseres-alpicat\/wp-json\/wp\/v2\/posts"}],"about":[{"href":"https:\/\/agora.xtec.cat\/ceip-drseres-alpicat\/wp-json\/wp\/v2\/types\/post"}],"author":[{"embeddable":true,"href":"https:\/\/agora.xtec.cat\/ceip-drseres-alpicat\/wp-json\/wp\/v2\/users\/1"}],"replies":[{"embeddable":true,"href":"https:\/\/agora.xtec.cat\/ceip-drseres-alpicat\/wp-json\/wp\/v2\/comments?post=2288"}],"version-history":[{"count":1,"href":"https:\/\/agora.xtec.cat\/ceip-drseres-alpicat\/wp-json\/wp\/v2\/posts\/2288\/revisions"}],"predecessor-version":[{"id":2290,"href":"https:\/\/agora.xtec.cat\/ceip-drseres-alpicat\/wp-json\/wp\/v2\/posts\/2288\/revisions\/2290"}],"wp:featuredmedia":[{"embeddable":true,"href":"https:\/\/agora.xtec.cat\/ceip-drseres-alpicat\/wp-json\/wp\/v2\/media\/2289"}],"wp:attachment":[{"href":"https:\/\/agora.xtec.cat\/ceip-drseres-alpicat\/wp-json\/wp\/v2\/media?parent=2288"}],"wp:term":[{"taxonomy":"category","embeddable":true,"href":"https:\/\/agora.xtec.cat\/ceip-drseres-alpicat\/wp-json\/wp\/v2\/categories?post=2288"},{"taxonomy":"post_tag","embeddable":true,"href":"https:\/\/agora.xtec.cat\/ceip-drseres-alpicat\/wp-json\/wp\/v2\/tags?post=2288"}],"curies":[{"name":"wp","href":"https:\/\/api.w.org\/{rel}","templated":true}]}}