{"id":2203,"date":"2022-02-21T09:53:39","date_gmt":"2022-02-21T08:53:39","guid":{"rendered":"https:\/\/agora.xtec.cat\/ceip-drseres-alpicat\/?p=2203"},"modified":"2022-05-05T16:24:14","modified_gmt":"2022-05-05T14:24:14","slug":"cantania-2022-clara-lart-per-dins","status":"publish","type":"post","link":"https:\/\/agora.xtec.cat\/ceip-drseres-alpicat\/general\/cantania-2022-clara-lart-per-dins\/","title":{"rendered":"Cant\u00e0nia 2022: Clara, l&#8217;art per dins"},"content":{"rendered":"<p><strong>PRESENTACI\u00d3<\/strong><\/p>\n<p>Els i les alumnes de 6\u00e8 de prim\u00e0ria participarem a la Cantata que es realitzar\u00e0 a l\u2019Auditori de Barcelona.<\/p>\n<p>Cant\u00e0nia \u00e9s una activitat participativa en la que s\u2019inscriuen escolars de cicle mitj\u00e0 i superior de prim\u00e0ria de Catalunya. Cada any s\u2019estrena una obra encarregada especialment per aquesta activitat. Els enc\u00e0rrecs sempre es fan a compositors i escriptors catalans de reconegut prestigi.<\/p>\n<p>Aquest curs participem a Cant\u00e0nia 2022- Clara, l\u2019art per dins<\/p>\n<p>Josep Maria Guix, composici\u00f3 musical.<\/p>\n<p>Poemes de Jordi Llavina.<\/p>\n<p>Elisenda Carrasco, Eva Mart\u00ednez i Montserrat Meneses, directors\/es musicals.<\/p>\n<p>Marta Gil, Cristina Mart\u00ed i Adri\u00e0 Aubert, direcci\u00f3 esc\u00e8nica.<\/p>\n<p>Treballarem l\u2019obra durant el curs i la gran final \u00e9s la interpretaci\u00f3 dels i les alumnes, una experi\u00e8ncia musical inoblidable damunt de l\u2019escenari a la sala 1 de Pau Casals, de l\u2019Auditori de Barcelona.<\/p>\n<p>Aquesta activitat es realitzar\u00e0 el divendres 3 de juny de 2022 a les 16.30h.<\/p>\n<p>&nbsp;<\/p>\n<p><strong>SINOPSI DE L\u2019OBRA<\/strong><\/p>\n<p>Despr\u00e9s de passar quinze dies a casa la seva \u00e0via Blanca \u2014dues setmanes fant\u00e0stiques en qu\u00e8 s\u2019ho han passat la mar de b\u00e9 fent tota mena de coses\u2014, la Clara espera avorrida que la seva mare la vingui a buscar. Per\u00f2 abans, totes dues tindran temps de viure una altra perip\u00e8cia. A les golfes l\u2019\u00e0via Blanca hi t\u00e9 guardat un marc enorme sense cap quadre, i proposa a la seva neta que travessin el marc\u2026 D\u2019aquesta manera, la Clara i la Blanca comen\u00e7aran una \u00faltima aventura, aquesta vegada dins de les obres d\u2019art, un m\u00f3n m\u00e0gic i meravell\u00f3s on s\u2019alteren les dist\u00e0ncies i el temps corre a una altra velocitat.<\/p>\n<p>&nbsp;<\/p>\n<p><strong>DIVENDRES 3 DE JUNY, QU\u00c8 CAL PORTAR?<\/strong><\/p>\n<ul>\n<li>Samarreta de color negre llisa (sense cap dibuix o lletres) de m\u00e0niga curta.<\/li>\n<li>Pantal\u00f3 o faldilla negra (tex\u00e0, malles, pirates&#8230;) amb butxaques per a poder guardar material.<\/li>\n<li>Motxilla: aigua i material pel concert.<\/li>\n<\/ul>\n<p>&nbsp;<\/p>\n<p><strong>ENTRADES PER A FAM\u00cdLIES<\/strong><\/p>\n<ul>\n<li>El preu de cada entrada \u00e9s de 8,50 Euros.<\/li>\n<li>Es disposar\u00e0 de dues entrades per alumne.<\/li>\n<li>Data l\u00edmit per pagar entrades: 11 de mar\u00e7.<\/li>\n<li>Paguen entrada tots els nens\/es a partir d\u20191 any.<\/li>\n<li>Pagament: A trav\u00e9s del n\u00famero de compte que enviarem per correu electr\u00f2nic.<\/li>\n<li>Durant l\u2019abril rebreu les entrades (les donarem als vostres fills\/es en paper).<\/li>\n<li>A partir del 16 d\u2019abril de 2022, si queden entrades disponibles, es posaran a la venda per al p\u00fablic en general. Es vendran a les taquilles i a la web de l\u2019Auditori de Barcelona.<\/li>\n<\/ul>\n<p>&nbsp;<\/p>\n<p><strong>INDICCACIONS PER UN BON FUNCIONAMENT DEL CONCERT PER AL P\u00daBLIC ASSISTENT<\/strong><\/p>\n<ul>\n<li>S\u2019obriran les portes 20 minuts abans de l\u2019hora del concert.<\/li>\n<li>\u00c9s obligatori que cadasc\u00fa porti la seva entrada.<\/li>\n<li>Ser puntuals.<\/li>\n<li>Situar-se al lloc assignat (no drets al costat de l\u2019escenari).<\/li>\n<li>Prohibit fer fotos amb flash i filmacions durant el concert (l\u2019art no es grava, es viu).<\/li>\n<li>A la sortida de la Cantata es vendran CD\u2019s.<\/li>\n<\/ul>\n<p>&nbsp;<\/p>\n<p><strong>ALTRES INFORMACIONS<\/strong><\/p>\n<p>Podeu trobar tota la informaci\u00f3 al seg\u00fcent enlla\u00e7 de l&#8217;Auditori referent a \u00a0<a href=\"https:\/\/auditoridigital.cat\/album\/cantania-2022-clara-lart-per-dins\/\">Cant\u00e0nia<\/a>.<\/p>\n<p>Tamb\u00e9 podeu trobar informaci\u00f3 de les diferents can\u00e7ons a\u00a0<a href=\"https:\/\/agora.xtec.cat\/ceip-drseres-alpicat\/wp-content\/uploads\/usu1665\/2022\/02\/CANTANIA-2022-Clara-lart-per-dins.pdf\">CANT\u00c0NIA 2022- Clara, l&#8217;art per dins<\/a>.<\/p>\n<p><a href=\"https:\/\/agora.xtec.cat\/ceip-drseres-alpicat\/wp-content\/uploads\/usu1665\/2022\/02\/Presentacio-cantata-2022.pptx\">Presentaci\u00f3 cantata 2022<\/a>.<\/p>\n<p><a href=\"https:\/\/agora.xtec.cat\/ceip-drseres-alpicat\/wp-content\/uploads\/usu1665\/2022\/02\/Captura-de-pantalla-2022-02-24-a-las-18.25.27-1.png\"><img loading=\"lazy\" decoding=\"async\" class=\"alignnone size-large wp-image-2231\" src=\"https:\/\/agora.xtec.cat\/ceip-drseres-alpicat\/wp-content\/uploads\/usu1665\/2022\/02\/Captura-de-pantalla-2022-02-24-a-las-18.25.27-1-1024x694.png\" alt=\"\" width=\"1024\" height=\"694\" srcset=\"https:\/\/agora.xtec.cat\/ceip-drseres-alpicat\/wp-content\/uploads\/usu1665\/2022\/02\/Captura-de-pantalla-2022-02-24-a-las-18.25.27-1-1024x694.png 1024w, https:\/\/agora.xtec.cat\/ceip-drseres-alpicat\/wp-content\/uploads\/usu1665\/2022\/02\/Captura-de-pantalla-2022-02-24-a-las-18.25.27-1-300x203.png 300w, https:\/\/agora.xtec.cat\/ceip-drseres-alpicat\/wp-content\/uploads\/usu1665\/2022\/02\/Captura-de-pantalla-2022-02-24-a-las-18.25.27-1-768x521.png 768w, https:\/\/agora.xtec.cat\/ceip-drseres-alpicat\/wp-content\/uploads\/usu1665\/2022\/02\/Captura-de-pantalla-2022-02-24-a-las-18.25.27-1-1536x1042.png 1536w, https:\/\/agora.xtec.cat\/ceip-drseres-alpicat\/wp-content\/uploads\/usu1665\/2022\/02\/Captura-de-pantalla-2022-02-24-a-las-18.25.27-1.png 1569w\" sizes=\"auto, (max-width: 1024px) 100vw, 1024px\" \/><\/a><\/p>\n<p><a href=\"https:\/\/agora.xtec.cat\/ceip-drseres-alpicat\/wp-content\/uploads\/usu1665\/2022\/02\/97DEC4D6-FB2A-456E-80EE-0A9E0C906BBD-scaled.jpg\"><img loading=\"lazy\" decoding=\"async\" class=\"aligncenter wp-image-2205 size-large\" src=\"https:\/\/agora.xtec.cat\/ceip-drseres-alpicat\/wp-content\/uploads\/usu1665\/2022\/02\/97DEC4D6-FB2A-456E-80EE-0A9E0C906BBD-1024x576.jpg\" alt=\"\" width=\"1024\" height=\"576\" srcset=\"https:\/\/agora.xtec.cat\/ceip-drseres-alpicat\/wp-content\/uploads\/usu1665\/2022\/02\/97DEC4D6-FB2A-456E-80EE-0A9E0C906BBD-1024x576.jpg 1024w, https:\/\/agora.xtec.cat\/ceip-drseres-alpicat\/wp-content\/uploads\/usu1665\/2022\/02\/97DEC4D6-FB2A-456E-80EE-0A9E0C906BBD-300x169.jpg 300w, https:\/\/agora.xtec.cat\/ceip-drseres-alpicat\/wp-content\/uploads\/usu1665\/2022\/02\/97DEC4D6-FB2A-456E-80EE-0A9E0C906BBD-768x432.jpg 768w, https:\/\/agora.xtec.cat\/ceip-drseres-alpicat\/wp-content\/uploads\/usu1665\/2022\/02\/97DEC4D6-FB2A-456E-80EE-0A9E0C906BBD-1536x864.jpg 1536w, https:\/\/agora.xtec.cat\/ceip-drseres-alpicat\/wp-content\/uploads\/usu1665\/2022\/02\/97DEC4D6-FB2A-456E-80EE-0A9E0C906BBD-2048x1152.jpg 2048w\" sizes=\"auto, (max-width: 1024px) 100vw, 1024px\" \/><\/a><\/p>\n<p><a href=\"https:\/\/agora.xtec.cat\/ceip-drseres-alpicat\/wp-content\/uploads\/usu1665\/2022\/02\/1_PIC0127-1-1024x683-1.jpg\"><img loading=\"lazy\" decoding=\"async\" class=\"aligncenter wp-image-2206 size-full\" src=\"https:\/\/agora.xtec.cat\/ceip-drseres-alpicat\/wp-content\/uploads\/usu1665\/2022\/02\/1_PIC0127-1-1024x683-1.jpg\" alt=\"\" width=\"1024\" height=\"683\" srcset=\"https:\/\/agora.xtec.cat\/ceip-drseres-alpicat\/wp-content\/uploads\/usu1665\/2022\/02\/1_PIC0127-1-1024x683-1.jpg 1024w, https:\/\/agora.xtec.cat\/ceip-drseres-alpicat\/wp-content\/uploads\/usu1665\/2022\/02\/1_PIC0127-1-1024x683-1-300x200.jpg 300w, https:\/\/agora.xtec.cat\/ceip-drseres-alpicat\/wp-content\/uploads\/usu1665\/2022\/02\/1_PIC0127-1-1024x683-1-768x512.jpg 768w\" sizes=\"auto, (max-width: 1024px) 100vw, 1024px\" \/><\/a><\/p>\n","protected":false},"excerpt":{"rendered":"<p>PRESENTACI\u00d3<br \/>\nEls i les alumnes de 6\u00e8 de prim\u00e0ria participarem a la Cantata que es realitzar\u00e0 a l\u2019Auditori de Barcelona.<br \/>\nCant\u00e0nia \u00e9s una activitat participativa en la que s\u2019inscriuen escolars de cicle mitj\u00e0 i superior de prim\u00e0ria de Catalunya. Cada any s\u2019estrena una obra encarregada especialment per&hellip;  <a href=\"https:\/\/agora.xtec.cat\/ceip-drseres-alpicat\/general\/cantania-2022-clara-lart-per-dins\/\" title=\"Read Cant\u00e0nia 2022: Clara, l&#8217;art per dins\">Llegeix m\u00e9s\u00bb<\/a><\/p>\n","protected":false},"author":1,"featured_media":2206,"comment_status":"closed","ping_status":"closed","sticky":false,"template":"","format":"standard","meta":{"_bbp_topic_count":0,"_bbp_reply_count":0,"_bbp_total_topic_count":0,"_bbp_total_reply_count":0,"_bbp_voice_count":0,"_bbp_anonymous_reply_count":0,"_bbp_topic_count_hidden":0,"_bbp_reply_count_hidden":0,"_bbp_forum_subforum_count":0,"footnotes":""},"categories":[1,4],"tags":[96,99],"class_list":["post-2203","post","type-post","status-publish","format-standard","has-post-thumbnail","hentry","category-general","category-portada","tag-cantania","tag-cs"],"post_mailing_queue_ids":[],"_links":{"self":[{"href":"https:\/\/agora.xtec.cat\/ceip-drseres-alpicat\/wp-json\/wp\/v2\/posts\/2203","targetHints":{"allow":["GET"]}}],"collection":[{"href":"https:\/\/agora.xtec.cat\/ceip-drseres-alpicat\/wp-json\/wp\/v2\/posts"}],"about":[{"href":"https:\/\/agora.xtec.cat\/ceip-drseres-alpicat\/wp-json\/wp\/v2\/types\/post"}],"author":[{"embeddable":true,"href":"https:\/\/agora.xtec.cat\/ceip-drseres-alpicat\/wp-json\/wp\/v2\/users\/1"}],"replies":[{"embeddable":true,"href":"https:\/\/agora.xtec.cat\/ceip-drseres-alpicat\/wp-json\/wp\/v2\/comments?post=2203"}],"version-history":[{"count":4,"href":"https:\/\/agora.xtec.cat\/ceip-drseres-alpicat\/wp-json\/wp\/v2\/posts\/2203\/revisions"}],"predecessor-version":[{"id":2334,"href":"https:\/\/agora.xtec.cat\/ceip-drseres-alpicat\/wp-json\/wp\/v2\/posts\/2203\/revisions\/2334"}],"wp:featuredmedia":[{"embeddable":true,"href":"https:\/\/agora.xtec.cat\/ceip-drseres-alpicat\/wp-json\/wp\/v2\/media\/2206"}],"wp:attachment":[{"href":"https:\/\/agora.xtec.cat\/ceip-drseres-alpicat\/wp-json\/wp\/v2\/media?parent=2203"}],"wp:term":[{"taxonomy":"category","embeddable":true,"href":"https:\/\/agora.xtec.cat\/ceip-drseres-alpicat\/wp-json\/wp\/v2\/categories?post=2203"},{"taxonomy":"post_tag","embeddable":true,"href":"https:\/\/agora.xtec.cat\/ceip-drseres-alpicat\/wp-json\/wp\/v2\/tags?post=2203"}],"curies":[{"name":"wp","href":"https:\/\/api.w.org\/{rel}","templated":true}]}}