{"id":2162,"date":"2022-02-01T13:59:33","date_gmt":"2022-02-01T12:59:33","guid":{"rendered":"https:\/\/agora.xtec.cat\/ceip-drseres-alpicat\/?p=2162"},"modified":"2022-02-25T12:27:24","modified_gmt":"2022-02-25T11:27:24","slug":"celebracio-del-denip","status":"publish","type":"post","link":"https:\/\/agora.xtec.cat\/ceip-drseres-alpicat\/general\/celebracio-del-denip\/","title":{"rendered":"Celebraci\u00f3 del DENIP"},"content":{"rendered":"<p>Divendres 28 de gener vam celebrar el Dia Escolar de la No-viol\u00e8ncia i la Pau a l&#8217;escola, ja que el dia senyalat era diumenge 30 de gener de 2022.<\/p>\n<p>La comissi\u00f3 de festes va organitzar diverses activitats per a fer durant la jornada i a la tarda ens vam aplegar tots i totes al mur antipau per a enderrocar-lo, amenitzat per una actuaci\u00f3 musical de les alumnes de 6\u00e8 de Prim\u00e0ria. Gr\u00e0cies a tots i totes per a fer-ho possible! Si voleu veure algunes fotos del mur, cliqueu a <a href=\"https:\/\/drive.google.com\/drive\/folders\/1kWRamTDBGTr1TYwgQ_2YtYAXDcx5gjEJ\">aqu\u00ed<\/a>!<\/p>\n","protected":false},"excerpt":{"rendered":"<p>Divendres 28 de gener vam celebrar el Dia Escolar de la No-viol\u00e8ncia i la Pau a l&#8217;escola, ja que el dia senyalat era diumenge 30 de gener de 2022.<br \/>\nLa comissi\u00f3 de festes va organitzar diverses activitats per a fer durant la jornada i a la&hellip;  <a href=\"https:\/\/agora.xtec.cat\/ceip-drseres-alpicat\/general\/celebracio-del-denip\/\" title=\"Read Celebraci\u00f3 del DENIP\">Llegeix m\u00e9s\u00bb<\/a><\/p>\n","protected":false},"author":1,"featured_media":2164,"comment_status":"closed","ping_status":"closed","sticky":false,"template":"","format":"standard","meta":{"_bbp_topic_count":0,"_bbp_reply_count":0,"_bbp_total_topic_count":0,"_bbp_total_reply_count":0,"_bbp_voice_count":0,"_bbp_anonymous_reply_count":0,"_bbp_topic_count_hidden":0,"_bbp_reply_count_hidden":0,"_bbp_forum_subforum_count":0,"footnotes":""},"categories":[1,4],"tags":[],"class_list":["post-2162","post","type-post","status-publish","format-standard","has-post-thumbnail","hentry","category-general","category-portada"],"post_mailing_queue_ids":[],"_links":{"self":[{"href":"https:\/\/agora.xtec.cat\/ceip-drseres-alpicat\/wp-json\/wp\/v2\/posts\/2162","targetHints":{"allow":["GET"]}}],"collection":[{"href":"https:\/\/agora.xtec.cat\/ceip-drseres-alpicat\/wp-json\/wp\/v2\/posts"}],"about":[{"href":"https:\/\/agora.xtec.cat\/ceip-drseres-alpicat\/wp-json\/wp\/v2\/types\/post"}],"author":[{"embeddable":true,"href":"https:\/\/agora.xtec.cat\/ceip-drseres-alpicat\/wp-json\/wp\/v2\/users\/1"}],"replies":[{"embeddable":true,"href":"https:\/\/agora.xtec.cat\/ceip-drseres-alpicat\/wp-json\/wp\/v2\/comments?post=2162"}],"version-history":[{"count":1,"href":"https:\/\/agora.xtec.cat\/ceip-drseres-alpicat\/wp-json\/wp\/v2\/posts\/2162\/revisions"}],"predecessor-version":[{"id":2163,"href":"https:\/\/agora.xtec.cat\/ceip-drseres-alpicat\/wp-json\/wp\/v2\/posts\/2162\/revisions\/2163"}],"wp:featuredmedia":[{"embeddable":true,"href":"https:\/\/agora.xtec.cat\/ceip-drseres-alpicat\/wp-json\/wp\/v2\/media\/2164"}],"wp:attachment":[{"href":"https:\/\/agora.xtec.cat\/ceip-drseres-alpicat\/wp-json\/wp\/v2\/media?parent=2162"}],"wp:term":[{"taxonomy":"category","embeddable":true,"href":"https:\/\/agora.xtec.cat\/ceip-drseres-alpicat\/wp-json\/wp\/v2\/categories?post=2162"},{"taxonomy":"post_tag","embeddable":true,"href":"https:\/\/agora.xtec.cat\/ceip-drseres-alpicat\/wp-json\/wp\/v2\/tags?post=2162"}],"curies":[{"name":"wp","href":"https:\/\/api.w.org\/{rel}","templated":true}]}}