{"id":2010,"date":"2021-07-09T12:03:50","date_gmt":"2021-07-09T10:03:50","guid":{"rendered":"https:\/\/agora.xtec.cat\/ceip-drseres-alpicat\/?p=2010"},"modified":"2022-06-13T12:38:11","modified_gmt":"2022-06-13T10:38:11","slug":"calendari-del-curs-2021-2022","status":"publish","type":"post","link":"https:\/\/agora.xtec.cat\/ceip-drseres-alpicat\/general\/calendari-del-curs-2021-2022\/","title":{"rendered":"Calendari del curs 2021-2022"},"content":{"rendered":"<h4><strong><a href=\"https:\/\/agora.xtec.cat\/ceip-drseres-alpicat\/wp-content\/uploads\/usu1665\/2021\/07\/Calendari-curs-21-22.pdf\" target=\"_blank\" rel=\"noopener noreferrer\"><img loading=\"lazy\" decoding=\"async\" class=\"size-medium wp-image-2012 aligncenter\" src=\"https:\/\/agora.xtec.cat\/ceip-drseres-alpicat\/wp-content\/uploads\/usu1665\/2021\/07\/images-300x157.jpg\" alt=\"\" width=\"300\" height=\"157\" srcset=\"https:\/\/agora.xtec.cat\/ceip-drseres-alpicat\/wp-content\/uploads\/usu1665\/2021\/07\/images-300x157.jpg 300w, https:\/\/agora.xtec.cat\/ceip-drseres-alpicat\/wp-content\/uploads\/usu1665\/2021\/07\/images.jpg 310w\" sizes=\"auto, (max-width: 300px) 100vw, 300px\" \/><\/a>Inici del curs:<\/strong><\/h4>\n<p>13 de setembre de 2021<\/p>\n<h4><strong>Finalitzaci\u00f3 del curs:<\/strong><\/h4>\n<p>22 de juny de 2022<\/p>\n<h4><strong>Vacances:<\/strong><\/h4>\n<p>Del 23 de desembre de 2021 al 7 de gener de 2022 (ambd\u00f3s inclosos): vacances de Nadal<\/p>\n<p>De l&#8217;11 al 18 d\u2019abril de 2022 (ambd\u00f3s inclosos): vacances de Setmana Santa<\/p>\n<p>6 de juny de 2022: Pasqua Granada<\/p>\n<h4><strong>Dies festius de lliure disposici\u00f3:<\/strong><\/h4>\n<p>11 d&#8217;octubre de 2021<\/p>\n<p>7 de desembre de 2021<\/p>\n<p>11 de maig de 2022<\/p>\n<h4><strong>Dies festius locals:<\/strong><\/h4>\n<p>21 de gener de 2022<\/p>\n<p>18 de febrer de 2022<\/p>\n<h4><strong>Jornada continuada:<\/strong><\/h4>\n<p>El dia 22 de desembre de 2021 i del 7 al 22 de juny de 2022, es realitza jornada continuada de 9 a 13 h. (Els alumnes que utilitzen el servei de menjador surten a les 15 h).<\/p>\n<h4><strong>Horari:<\/strong><\/h4>\n<p>L\u2019<b>horari lectiu<\/b> del centre \u00e9s de 9 a 12.30 h i de 15 a 16.30 h per a tots els alumnes del centre.<\/p>\n<p>Pels alumnes que inicien l\u2019escolaritzaci\u00f3 a P3 s\u2019organitza un breu per\u00edode d\u2019adaptaci\u00f3, que suposa una certa modificaci\u00f3 dels horaris la primera setmana de curs, i que es fa saber a les fam\u00edlies en les reunions pr\u00e8vies corresponents.<\/p>\n<p><a href=\"https:\/\/agora.xtec.cat\/ceip-drseres-alpicat\/wp-content\/uploads\/usu1665\/2021\/07\/Calendari-curs-2021-22.pdf\">Calendari curs 2021-2022<\/a><\/p>\n","protected":false},"excerpt":{"rendered":"<p>Inici del curs:<br \/>\nFinalitzaci\u00f3 del curs:<br \/>\nVacances:<br \/>\nDies festius de lliure disposici\u00f3:<br \/>\nDies festius locals:<br \/>\nJornada continuada:<br \/>\nHorari:&hellip;  <a href=\"https:\/\/agora.xtec.cat\/ceip-drseres-alpicat\/general\/calendari-del-curs-2021-2022\/\" title=\"Read Calendari del curs 2021-2022\">Llegeix m\u00e9s\u00bb<\/a><\/p>\n","protected":false},"author":1,"featured_media":2012,"comment_status":"closed","ping_status":"closed","sticky":false,"template":"","format":"standard","meta":{"_bbp_topic_count":0,"_bbp_reply_count":0,"_bbp_total_topic_count":0,"_bbp_total_reply_count":0,"_bbp_voice_count":0,"_bbp_anonymous_reply_count":0,"_bbp_topic_count_hidden":0,"_bbp_reply_count_hidden":0,"_bbp_forum_subforum_count":0,"footnotes":""},"categories":[1,4],"tags":[118,94,95],"class_list":["post-2010","post","type-post","status-publish","format-standard","has-post-thumbnail","hentry","category-general","category-portada","tag-calendari-escolar","tag-infantil","tag-primaria"],"post_mailing_queue_ids":[],"_links":{"self":[{"href":"https:\/\/agora.xtec.cat\/ceip-drseres-alpicat\/wp-json\/wp\/v2\/posts\/2010","targetHints":{"allow":["GET"]}}],"collection":[{"href":"https:\/\/agora.xtec.cat\/ceip-drseres-alpicat\/wp-json\/wp\/v2\/posts"}],"about":[{"href":"https:\/\/agora.xtec.cat\/ceip-drseres-alpicat\/wp-json\/wp\/v2\/types\/post"}],"author":[{"embeddable":true,"href":"https:\/\/agora.xtec.cat\/ceip-drseres-alpicat\/wp-json\/wp\/v2\/users\/1"}],"replies":[{"embeddable":true,"href":"https:\/\/agora.xtec.cat\/ceip-drseres-alpicat\/wp-json\/wp\/v2\/comments?post=2010"}],"version-history":[{"count":3,"href":"https:\/\/agora.xtec.cat\/ceip-drseres-alpicat\/wp-json\/wp\/v2\/posts\/2010\/revisions"}],"predecessor-version":[{"id":2333,"href":"https:\/\/agora.xtec.cat\/ceip-drseres-alpicat\/wp-json\/wp\/v2\/posts\/2010\/revisions\/2333"}],"wp:featuredmedia":[{"embeddable":true,"href":"https:\/\/agora.xtec.cat\/ceip-drseres-alpicat\/wp-json\/wp\/v2\/media\/2012"}],"wp:attachment":[{"href":"https:\/\/agora.xtec.cat\/ceip-drseres-alpicat\/wp-json\/wp\/v2\/media?parent=2010"}],"wp:term":[{"taxonomy":"category","embeddable":true,"href":"https:\/\/agora.xtec.cat\/ceip-drseres-alpicat\/wp-json\/wp\/v2\/categories?post=2010"},{"taxonomy":"post_tag","embeddable":true,"href":"https:\/\/agora.xtec.cat\/ceip-drseres-alpicat\/wp-json\/wp\/v2\/tags?post=2010"}],"curies":[{"name":"wp","href":"https:\/\/api.w.org\/{rel}","templated":true}]}}