{"id":1931,"date":"2021-03-25T16:09:38","date_gmt":"2021-03-25T15:09:38","guid":{"rendered":"https:\/\/agora.xtec.cat\/ceip-drseres-alpicat\/?p=1931"},"modified":"2021-04-13T09:17:51","modified_gmt":"2021-04-13T07:17:51","slug":"certamen-de-lectura-en-veu-alta","status":"publish","type":"post","link":"https:\/\/agora.xtec.cat\/ceip-drseres-alpicat\/general\/certamen-de-lectura-en-veu-alta\/","title":{"rendered":"Cert\u00e0men de lectura en veu alta"},"content":{"rendered":"<p><span style=\"font-weight: 400;\">Com cada any els alumnes de 4t, 5\u00e8 i 6\u00e8 hem participat <\/span><span style=\"font-weight: 400;\">al <\/span><b>\u00a0Cert\u00e0men de lectura en veu alta.<\/b><\/p>\n<p><span style=\"font-weight: 400;\">A l\u2019escola hem treballat les diverses estrat\u00e8gies per fer-ho el millor possible i hem fet una fase d\u2019elecci\u00f3 interna on han resultat guanyadors l\u2019Arlet Domingo en representaci\u00f3 de Cicle Mitj\u00e0 i el Roger \u00cd\u00f1iguez per Cicle Superior. Per altra banda els suplents de cada categoria han estat la Tina Siuraneta i la Jana Hern\u00e0ndez.<\/span><\/p>\n<p><span style=\"font-weight: 400;\">Aquesta edici\u00f3 ha estat diferent i hi hem participat telem\u00e0ticament. Tots dos s\u2019han gravat llegint a l\u2019escola per participar a la Semifinal comarcal.<\/span><\/p>\n<p><span style=\"font-weight: 400;\">Molta sort!<\/span><a href=\"https:\/\/agora.xtec.cat\/ceip-drseres-alpicat\/wp-content\/uploads\/usu1665\/2021\/03\/categories.jpg\"><img loading=\"lazy\" decoding=\"async\" class=\"size-full wp-image-1932 aligncenter\" src=\"https:\/\/agora.xtec.cat\/ceip-drseres-alpicat\/wp-content\/uploads\/usu1665\/2021\/03\/categories.jpg\" alt=\"\" width=\"240\" height=\"305\" srcset=\"https:\/\/agora.xtec.cat\/ceip-drseres-alpicat\/wp-content\/uploads\/usu1665\/2021\/03\/categories.jpg 240w, https:\/\/agora.xtec.cat\/ceip-drseres-alpicat\/wp-content\/uploads\/usu1665\/2021\/03\/categories-236x300.jpg 236w\" sizes=\"auto, (max-width: 240px) 100vw, 240px\" \/><\/a><\/p>\n<p>&nbsp;<\/p>\n","protected":false},"excerpt":{"rendered":"<p>Com cada any els alumnes de 4t, 5\u00e8 i 6\u00e8 hem participat al \u00a0Cert\u00e0men de lectura en veu alta.<br \/>\nA l\u2019escola hem treballat les diverses estrat\u00e8gies per fer-ho el millor possible i hem fet una fase d\u2019elecci\u00f3 interna on han resultat guanyadors l\u2019Arlet Domingo en representaci\u00f3&hellip;  <a href=\"https:\/\/agora.xtec.cat\/ceip-drseres-alpicat\/general\/certamen-de-lectura-en-veu-alta\/\" title=\"Read Cert\u00e0men de lectura en veu alta\">Llegeix m\u00e9s\u00bb<\/a><\/p>\n","protected":false},"author":1,"featured_media":1932,"comment_status":"closed","ping_status":"closed","sticky":false,"template":"","format":"standard","meta":{"_bbp_topic_count":0,"_bbp_reply_count":0,"_bbp_total_topic_count":0,"_bbp_total_reply_count":0,"_bbp_voice_count":0,"_bbp_anonymous_reply_count":0,"_bbp_topic_count_hidden":0,"_bbp_reply_count_hidden":0,"_bbp_forum_subforum_count":0,"footnotes":""},"categories":[1,4],"tags":[86,87,88,89,90,91,92,93,117,100,99,95,111],"class_list":["post-1931","post","type-post","status-publish","format-standard","has-post-thumbnail","hentry","category-general","category-portada","tag-4t-a","tag-4t-b","tag-5e-a","tag-5e-b","tag-5e-c","tag-6e-a","tag-6e-b","tag-6e-c","tag-certamen-de-lectura-en-veu-alta","tag-cm","tag-cs","tag-primaria","tag-raco-dels-contes"],"post_mailing_queue_ids":[],"_links":{"self":[{"href":"https:\/\/agora.xtec.cat\/ceip-drseres-alpicat\/wp-json\/wp\/v2\/posts\/1931","targetHints":{"allow":["GET"]}}],"collection":[{"href":"https:\/\/agora.xtec.cat\/ceip-drseres-alpicat\/wp-json\/wp\/v2\/posts"}],"about":[{"href":"https:\/\/agora.xtec.cat\/ceip-drseres-alpicat\/wp-json\/wp\/v2\/types\/post"}],"author":[{"embeddable":true,"href":"https:\/\/agora.xtec.cat\/ceip-drseres-alpicat\/wp-json\/wp\/v2\/users\/1"}],"replies":[{"embeddable":true,"href":"https:\/\/agora.xtec.cat\/ceip-drseres-alpicat\/wp-json\/wp\/v2\/comments?post=1931"}],"version-history":[{"count":3,"href":"https:\/\/agora.xtec.cat\/ceip-drseres-alpicat\/wp-json\/wp\/v2\/posts\/1931\/revisions"}],"predecessor-version":[{"id":1935,"href":"https:\/\/agora.xtec.cat\/ceip-drseres-alpicat\/wp-json\/wp\/v2\/posts\/1931\/revisions\/1935"}],"wp:featuredmedia":[{"embeddable":true,"href":"https:\/\/agora.xtec.cat\/ceip-drseres-alpicat\/wp-json\/wp\/v2\/media\/1932"}],"wp:attachment":[{"href":"https:\/\/agora.xtec.cat\/ceip-drseres-alpicat\/wp-json\/wp\/v2\/media?parent=1931"}],"wp:term":[{"taxonomy":"category","embeddable":true,"href":"https:\/\/agora.xtec.cat\/ceip-drseres-alpicat\/wp-json\/wp\/v2\/categories?post=1931"},{"taxonomy":"post_tag","embeddable":true,"href":"https:\/\/agora.xtec.cat\/ceip-drseres-alpicat\/wp-json\/wp\/v2\/tags?post=1931"}],"curies":[{"name":"wp","href":"https:\/\/api.w.org\/{rel}","templated":true}]}}