{"id":1822,"date":"2021-11-02T17:19:51","date_gmt":"2021-11-02T16:19:51","guid":{"rendered":"https:\/\/agora.xtec.cat\/ceip-drseres-alpicat\/?p=1822"},"modified":"2021-11-02T17:19:51","modified_gmt":"2021-11-02T16:19:51","slug":"projecte-escoltam","status":"publish","type":"post","link":"https:\/\/agora.xtec.cat\/ceip-drseres-alpicat\/general\/projecte-escoltam\/","title":{"rendered":"Projecte Escolta&#8217;m"},"content":{"rendered":"<p><a href=\"https:\/\/agora.xtec.cat\/ceip-drseres-alpicat\/wp-content\/uploads\/usu1665\/2021\/11\/IMG_2042-scaled.jpg\"><br \/>\n<img loading=\"lazy\" decoding=\"async\" class=\"alignnone wp-image-2108 aligncenter\" src=\"https:\/\/agora.xtec.cat\/ceip-drseres-alpicat\/wp-content\/uploads\/usu1665\/2021\/11\/IMG_2042-768x1024.jpg\" alt=\"\" width=\"314\" height=\"419\" srcset=\"https:\/\/agora.xtec.cat\/ceip-drseres-alpicat\/wp-content\/uploads\/usu1665\/2021\/11\/IMG_2042-768x1024.jpg 768w, https:\/\/agora.xtec.cat\/ceip-drseres-alpicat\/wp-content\/uploads\/usu1665\/2021\/11\/IMG_2042-225x300.jpg 225w, https:\/\/agora.xtec.cat\/ceip-drseres-alpicat\/wp-content\/uploads\/usu1665\/2021\/11\/IMG_2042-1152x1536.jpg 1152w, https:\/\/agora.xtec.cat\/ceip-drseres-alpicat\/wp-content\/uploads\/usu1665\/2021\/11\/IMG_2042-1536x2048.jpg 1536w, https:\/\/agora.xtec.cat\/ceip-drseres-alpicat\/wp-content\/uploads\/usu1665\/2021\/11\/IMG_2042-scaled.jpg 1920w\" sizes=\"auto, (max-width: 314px) 100vw, 314px\" \/><\/a><\/p>\n<p><strong>&#8220;Sigues tu el canvi que vols veure en el m\u00f3n&#8221;,\u00a0<cite class=\"author\">Gandhi<\/cite><\/strong><\/p>\n<p>Aquest curs 2021\/22 \u00e9s el 5\u00e8 curs que fem el projecte Escolta&#8217;m al centre. Aquest projecte est\u00e0 emmarcat dins el Projecte de conviv\u00e8ncia, ja que \u00e9s d&#8217;educaci\u00f3 emocional.<\/p>\n<p>El projecte Escolta&#8217;m \u00e9s un recurs d&#8217;intervenci\u00f3 educativa que cada grup classe realitza una durada aproximada de mitja hora setmanal.\u00a0Els infants que realitzen el projecte s\u00f3n els i les alumnes de P4 a 6\u00e8.\u00a0Es tracta d&#8217;una tutoria petita (tutor + 3 alumnes). Tots els i les alumnes de l&#8217;aula hi van de manera rotativa i equitativa.<\/p>\n<p>L&#8217;objectiu \u00e9s establir una vinculaci\u00f3 afectiva per tal de millorar les relacions de comunicaci\u00f3 i estima m\u00fatua i observar com aquest format did\u00e0ctic repercuteix positivament en el clima emocional de l&#8217;aula i en els aprenentatges.<\/p>\n<p>En aquest espai de temps potenciem una actitud positiva dels infants, afavorim la iniciativa de cadascun d&#8217;ells\/elles, estimulem una actitud d&#8217;independ\u00e8ncia, fomentem la introspecci\u00f3, potenciem l&#8217;humor i la creativitat i recolzem la moralitat. La interacci\u00f3 que es dona en aquest espai \u00e9s per legitimar, entendre, acceptar i mai jutjar ni interpretar.<\/p>\n<p>L\u2019Escolta\u2019m \u00e9s per a nosaltres&#8230;<span style=\"font-weight: 400;\"> Un espai per a generar una nova mirada a la conviv\u00e8ncia.<\/span><\/p>\n<p>Hem demanat opini\u00f3 als nens i nenes i han dit&#8230;<span style=\"font-weight: 400;\">\u00a0\u201cL\u2019escolta\u2019m \u00e9s un lloc de pau i tranquil\u00b7litat per a poder parlar\u201d, \u201cM\u2019ha agradat molt perqu\u00e8 he conegut m\u00e9s als meus companys\u201d, \u201cM\u2019he sentit molt a gust aquesta estona\u201d, \u201cPots expressar els teus sentiments\u201d, \u201cM\u2019agrada fer escolta\u2019m perqu\u00e8 pots aprendre molt dels companys\u201d.<\/span><\/p>\n<p>En definitiva, \u00e9s un projecte humil i sezill per\u00f2 de gran valor!<\/p>\n<p>&nbsp;<\/p>\n","protected":false},"excerpt":{"rendered":"<p><a href=\"https:\/\/agora.xtec.cat\/ceip-drseres-alpicat\/wp-content\/uploads\/usu1665\/2021\/11\/IMG_2042-scaled.jpg\"><br \/>\n<\/a><br \/>\n&#8220;Sigues tu el canvi que vols veure en el m\u00f3n&#8221;,\u00a0Gandhi<br \/>\nAquest curs 2021\/22 \u00e9s el 5\u00e8 curs que fem el projecte Escolta&#8217;m al centre. Aquest projecte est\u00e0 emmarcat dins el Projecte de conviv\u00e8ncia, ja que \u00e9s d&#8217;educaci\u00f3 emocional.<br \/>\nEl projecte Escolta&#8217;m \u00e9s un recurs d&#8217;intervenci\u00f3 educativa&hellip;  <a href=\"https:\/\/agora.xtec.cat\/ceip-drseres-alpicat\/general\/projecte-escoltam\/\" title=\"Read Projecte Escolta&#8217;m\">Llegeix m\u00e9s\u00bb<\/a><\/p>\n","protected":false},"author":1,"featured_media":2108,"comment_status":"open","ping_status":"closed","sticky":false,"template":"","format":"standard","meta":{"_bbp_topic_count":0,"_bbp_reply_count":0,"_bbp_total_topic_count":0,"_bbp_total_reply_count":0,"_bbp_voice_count":0,"_bbp_anonymous_reply_count":0,"_bbp_topic_count_hidden":0,"_bbp_reply_count_hidden":0,"_bbp_forum_subforum_count":0,"footnotes":""},"categories":[1,4],"tags":[],"class_list":["post-1822","post","type-post","status-publish","format-standard","has-post-thumbnail","hentry","category-general","category-portada"],"post_mailing_queue_ids":[],"_links":{"self":[{"href":"https:\/\/agora.xtec.cat\/ceip-drseres-alpicat\/wp-json\/wp\/v2\/posts\/1822","targetHints":{"allow":["GET"]}}],"collection":[{"href":"https:\/\/agora.xtec.cat\/ceip-drseres-alpicat\/wp-json\/wp\/v2\/posts"}],"about":[{"href":"https:\/\/agora.xtec.cat\/ceip-drseres-alpicat\/wp-json\/wp\/v2\/types\/post"}],"author":[{"embeddable":true,"href":"https:\/\/agora.xtec.cat\/ceip-drseres-alpicat\/wp-json\/wp\/v2\/users\/1"}],"replies":[{"embeddable":true,"href":"https:\/\/agora.xtec.cat\/ceip-drseres-alpicat\/wp-json\/wp\/v2\/comments?post=1822"}],"version-history":[{"count":3,"href":"https:\/\/agora.xtec.cat\/ceip-drseres-alpicat\/wp-json\/wp\/v2\/posts\/1822\/revisions"}],"predecessor-version":[{"id":2110,"href":"https:\/\/agora.xtec.cat\/ceip-drseres-alpicat\/wp-json\/wp\/v2\/posts\/1822\/revisions\/2110"}],"wp:featuredmedia":[{"embeddable":true,"href":"https:\/\/agora.xtec.cat\/ceip-drseres-alpicat\/wp-json\/wp\/v2\/media\/2108"}],"wp:attachment":[{"href":"https:\/\/agora.xtec.cat\/ceip-drseres-alpicat\/wp-json\/wp\/v2\/media?parent=1822"}],"wp:term":[{"taxonomy":"category","embeddable":true,"href":"https:\/\/agora.xtec.cat\/ceip-drseres-alpicat\/wp-json\/wp\/v2\/categories?post=1822"},{"taxonomy":"post_tag","embeddable":true,"href":"https:\/\/agora.xtec.cat\/ceip-drseres-alpicat\/wp-json\/wp\/v2\/tags?post=1822"}],"curies":[{"name":"wp","href":"https:\/\/api.w.org\/{rel}","templated":true}]}}