{"id":1736,"date":"2020-09-23T18:05:10","date_gmt":"2020-09-23T16:05:10","guid":{"rendered":"https:\/\/agora.xtec.cat\/ceip-drseres-alpicat\/?p=1736"},"modified":"2020-09-24T16:46:51","modified_gmt":"2020-09-24T14:46:51","slug":"tracacovid","status":"publish","type":"post","link":"https:\/\/agora.xtec.cat\/ceip-drseres-alpicat\/general\/tracacovid\/","title":{"rendered":"TRA\u00c7ACOVID"},"content":{"rendered":"<p><img loading=\"lazy\" decoding=\"async\" class=\"aligncenter size-large wp-image-1737\" src=\"https:\/\/agora.xtec.cat\/ceip-drseres-alpicat\/wp-content\/uploads\/usu1665\/2020\/09\/capcalera-escolasegura-1024x200.jpg\" alt=\"\" width=\"1024\" height=\"200\" srcset=\"https:\/\/agora.xtec.cat\/ceip-drseres-alpicat\/wp-content\/uploads\/usu1665\/2020\/09\/capcalera-escolasegura-1024x200.jpg 1024w, https:\/\/agora.xtec.cat\/ceip-drseres-alpicat\/wp-content\/uploads\/usu1665\/2020\/09\/capcalera-escolasegura-300x59.jpg 300w, https:\/\/agora.xtec.cat\/ceip-drseres-alpicat\/wp-content\/uploads\/usu1665\/2020\/09\/capcalera-escolasegura-768x150.jpg 768w, https:\/\/agora.xtec.cat\/ceip-drseres-alpicat\/wp-content\/uploads\/usu1665\/2020\/09\/capcalera-escolasegura.jpg 1900w\" sizes=\"auto, (max-width: 1024px) 100vw, 1024px\" \/><\/p>\n<p>&nbsp;<\/p>\n<h1>Consulta quina \u00e9s la situaci\u00f3 en el centre escolar dels teus fills.<\/h1>\n<p>Quants positius per coronavirus hi ha al centre escolar dels teus fills? S&#8217;hi han hagut de confinar grups? I el professorat, com va de recursos disponibles? Aquestes s\u00f3n algunes de les dades que es poden consultar en el portal web obert\u00a0<a href=\"https:\/\/tracacovid.akamaized.net\/#\/\" target=\"_blank\" rel=\"noopener noreferrer\">Tra\u00e7acovid<\/a>, actualitzat di\u00e0riament pel Departament d&#8217;Educaci\u00f3.<\/p>\n<p>L&#8217;espai ofereix dades individualitzades de cada centre en concret i actualitza autom\u00e0ticament la informaci\u00f3. S&#8217;hi pot consultar: l&#8217;estat de l&#8217;escola (oberta o tancada), quants grups confinats hi ha, el total de persones confinades (tamb\u00e9 si s\u00f3n alumnes, professors o personal extern), el total de casos positius per la Covid-19 (tamb\u00e9 si s\u00f3n alumnes, professors o personal extern) i quina \u00e9s la situaci\u00f3 en les escoles, instituts i llars d&#8217;infants de l&#8217;entorn m\u00e9s proper.<\/p>\n","protected":false},"excerpt":{"rendered":"<p>&nbsp;<br \/>\nConsulta quina \u00e9s la situaci\u00f3 en el centre escolar dels teus fills.<br \/>\nQuants positius per coronavirus hi ha al centre escolar dels teus fills? S&#8217;hi han hagut de confinar grups? I el professorat, com va de recursos disponibles? Aquestes s\u00f3n algunes de les dades que es&hellip;  <a href=\"https:\/\/agora.xtec.cat\/ceip-drseres-alpicat\/general\/tracacovid\/\" title=\"Read TRA\u00c7ACOVID\">Llegeix m\u00e9s\u00bb<\/a><\/p>\n","protected":false},"author":1,"featured_media":1737,"comment_status":"closed","ping_status":"closed","sticky":false,"template":"","format":"standard","meta":{"_bbp_topic_count":0,"_bbp_reply_count":0,"_bbp_total_topic_count":0,"_bbp_total_reply_count":0,"_bbp_voice_count":0,"_bbp_anonymous_reply_count":0,"_bbp_topic_count_hidden":0,"_bbp_reply_count_hidden":0,"_bbp_forum_subforum_count":0,"footnotes":""},"categories":[1,4],"tags":[109,110],"class_list":["post-1736","post","type-post","status-publish","format-standard","has-post-thumbnail","hentry","category-general","category-portada","tag-totanirabe","tag-covid-19"],"post_mailing_queue_ids":[],"_links":{"self":[{"href":"https:\/\/agora.xtec.cat\/ceip-drseres-alpicat\/wp-json\/wp\/v2\/posts\/1736","targetHints":{"allow":["GET"]}}],"collection":[{"href":"https:\/\/agora.xtec.cat\/ceip-drseres-alpicat\/wp-json\/wp\/v2\/posts"}],"about":[{"href":"https:\/\/agora.xtec.cat\/ceip-drseres-alpicat\/wp-json\/wp\/v2\/types\/post"}],"author":[{"embeddable":true,"href":"https:\/\/agora.xtec.cat\/ceip-drseres-alpicat\/wp-json\/wp\/v2\/users\/1"}],"replies":[{"embeddable":true,"href":"https:\/\/agora.xtec.cat\/ceip-drseres-alpicat\/wp-json\/wp\/v2\/comments?post=1736"}],"version-history":[{"count":2,"href":"https:\/\/agora.xtec.cat\/ceip-drseres-alpicat\/wp-json\/wp\/v2\/posts\/1736\/revisions"}],"predecessor-version":[{"id":1739,"href":"https:\/\/agora.xtec.cat\/ceip-drseres-alpicat\/wp-json\/wp\/v2\/posts\/1736\/revisions\/1739"}],"wp:featuredmedia":[{"embeddable":true,"href":"https:\/\/agora.xtec.cat\/ceip-drseres-alpicat\/wp-json\/wp\/v2\/media\/1737"}],"wp:attachment":[{"href":"https:\/\/agora.xtec.cat\/ceip-drseres-alpicat\/wp-json\/wp\/v2\/media?parent=1736"}],"wp:term":[{"taxonomy":"category","embeddable":true,"href":"https:\/\/agora.xtec.cat\/ceip-drseres-alpicat\/wp-json\/wp\/v2\/categories?post=1736"},{"taxonomy":"post_tag","embeddable":true,"href":"https:\/\/agora.xtec.cat\/ceip-drseres-alpicat\/wp-json\/wp\/v2\/tags?post=1736"}],"curies":[{"name":"wp","href":"https:\/\/api.w.org\/{rel}","templated":true}]}}