{"id":1503,"date":"2020-07-21T12:42:30","date_gmt":"2020-07-21T10:42:30","guid":{"rendered":"https:\/\/agora.xtec.cat\/ceip-drseres-alpicat\/?p=1503"},"modified":"2020-07-23T12:44:01","modified_gmt":"2020-07-23T10:44:01","slug":"informacio-per-a-les-families-de-p3","status":"publish","type":"post","link":"https:\/\/agora.xtec.cat\/ceip-drseres-alpicat\/general\/informacio-per-a-les-families-de-p3\/","title":{"rendered":"Informaci\u00f3 per a les fam\u00edlies de P3 curs 2020-2021"},"content":{"rendered":"<p><img loading=\"lazy\" decoding=\"async\" class=\"wp-image-1504 size-full alignleft\" src=\"https:\/\/agora.xtec.cat\/ceip-drseres-alpicat\/wp-content\/uploads\/usu1665\/2020\/07\/descarga-e1595320763165.png\" alt=\"\" width=\"267\" height=\"168\" \/>Benvolgudes fam\u00edlies de P3,<\/p>\n<p>En primer lloc, volem donar-vos la benvinguda al centre. \u00c9s un plaer rebre-us i que formeu part de la comunitat educativa de l\u2019escola Doctor Ser\u00e9s.<\/p>\n<p>L\u2019objectiu d\u2019aquesta circular \u00e9s donar-vos a con\u00e8ixer la din\u00e0mica d\u2019Educaci\u00f3 Infantil, sobretot pel que fa als primers dies d\u2019escola, i fer-vos cinc c\u00e8ntims de les normes de funcionament necess\u00e0ries per afavorir l\u2019adaptaci\u00f3 dels vostres fills i filles.<\/p>\n<p>&nbsp;<\/p>\n<h2><strong><span style=\"color: #ff6600;\">Per comen\u00e7ar el curs:<\/span><\/strong><\/h2>\n<p>En primer lloc, hem de tenir en compte que aquest curs ser\u00e0 una mica diferent a la resta, comen\u00e7ant per aquesta circular. Normalment, durant el mes de juny f\u00e8iem una reuni\u00f3 informativa per parlar de tots aquests aspectes que us comentarem; doncs b\u00e9, enguany hem de donar la informaci\u00f3 per escrit, ja que no hem pogut dur-la a terme a causa de la covid-19.<\/p>\n<p>Aquest curs tindrem dos grups classe (P3 A i P3 B), amb dues aules de P3; anteriorment ja heu hagut de rebre si els vostres infants formen part de P3 A o B. Els alumnes s\u2019han distribu\u00eft de forma heterog\u00e8nia entre aquests dos grups.<\/p>\n<p>Durant els primers dies de setembre \u00e9s habitual, tamb\u00e9, fer tutories amb les fam\u00edlies del grup. Aquest curs haurem de buscar una alternativa per a fer-les; estem a l\u2019espera de rebre m\u00e9s indicacions per part del Departament d\u2019Educaci\u00f3.<\/p>\n<p>Per altra banda, en uns dies rebreu un correu informatiu sobre l\u2019adaptaci\u00f3 dels primers dies a l\u2019escola. Mentrestant, podeu consultar el document sobre l&#8217;<strong><a href=\"https:\/\/agora.xtec.cat\/ceip-drseres-alpicat\/wp-content\/uploads\/usu1665\/2020\/07\/L_adaptaci\u00f3-a-l_escola.pdf\" target=\"_blank\" rel=\"noopener noreferrer\">adaptaci\u00f3 a l&#8217;escola<\/a><\/strong>.<\/p>\n<p>&nbsp;<\/p>\n<p><span style=\"text-decoration: underline;\">De <strong><span style=\"color: #ff0000;\">l&#8217;1 al 4 de setembre haureu d&#8217;enviar al correu electr\u00f2nic de l&#8217;escola c5000468@xtec.cat:<\/span><\/strong><\/span><\/p>\n<ul>\n<li>El <a href=\"https:\/\/agora.xtec.cat\/ceip-drseres-alpicat\/wp-content\/uploads\/usu1665\/2020\/07\/Q\u00fcestionari_incial_P3-editable.pdf\" target=\"_blank\" rel=\"noopener noreferrer\"><strong>q\u00fcestionari inicial de P3 <\/strong><\/a>omplert. \u00c9s molt important que no l\u2019ompliu ni envieu abans d\u2019aquestes dates, ja que durant l\u2019estiu es poden produir canvis substancials en l\u2019evoluci\u00f3 dels infants.<\/li>\n<li><a href=\"https:\/\/agora.xtec.cat\/ceip-drseres-alpicat\/wp-content\/uploads\/usu1665\/2020\/07\/Carta_de_comprom\u00eds_actual_editable-1.pdf\" target=\"_blank\" rel=\"noopener noreferrer\"><strong>Carta de comprom\u00eds<\/strong><\/a> omplerta i signada.<\/li>\n<\/ul>\n<p>* En el cas que tingueu alguna dificultat per omplir els dos documents word amb l\u2019ordinador i enviar-ho a l\u2019escola, els podeu imprimir, omplir i durant el mateix per\u00edode podeu dipositar-los a la b\u00fastia que hi ha situada a l&#8217;exterior de l\u2019escola.<\/p>\n<p>&nbsp;<\/p>\n<p><span style=\"text-decoration: underline;\">Per altra banda, de <strong><span style=\"color: #ff0000;\">l&#8217;1 al 4 de setembre haureu de dipositar a la b\u00fastia que hi ha situada a l&#8217;exterior de l&#8217;escola:<\/span><\/strong><\/span><\/p>\n<ul>\n<li>Un total de <strong>6 fotografies mida carnet<\/strong>: 3 fotografies per a l\u2019escola i 3 pel menjador escolar (tant si preveieu que es quedi, com si no).<\/li>\n<li>Les fotografies hauran d&#8217;anar <strong>dins d&#8217;un sobre i amb el nom de l&#8217;alumne posat<\/strong>.<\/li>\n<\/ul>\n<p>&nbsp;<\/p>\n<h2><\/h2>\n<h2><strong><span style=\"color: #ff6600;\">Horari:<\/span><\/strong><\/h2>\n<p>Des del dia <strong>14 de setembre del 2020,<\/strong> que comen\u00e7a el curs escolar, i<strong> fins al 4 de juny del 2021<\/strong>, (ja que del 7 al 22 de juny ser\u00e0 jornada continuada) l\u2019horari ser\u00e0 de les<strong> 9h a les 12.30h\u00a0<\/strong>i de les<strong> 15h a les 16.30h<\/strong>; tot i aix\u00f2, al setembre us donarem indicacions m\u00e9s precises, ja que les entrades i sortides de l\u2019escola hauran de ser esglaonades.<\/p>\n<p>Els dies festius del centre i altres informacions importants, es lliuraran amb la circular general d\u2019inici del curs durant els primers dies d&#8217;escola.<\/p>\n<p><strong>Els nens\/es de P3 hauran d\u2019entrar i sortir per la porta que d\u00f3na a la Pla\u00e7a Gaud\u00ed<\/strong>, (davant de la rotonda). Us demanem m\u00e0xima puntualitat, ja que enguany les entrades i sortides estaran marcades pel Pla d\u2019organitzaci\u00f3 del curs 2020-2021, ben diferent al que s\u2019havia establert en cursos anteriors. <strong>Recordem a les fam\u00edlies que no es pot aparcar ni parar al voltant de la rotonda, ja que hem d\u2019afavorir la circulaci\u00f3 i flu\u00efdesa de tot el tr\u00e0nsit.<\/strong> Al costat de l\u2019escola hi ha un descampat ideal per deixar-hi el cotxe i anar fins a la porta de l\u2019escola.<\/p>\n<p>&nbsp;<\/p>\n<h2><\/h2>\n<h2><\/h2>\n<h2><strong><span style=\"color: #ff6600;\">Material:<\/span><\/strong><\/h2>\n<h5><span style=\"text-decoration: underline;\"><strong>Bates escolars:<\/strong><\/span><\/h5>\n<ul>\n<li>Punts de venda: Segle XX: c\/ Lleida, 102 Alpicat. Tel\u00e8fon de contacte: 696606150.<\/li>\n<\/ul>\n<p>Aquestes bates han de dur una beta llarga per penjar-la i han d\u2019estar marcades amb el nom del\/la nen\/a. Seria convenient que el primer bot\u00f3 de la bata i trau fossin de colors: blau, roig,&#8230; aix\u00f2 ajudar\u00e0 al nen\/a a trobar-la m\u00e9s r\u00e0pidament.<\/p>\n<p>&nbsp;<\/p>\n<h5><span style=\"text-decoration: underline;\"><strong>Xandall de l&#8217;escola:<\/strong><\/span><\/h5>\n<p>L&#8217;han de portar tots els dies que fan psicomotricitat i quan van d\u2019excursi\u00f3. Per altra banda, l&#8217;AMPA regala la gorra a tots els alumnes de P3 per a qu\u00e8 la duguin quan van d&#8217;excursi\u00f3.<\/p>\n<p>Per al curs 2020-2021 est\u00e0 previst que canvii el model de xandall de l\u2019escola. Durant aquest mes de juliol l\u2019AMPA publicar\u00e0 a la seva web el model, preu i punts de venda.<\/p>\n<p>&nbsp;<\/p>\n<h5><span style=\"text-decoration: underline;\"><strong>Material que caldr\u00e0 portar:<\/strong><\/span><\/h5>\n<ul>\n<li><strong>El primer dia de curs:<\/strong> En una bossa gran de roba i tamb\u00e9 marcada, heu de posar una muda de roba complerta per si cal canviar el nen\/a. Penseu que al canvi d\u2019estaci\u00f3 cal renovar la muda.<\/li>\n<li><strong>Cada dia de la setmana<\/strong> hauran de portar una bosseta petita de roba amb l\u2019esmorzar i una ampolla d\u2019aigua, sense motxilla, per poder deixar lliures els penjadors.<\/li>\n<li><strong>Els dilluns i els divendres<\/strong> caldr\u00e0 que tots els alumnes portin una motxilla petita sense rodes, ja que cada divendres els nens\/es s\u2019emportaran la bata a casa per netejar-la i la duran a l\u2019escola cada dilluns.<\/li>\n<\/ul>\n<p>\u21d2<strong>\u00c9s molt important que les jaquetes, anoracs, xandall de l\u2019escola, bata escolar, bufandes, gorros, guants\u2026 que el nen\/a dugui, estigui marcat amb el nom i tingui una beta llarga per poder-ho penjar correctament.<\/strong><\/p>\n<p>El nen\/a ha de venir a l\u2019escola amb roba c\u00f2moda, evitant cinturons, petos, millor goma que botons&#8230; la ra\u00f3 \u00e9s senzilla, aix\u00ed adquireix m\u00e9s autonomia a l\u2019hora d\u2019anar al lavabo i se sent m\u00e9s gran, ja que no necessita l\u2019ajuda dels altres.<\/p>\n<h4><\/h4>\n<h2><\/h2>\n<h2><\/h2>\n<h2><strong><span style=\"color: #ff6600;\">Esmorzar:<\/span><\/strong><\/h2>\n<ul>\n<li>Recomanem i demanem que tots els alumnes vinguin esmorzats de casa i que, com a molt, es porti un <strong>petit esmorzar<\/strong> en un tupperware (per exemple una pe\u00e7a de fruita o 2 galetes) que es menjar\u00e0 en un espai de temps de 15 minuts<strong> abans de sortir al pati<\/strong> (cap a les 11h).<\/li>\n<li>Al centre tots els <strong>dimecres s\u2019esmorza fruita<\/strong> i els alumnes n\u2019han de portar de casa.<\/li>\n<\/ul>\n<p><strong>\u21d2\u00c9s una norma de tot el cicle d\u2019Educaci\u00f3 Infantil que no es portin sucs ni esmorzars de cullera.<\/strong><\/p>\n<p><strong>\u21d2Amb l\u2019objectiu de millorar en la gesti\u00f3 del reciclatge i la conscienciaci\u00f3 amb el medi ambient, es recomana prescindir del paper d\u2019alumini, els pl\u00e0stics i els envasos lleugers d\u2019un sol \u00fas per embolicar l\u2019esmorzar i s\u2019aconsella utilitzar alternatives que no generin residus (farcells, carmanyola, bosseta de roba, etc.).<\/strong><\/p>\n<h2><\/h2>\n<h2><\/h2>\n<h2><strong><span style=\"color: #ff6600;\">Consideracions finals:<\/span><\/strong><\/h2>\n<p><strong>Si algun nen\/a t\u00e9 alguna al\u00b7l\u00e8rgia<\/strong> o algun altre tret destacable, cal <strong>comunicar-ho a la tutora<\/strong> el m\u00e9s aviat possible; si m\u00e9s no, durant els primers dies del curs us donarem una circular per omplir amb tots els detalls.<\/p>\n<p>Donat que hi ha diversos alumnes amb al\u00b7l\u00e8rgies aliment\u00e0ries, <strong>no se celebraran els aniversaris a l\u2019escola<\/strong>; per tant, la celebraci\u00f3 es realitzar\u00e0 des de l\u2019aspecte l\u00fadicpedag\u00f2gic.<\/p>\n<p><strong>No es permet portar regals individuals<\/strong> per a cada nen\/a, aix\u00ed com <strong>invitacions personals per realitzar celebracions a fora del centre escolar<\/strong>.<\/p>\n<p>Moltes vegades els nens\/es porten joguines a l\u2019aula i algun cop es trenquen, per evitar cap disgust innecessari us demanem la vostra col\u00b7laboraci\u00f3, per a qu\u00e8 els vostres fills\/es deixin les joguines a casa. A l\u2019escola ja n\u2019hi ha moltes i podran gaudir-ne durant tota la jornada escolar.<\/p>\n<p>&nbsp;<\/p>\n<h2><\/h2>\n<h2><strong><span style=\"color: #ff6600;\">Servei d&#8217;acollida i menjador escolar:<\/span><\/strong><\/h2>\n<p>Per a m\u00e9s informaci\u00f3 cliqueu<strong> <a href=\"https:\/\/agora.xtec.cat\/ceip-drseres-alpicat\/serveis\/menjador-escolar\/\" target=\"_blank\" rel=\"noopener noreferrer\">aqu\u00ed.<\/a><\/strong><\/p>\n<p>&nbsp;<\/p>\n<h2><\/h2>\n<h2><strong><span style=\"color: #ff6600;\">AMPA:<\/span><\/strong><\/h2>\n<p>Per a m\u00e9s informaci\u00f3 cliqueu <strong><a href=\"https:\/\/www.ampadoctorseres.cat\/\" target=\"_blank\" rel=\"noopener noreferrer\">aqu\u00ed<\/a>.<\/strong><\/p>\n<p><iframe loading=\"lazy\" title=\"Video presentaci\u00f3 AMPA 2019-2020\" width=\"500\" height=\"281\" src=\"https:\/\/www.youtube.com\/embed\/swKNjYiEDYg?feature=oembed\" frameborder=\"0\" allow=\"accelerometer; autoplay; clipboard-write; encrypted-media; gyroscope; picture-in-picture; web-share\" referrerpolicy=\"strict-origin-when-cross-origin\" allowfullscreen><\/iframe><\/p>\n<p>&nbsp;<\/p>\n","protected":false},"excerpt":{"rendered":"<p>Benvolgudes fam\u00edlies de P3,<br \/>\nEn primer lloc, volem donar-vos la benvinguda al centre. \u00c9s un plaer rebre-us i que formeu part de la comunitat educativa de l\u2019escola Doctor Ser\u00e9s.<br \/>\nL\u2019objectiu d\u2019aquesta circular \u00e9s donar-vos a con\u00e8ixer la din\u00e0mica d\u2019Educaci\u00f3 Infantil, sobretot pel que fa als primers dies&hellip;  <a href=\"https:\/\/agora.xtec.cat\/ceip-drseres-alpicat\/general\/informacio-per-a-les-families-de-p3\/\" title=\"Read Informaci\u00f3 per a les fam\u00edlies de P3 curs 2020-2021\">Llegeix m\u00e9s\u00bb<\/a><\/p>\n","protected":false},"author":1,"featured_media":1504,"comment_status":"closed","ping_status":"closed","sticky":false,"template":"","format":"standard","meta":{"_bbp_topic_count":0,"_bbp_reply_count":0,"_bbp_total_topic_count":0,"_bbp_total_reply_count":0,"_bbp_voice_count":0,"_bbp_anonymous_reply_count":0,"_bbp_topic_count_hidden":0,"_bbp_reply_count_hidden":0,"_bbp_forum_subforum_count":0,"footnotes":""},"categories":[1,4],"tags":[103,94,113,102],"class_list":["post-1503","post","type-post","status-publish","format-standard","has-post-thumbnail","hentry","category-general","category-portada","tag-ampa","tag-infantil","tag-menjador-escolar","tag-reunio-inici-curs"],"post_mailing_queue_ids":[],"_links":{"self":[{"href":"https:\/\/agora.xtec.cat\/ceip-drseres-alpicat\/wp-json\/wp\/v2\/posts\/1503","targetHints":{"allow":["GET"]}}],"collection":[{"href":"https:\/\/agora.xtec.cat\/ceip-drseres-alpicat\/wp-json\/wp\/v2\/posts"}],"about":[{"href":"https:\/\/agora.xtec.cat\/ceip-drseres-alpicat\/wp-json\/wp\/v2\/types\/post"}],"author":[{"embeddable":true,"href":"https:\/\/agora.xtec.cat\/ceip-drseres-alpicat\/wp-json\/wp\/v2\/users\/1"}],"replies":[{"embeddable":true,"href":"https:\/\/agora.xtec.cat\/ceip-drseres-alpicat\/wp-json\/wp\/v2\/comments?post=1503"}],"version-history":[{"count":3,"href":"https:\/\/agora.xtec.cat\/ceip-drseres-alpicat\/wp-json\/wp\/v2\/posts\/1503\/revisions"}],"predecessor-version":[{"id":1624,"href":"https:\/\/agora.xtec.cat\/ceip-drseres-alpicat\/wp-json\/wp\/v2\/posts\/1503\/revisions\/1624"}],"wp:featuredmedia":[{"embeddable":true,"href":"https:\/\/agora.xtec.cat\/ceip-drseres-alpicat\/wp-json\/wp\/v2\/media\/1504"}],"wp:attachment":[{"href":"https:\/\/agora.xtec.cat\/ceip-drseres-alpicat\/wp-json\/wp\/v2\/media?parent=1503"}],"wp:term":[{"taxonomy":"category","embeddable":true,"href":"https:\/\/agora.xtec.cat\/ceip-drseres-alpicat\/wp-json\/wp\/v2\/categories?post=1503"},{"taxonomy":"post_tag","embeddable":true,"href":"https:\/\/agora.xtec.cat\/ceip-drseres-alpicat\/wp-json\/wp\/v2\/tags?post=1503"}],"curies":[{"name":"wp","href":"https:\/\/api.w.org\/{rel}","templated":true}]}}