{"id":1377,"date":"2020-05-25T09:53:54","date_gmt":"2020-05-25T07:53:54","guid":{"rendered":"https:\/\/agora.xtec.cat\/ceip-drseres-alpicat\/?p=1377"},"modified":"2020-05-25T09:57:15","modified_gmt":"2020-05-25T07:57:15","slug":"concurs-de-merits-de-seleccio-de-direccions","status":"publish","type":"post","link":"https:\/\/agora.xtec.cat\/ceip-drseres-alpicat\/general\/concurs-de-merits-de-seleccio-de-direccions\/","title":{"rendered":"Concurs de m\u00e8rits de selecci\u00f3 de direccions"},"content":{"rendered":"<p><img loading=\"lazy\" decoding=\"async\" class=\" wp-image-1379 alignleft\" src=\"https:\/\/agora.xtec.cat\/ceip-drseres-alpicat\/wp-content\/uploads\/usu1665\/2020\/05\/image-150x150.jpg\" alt=\"\" width=\"220\" height=\"220\" srcset=\"https:\/\/agora.xtec.cat\/ceip-drseres-alpicat\/wp-content\/uploads\/usu1665\/2020\/05\/image-150x150.jpg 150w, https:\/\/agora.xtec.cat\/ceip-drseres-alpicat\/wp-content\/uploads\/usu1665\/2020\/05\/image.jpg 200w\" sizes=\"auto, (max-width: 220px) 100vw, 220px\" \/>Per la Resoluci\u00f3 EDU\/3176\/2019, de 25 de novembre, es va convocar concurs de m\u00e8rits per seleccionar el director o directora de diversos centres educatius dependents del Departament d&#8217;Educaci\u00f3, i es van aprovar i fer p\u00fabliques les bases de la convocat\u00f2ria per les quals s&#8217;havia de regir l&#8217;esmentat concurs de m\u00e8rits.<\/p>\n<p>El Reial Decret 463\/2020, de 14 de mar\u00e7, pel qual es declara l&#8217;estat d&#8217;alarma per a la gesti\u00f3 de la situaci\u00f3 de la crisi sanit\u00e0ria ocasionada pel COVID-19, en la seva disposici\u00f3 addicional tercera, ha susp\u00e8s de forma gen\u00e8rica els terminis administratius des del dia 14 de mar\u00e7.<\/p>\n<p>At\u00e8s que el nomenament de directors i directores en els centres educatius p\u00fablics es considera essencial per al correcte funcionament i posada en marxa dels centres educatius per al curs 2020-2021, el Conseller d&#8217;Educaci\u00f3 de la Generalitat de Catalunya, dicta la Resoluci\u00f3 EDU\/1003\/2020, d&#8217;11 de maig.<\/p>\n<p><a href=\"http:\/\/ensenyament.gencat.cat\/web\/.content\/home\/departament\/serveis-territorials\/lleida\/personal-docent\/concurs-seleccio-direccions\/LLE-escola-2-comissio-definitiva-copy-00001-copy-00001-copy-00001-copy-00001-copy-00001-copy-00001-copy-00001-copy-00001-copy-00001-copy-00001-copy-00001-copy-00001-copy-00002-copy-00001.pdf\" target=\"_blank\" rel=\"noopener noreferrer\">En aquest enlla\u00e7 podeu\u00a0 consultar l&#8217;acta de la comissi\u00f3 de selecci\u00f3 de director\/a de: Fase2 &#8211; Provisional de l&#8217;Escola Doctor Ser\u00e9s.<\/a><\/p>\n","protected":false},"excerpt":{"rendered":"<p>Per la Resoluci\u00f3 EDU\/3176\/2019, de 25 de novembre, es va convocar concurs de m\u00e8rits per seleccionar el director o directora de diversos centres educatius dependents del Departament d&#8217;Educaci\u00f3, i es van aprovar i fer p\u00fabliques les bases de la convocat\u00f2ria per les quals s&#8217;havia de&hellip;  <a href=\"https:\/\/agora.xtec.cat\/ceip-drseres-alpicat\/general\/concurs-de-merits-de-seleccio-de-direccions\/\" title=\"Read Concurs de m\u00e8rits de selecci\u00f3 de direccions\">Llegeix m\u00e9s\u00bb<\/a><\/p>\n","protected":false},"author":1,"featured_media":1379,"comment_status":"closed","ping_status":"closed","sticky":false,"template":"","format":"standard","meta":{"_bbp_topic_count":0,"_bbp_reply_count":0,"_bbp_total_topic_count":0,"_bbp_total_reply_count":0,"_bbp_voice_count":0,"_bbp_anonymous_reply_count":0,"_bbp_topic_count_hidden":0,"_bbp_reply_count_hidden":0,"_bbp_forum_subforum_count":0,"footnotes":""},"categories":[1,4],"tags":[94,95],"class_list":["post-1377","post","type-post","status-publish","format-standard","has-post-thumbnail","hentry","category-general","category-portada","tag-infantil","tag-primaria"],"post_mailing_queue_ids":[],"_links":{"self":[{"href":"https:\/\/agora.xtec.cat\/ceip-drseres-alpicat\/wp-json\/wp\/v2\/posts\/1377","targetHints":{"allow":["GET"]}}],"collection":[{"href":"https:\/\/agora.xtec.cat\/ceip-drseres-alpicat\/wp-json\/wp\/v2\/posts"}],"about":[{"href":"https:\/\/agora.xtec.cat\/ceip-drseres-alpicat\/wp-json\/wp\/v2\/types\/post"}],"author":[{"embeddable":true,"href":"https:\/\/agora.xtec.cat\/ceip-drseres-alpicat\/wp-json\/wp\/v2\/users\/1"}],"replies":[{"embeddable":true,"href":"https:\/\/agora.xtec.cat\/ceip-drseres-alpicat\/wp-json\/wp\/v2\/comments?post=1377"}],"version-history":[{"count":1,"href":"https:\/\/agora.xtec.cat\/ceip-drseres-alpicat\/wp-json\/wp\/v2\/posts\/1377\/revisions"}],"predecessor-version":[{"id":1380,"href":"https:\/\/agora.xtec.cat\/ceip-drseres-alpicat\/wp-json\/wp\/v2\/posts\/1377\/revisions\/1380"}],"wp:featuredmedia":[{"embeddable":true,"href":"https:\/\/agora.xtec.cat\/ceip-drseres-alpicat\/wp-json\/wp\/v2\/media\/1379"}],"wp:attachment":[{"href":"https:\/\/agora.xtec.cat\/ceip-drseres-alpicat\/wp-json\/wp\/v2\/media?parent=1377"}],"wp:term":[{"taxonomy":"category","embeddable":true,"href":"https:\/\/agora.xtec.cat\/ceip-drseres-alpicat\/wp-json\/wp\/v2\/categories?post=1377"},{"taxonomy":"post_tag","embeddable":true,"href":"https:\/\/agora.xtec.cat\/ceip-drseres-alpicat\/wp-json\/wp\/v2\/tags?post=1377"}],"curies":[{"name":"wp","href":"https:\/\/api.w.org\/{rel}","templated":true}]}}