{"id":1088,"date":"2020-05-25T15:37:56","date_gmt":"2020-05-25T13:37:56","guid":{"rendered":"https:\/\/agora.xtec.cat\/ceip-drseres-alpicat\/?p=1088"},"modified":"2020-06-08T09:14:56","modified_gmt":"2020-06-08T07:14:56","slug":"raco-del-conte","status":"publish","type":"post","link":"https:\/\/agora.xtec.cat\/ceip-drseres-alpicat\/general\/raco-del-conte\/","title":{"rendered":"Rac\u00f3 dels contes"},"content":{"rendered":"<p><img loading=\"lazy\" decoding=\"async\" class=\"aligncenter size-full wp-image-1091\" src=\"https:\/\/agora.xtec.cat\/ceip-drseres-alpicat\/wp-content\/uploads\/usu1665\/2020\/04\/images-1.jpg\" alt=\"\" width=\"235\" height=\"214\" \/><\/p>\n<p>&nbsp;<\/p>\n<p>En aquest espai anirem compartint nous v\u00eddeos de la N\u00faria Reche, mestra d&#8217;educaci\u00f3 infantil de la nostra escola, on hi surt explicant contes infantils.<\/p>\n<p>&nbsp;<\/p>\n<hr \/>\n<p><iframe loading=\"lazy\" title=\"5 de juny de 2020\" width=\"500\" height=\"281\" src=\"https:\/\/www.youtube.com\/embed\/bd7dqrHrvvg?start=11&#038;feature=oembed\" frameborder=\"0\" allow=\"accelerometer; autoplay; clipboard-write; encrypted-media; gyroscope; picture-in-picture; web-share\" referrerpolicy=\"strict-origin-when-cross-origin\" allowfullscreen><\/iframe><\/p>\n<p>&nbsp;<\/p>\n<p><img loading=\"lazy\" decoding=\"async\" class=\"alignleft wp-image-1425\" src=\"https:\/\/agora.xtec.cat\/ceip-drseres-alpicat\/wp-content\/uploads\/usu1665\/2020\/04\/71nVgmEe2xL.jpg\" alt=\"\" width=\"150\" height=\"150\" srcset=\"https:\/\/agora.xtec.cat\/ceip-drseres-alpicat\/wp-content\/uploads\/usu1665\/2020\/04\/71nVgmEe2xL.jpg 1499w, https:\/\/agora.xtec.cat\/ceip-drseres-alpicat\/wp-content\/uploads\/usu1665\/2020\/04\/71nVgmEe2xL-150x150.jpg 150w, https:\/\/agora.xtec.cat\/ceip-drseres-alpicat\/wp-content\/uploads\/usu1665\/2020\/04\/71nVgmEe2xL-300x300.jpg 300w, https:\/\/agora.xtec.cat\/ceip-drseres-alpicat\/wp-content\/uploads\/usu1665\/2020\/04\/71nVgmEe2xL-768x769.jpg 768w, https:\/\/agora.xtec.cat\/ceip-drseres-alpicat\/wp-content\/uploads\/usu1665\/2020\/04\/71nVgmEe2xL-1024x1024.jpg 1024w\" sizes=\"auto, (max-width: 150px) 100vw, 150px\" \/><\/p>\n<h3><span style=\"text-decoration: underline;\"><a href=\"https:\/\/www.youtube.com\/watch?v=9bLvH4--3Fg\" target=\"_blank\" rel=\"noopener noreferrer\">Petita Quitx\u00e9<\/a><\/span><\/h3>\n<p>Autora i ilustradora: Patricia Geis<\/p>\n<p>Contacontes: N\u00faria Reche<\/p>\n<p>&nbsp;<\/p>\n<p>&nbsp;<\/p>\n<p><img loading=\"lazy\" decoding=\"async\" class=\"wp-image-1371 alignleft\" src=\"https:\/\/agora.xtec.cat\/ceip-drseres-alpicat\/wp-content\/uploads\/usu1665\/2020\/04\/9788424664916-150x150.jpg\" alt=\"\" width=\"151\" height=\"151\" \/><\/p>\n<h3><a href=\"https:\/\/www.youtube.com\/watch?v=QeBTCug69HQ\" target=\"_blank\" rel=\"noopener noreferrer\"><span style=\"text-decoration: underline;\">La maleta<\/span><\/a><\/h3>\n<p>Autora: CHRIS NAYLOR-BALLESTEROS<\/p>\n<p>Contacontes: N\u00faria Reche<\/p>\n<p>&nbsp;<\/p>\n<p>&nbsp;<\/p>\n<p><img loading=\"lazy\" decoding=\"async\" class=\"wp-image-1368 alignleft\" src=\"https:\/\/agora.xtec.cat\/ceip-drseres-alpicat\/wp-content\/uploads\/usu1665\/2020\/04\/511npKAZaNL._SX260_-150x150.jpg\" alt=\"\" width=\"150\" height=\"150\" \/><\/p>\n<h3><a href=\"https:\/\/www.youtube.com\/watch?v=EVugwhXkKbs\" target=\"_blank\" rel=\"noopener noreferrer\"><span style=\"text-decoration: underline;\">El meu amic extraterrestre<\/span><\/a><\/h3>\n<p>Autora i ilustradora: Roc\u00edo Bonilla<\/p>\n<p>Contacontes: N\u00faria Reche<\/p>\n<p>&nbsp;<\/p>\n<p>&nbsp;<\/p>\n<p><img loading=\"lazy\" decoding=\"async\" class=\"size-thumbnail wp-image-1316 alignleft\" src=\"https:\/\/agora.xtec.cat\/ceip-drseres-alpicat\/wp-content\/uploads\/usu1665\/2020\/04\/61A4le5J2yL._AC_UL600_SR600600_-150x150.jpg\" alt=\"\" width=\"150\" height=\"150\" srcset=\"https:\/\/agora.xtec.cat\/ceip-drseres-alpicat\/wp-content\/uploads\/usu1665\/2020\/04\/61A4le5J2yL._AC_UL600_SR600600_-150x150.jpg 150w, https:\/\/agora.xtec.cat\/ceip-drseres-alpicat\/wp-content\/uploads\/usu1665\/2020\/04\/61A4le5J2yL._AC_UL600_SR600600_-300x300.jpg 300w, https:\/\/agora.xtec.cat\/ceip-drseres-alpicat\/wp-content\/uploads\/usu1665\/2020\/04\/61A4le5J2yL._AC_UL600_SR600600_.jpg 600w\" sizes=\"auto, (max-width: 150px) 100vw, 150px\" \/><\/p>\n<h3><a href=\"https:\/\/www.youtube.com\/watch?v=Djxq4JBu3PI\" target=\"_blank\" rel=\"noopener noreferrer\"><span style=\"text-decoration: underline;\">Petit Maori<\/span><\/a><\/h3>\n<p>Autora i ilustradora: Patricia Geis<\/p>\n<p>Contacontes: N\u00faria Reche<\/p>\n<p>&nbsp;<\/p>\n<p>&nbsp;<\/p>\n<p><img loading=\"lazy\" decoding=\"async\" class=\"size-thumbnail wp-image-1145 alignleft\" src=\"https:\/\/agora.xtec.cat\/ceip-drseres-alpicat\/wp-content\/uploads\/usu1665\/2020\/04\/6341499247995_XXL-150x150.jpg\" alt=\"\" width=\"150\" height=\"150\" srcset=\"https:\/\/agora.xtec.cat\/ceip-drseres-alpicat\/wp-content\/uploads\/usu1665\/2020\/04\/6341499247995_XXL-150x150.jpg 150w, https:\/\/agora.xtec.cat\/ceip-drseres-alpicat\/wp-content\/uploads\/usu1665\/2020\/04\/6341499247995_XXL-300x300.jpg 300w, https:\/\/agora.xtec.cat\/ceip-drseres-alpicat\/wp-content\/uploads\/usu1665\/2020\/04\/6341499247995_XXL-768x768.jpg 768w, https:\/\/agora.xtec.cat\/ceip-drseres-alpicat\/wp-content\/uploads\/usu1665\/2020\/04\/6341499247995_XXL-1024x1024.jpg 1024w, https:\/\/agora.xtec.cat\/ceip-drseres-alpicat\/wp-content\/uploads\/usu1665\/2020\/04\/6341499247995_XXL.jpg 1400w\" sizes=\"auto, (max-width: 150px) 100vw, 150px\" \/><\/p>\n<h3><span style=\"text-decoration: underline;\"><a href=\"https:\/\/www.youtube.com\/watch?v=o5Gh20bTUbI\" target=\"_blank\" rel=\"noopener noreferrer\">\u00bfDe qu\u00e9 color es un beso?<\/a><\/span><\/h3>\n<p>Autora i ilustradora: Roc\u00edo Bonilla<\/p>\n<p>Contacontes: N\u00faria Reche<\/p>\n<p>&nbsp;<\/p>\n<p>&nbsp;<\/p>\n<p><img loading=\"lazy\" decoding=\"async\" class=\"wp-image-1089 alignleft\" src=\"https:\/\/agora.xtec.cat\/ceip-drseres-alpicat\/wp-content\/uploads\/usu1665\/2020\/04\/9788478643578_04_g-150x150.jpg\" alt=\"\" width=\"150\" height=\"150\" srcset=\"https:\/\/agora.xtec.cat\/ceip-drseres-alpicat\/wp-content\/uploads\/usu1665\/2020\/04\/9788478643578_04_g-150x150.jpg 150w, https:\/\/agora.xtec.cat\/ceip-drseres-alpicat\/wp-content\/uploads\/usu1665\/2020\/04\/9788478643578_04_g-300x300.jpg 300w, https:\/\/agora.xtec.cat\/ceip-drseres-alpicat\/wp-content\/uploads\/usu1665\/2020\/04\/9788478643578_04_g-768x769.jpg 768w, https:\/\/agora.xtec.cat\/ceip-drseres-alpicat\/wp-content\/uploads\/usu1665\/2020\/04\/9788478643578_04_g-1024x1024.jpg 1024w, https:\/\/agora.xtec.cat\/ceip-drseres-alpicat\/wp-content\/uploads\/usu1665\/2020\/04\/9788478643578_04_g.jpg 1499w\" sizes=\"auto, (max-width: 150px) 100vw, 150px\" \/><\/p>\n<h3><a href=\"https:\/\/www.youtube.com\/watch?v=xJjPgYKIH4I&amp;feature=emb_logo\" target=\"_blank\" rel=\"noopener noreferrer\"><span style=\"text-decoration: underline;\">Petita nenet<\/span><\/a><\/h3>\n<p>Autora i ilustradora: Patricia Geis<\/p>\n<p>Contacontes: N\u00faria Reche<\/p>\n<p>&nbsp;<\/p>\n<p>&nbsp;<\/p>\n<p><img loading=\"lazy\" decoding=\"async\" class=\"alignleft wp-image-1097 size-thumbnail\" src=\"https:\/\/agora.xtec.cat\/ceip-drseres-alpicat\/wp-content\/uploads\/usu1665\/2020\/04\/unnamed-150x150.jpg\" alt=\"\" width=\"150\" height=\"150\" srcset=\"https:\/\/agora.xtec.cat\/ceip-drseres-alpicat\/wp-content\/uploads\/usu1665\/2020\/04\/unnamed-150x150.jpg 150w, https:\/\/agora.xtec.cat\/ceip-drseres-alpicat\/wp-content\/uploads\/usu1665\/2020\/04\/unnamed-300x300.jpg 300w, https:\/\/agora.xtec.cat\/ceip-drseres-alpicat\/wp-content\/uploads\/usu1665\/2020\/04\/unnamed.jpg 511w\" sizes=\"auto, (max-width: 150px) 100vw, 150px\" \/><\/p>\n<h3><a href=\"https:\/\/www.youtube.com\/watch?time_continue=264&amp;v=loS9qCu_11o&amp;feature=emb_logo\" target=\"_blank\" rel=\"noopener noreferrer\"><span style=\"text-decoration: underline;\">No tan lluny<\/span><\/a><\/h3>\n<p>Autora i ilustradora: Meritxe Par\u00eds i Laura Garc\u00eda<\/p>\n<p>Contacontes: N\u00faria Reche<\/p>\n<p>&nbsp;<\/p>\n<p>&nbsp;<\/p>\n<p><img loading=\"lazy\" decoding=\"async\" class=\"alignleft wp-image-1098 \" src=\"https:\/\/agora.xtec.cat\/ceip-drseres-alpicat\/wp-content\/uploads\/usu1665\/2020\/04\/c460af8a0f8767aad5a1bcc007bfe3af-300x212.jpg\" alt=\"\" width=\"243\" height=\"172\" srcset=\"https:\/\/agora.xtec.cat\/ceip-drseres-alpicat\/wp-content\/uploads\/usu1665\/2020\/04\/c460af8a0f8767aad5a1bcc007bfe3af-300x212.jpg 300w, https:\/\/agora.xtec.cat\/ceip-drseres-alpicat\/wp-content\/uploads\/usu1665\/2020\/04\/c460af8a0f8767aad5a1bcc007bfe3af-768x543.jpg 768w, https:\/\/agora.xtec.cat\/ceip-drseres-alpicat\/wp-content\/uploads\/usu1665\/2020\/04\/c460af8a0f8767aad5a1bcc007bfe3af-1024x724.jpg 1024w, https:\/\/agora.xtec.cat\/ceip-drseres-alpicat\/wp-content\/uploads\/usu1665\/2020\/04\/c460af8a0f8767aad5a1bcc007bfe3af.jpg 1600w\" sizes=\"auto, (max-width: 243px) 100vw, 243px\" \/><\/p>\n<h3><a href=\"https:\/\/www.youtube.com\/watch?time_continue=141&amp;v=Gp8WUsosAYk&amp;feature=emb_logo\" target=\"_blank\" rel=\"noopener noreferrer\"><span style=\"text-decoration: underline;\">Can\u00e7\u00f3 Primavera, Primavera<\/span><\/a><\/h3>\n<p>&nbsp;<\/p>\n<p>&nbsp;<\/p>\n<p>&nbsp;<\/p>\n<p>&nbsp;<\/p>\n<p>&nbsp;<\/p>\n<p><img loading=\"lazy\" decoding=\"async\" class=\"alignleft wp-image-1099 size-medium\" src=\"https:\/\/agora.xtec.cat\/ceip-drseres-alpicat\/wp-content\/uploads\/usu1665\/2020\/04\/71BGpaRxLEL-196x300.jpg\" alt=\"\" width=\"196\" height=\"300\" srcset=\"https:\/\/agora.xtec.cat\/ceip-drseres-alpicat\/wp-content\/uploads\/usu1665\/2020\/04\/71BGpaRxLEL-196x300.jpg 196w, https:\/\/agora.xtec.cat\/ceip-drseres-alpicat\/wp-content\/uploads\/usu1665\/2020\/04\/71BGpaRxLEL-670x1024.jpg 670w, https:\/\/agora.xtec.cat\/ceip-drseres-alpicat\/wp-content\/uploads\/usu1665\/2020\/04\/71BGpaRxLEL.jpg 755w\" sizes=\"auto, (max-width: 196px) 100vw, 196px\" \/><\/p>\n<h3><a href=\"https:\/\/www.youtube.com\/watch?time_continue=266&amp;v=wQzITG7TYCs&amp;feature=emb_logo\" target=\"_blank\" rel=\"noopener noreferrer\"><span style=\"text-decoration: underline;\">Epaminondas i la seva padrina<\/span><\/a><\/h3>\n<p>Contacontes: N\u00faria Reche<\/p>\n<p>&nbsp;<\/p>\n<p>&nbsp;<\/p>\n<p>&nbsp;<\/p>\n<p>&nbsp;<\/p>\n<p>&nbsp;<\/p>\n<p>&nbsp;<\/p>\n<p><img loading=\"lazy\" decoding=\"async\" class=\"alignleft wp-image-1092 size-thumbnail\" src=\"https:\/\/agora.xtec.cat\/ceip-drseres-alpicat\/wp-content\/uploads\/usu1665\/2020\/04\/713lQw1ut2L-150x150.jpg\" alt=\"\" width=\"150\" height=\"150\" srcset=\"https:\/\/agora.xtec.cat\/ceip-drseres-alpicat\/wp-content\/uploads\/usu1665\/2020\/04\/713lQw1ut2L-150x150.jpg 150w, https:\/\/agora.xtec.cat\/ceip-drseres-alpicat\/wp-content\/uploads\/usu1665\/2020\/04\/713lQw1ut2L-300x300.jpg 300w, https:\/\/agora.xtec.cat\/ceip-drseres-alpicat\/wp-content\/uploads\/usu1665\/2020\/04\/713lQw1ut2L-768x769.jpg 768w, https:\/\/agora.xtec.cat\/ceip-drseres-alpicat\/wp-content\/uploads\/usu1665\/2020\/04\/713lQw1ut2L-1024x1024.jpg 1024w, https:\/\/agora.xtec.cat\/ceip-drseres-alpicat\/wp-content\/uploads\/usu1665\/2020\/04\/713lQw1ut2L.jpg 1499w\" sizes=\"auto, (max-width: 150px) 100vw, 150px\" \/><\/p>\n<h3><a href=\"https:\/\/www.youtube.com\/watch?v=egNShtLShAA&amp;feature=emb_logo\" target=\"_blank\" rel=\"noopener noreferrer\"><span style=\"text-decoration: underline;\">Petit Sioux<\/span><\/a><\/h3>\n<p>Autora i ilustradora: Patricia Geis<\/p>\n<p>Contacontes: N\u00faria Reche<\/p>\n<p>&nbsp;<\/p>\n<p>&nbsp;<\/p>\n<p><img loading=\"lazy\" decoding=\"async\" class=\"wp-image-1093 size-thumbnail alignleft\" src=\"https:\/\/agora.xtec.cat\/ceip-drseres-alpicat\/wp-content\/uploads\/usu1665\/2020\/04\/1197242.36-150x150.jpg\" alt=\"\" width=\"150\" height=\"150\" srcset=\"https:\/\/agora.xtec.cat\/ceip-drseres-alpicat\/wp-content\/uploads\/usu1665\/2020\/04\/1197242.36-150x150.jpg 150w, https:\/\/agora.xtec.cat\/ceip-drseres-alpicat\/wp-content\/uploads\/usu1665\/2020\/04\/1197242.36-300x300.jpg 300w, https:\/\/agora.xtec.cat\/ceip-drseres-alpicat\/wp-content\/uploads\/usu1665\/2020\/04\/1197242.36.jpg 420w\" sizes=\"auto, (max-width: 150px) 100vw, 150px\" \/><\/p>\n<h3><a href=\"https:\/\/www.youtube.com\/watch?v=HkWsaP5tOdg&amp;feature=emb_logo\" target=\"_blank\" rel=\"noopener noreferrer\"><span style=\"text-decoration: underline;\">El monstre de colors<\/span><\/a><\/h3>\n<p>Autora: Anna Llenas<\/p>\n<p>Contacontes: N\u00faria Reche<\/p>\n<p>&nbsp;<\/p>\n<p>&nbsp;<\/p>\n<p><img loading=\"lazy\" decoding=\"async\" class=\"wp-image-1094 size-thumbnail alignleft\" src=\"https:\/\/agora.xtec.cat\/ceip-drseres-alpicat\/wp-content\/uploads\/usu1665\/2020\/04\/9788478643530-150x150.jpg\" alt=\"\" width=\"150\" height=\"150\" srcset=\"https:\/\/agora.xtec.cat\/ceip-drseres-alpicat\/wp-content\/uploads\/usu1665\/2020\/04\/9788478643530-150x150.jpg 150w, https:\/\/agora.xtec.cat\/ceip-drseres-alpicat\/wp-content\/uploads\/usu1665\/2020\/04\/9788478643530.jpg 229w\" sizes=\"auto, (max-width: 150px) 100vw, 150px\" \/><\/p>\n<h3><a href=\"https:\/\/www.youtube.com\/watch?time_continue=82&amp;v=gOJiIAZxCDk&amp;feature=emb_logo\" target=\"_blank\" rel=\"noopener noreferrer\"><span style=\"text-decoration: underline;\">Petit Inuit<\/span><\/a><\/h3>\n<p>Autora i ilustradora: Patricia Geis<\/p>\n<p>Contacontes: N\u00faria Reche<\/p>\n<p>&nbsp;<\/p>\n<p>&nbsp;<\/p>\n<h3><img loading=\"lazy\" decoding=\"async\" class=\"alignleft wp-image-1095 size-thumbnail\" src=\"https:\/\/agora.xtec.cat\/ceip-drseres-alpicat\/wp-content\/uploads\/usu1665\/2020\/04\/61Hho5H7cVL-150x150.jpg\" alt=\"\" width=\"150\" height=\"150\" srcset=\"https:\/\/agora.xtec.cat\/ceip-drseres-alpicat\/wp-content\/uploads\/usu1665\/2020\/04\/61Hho5H7cVL-150x150.jpg 150w, https:\/\/agora.xtec.cat\/ceip-drseres-alpicat\/wp-content\/uploads\/usu1665\/2020\/04\/61Hho5H7cVL-300x300.jpg 300w, https:\/\/agora.xtec.cat\/ceip-drseres-alpicat\/wp-content\/uploads\/usu1665\/2020\/04\/61Hho5H7cVL-768x769.jpg 768w, https:\/\/agora.xtec.cat\/ceip-drseres-alpicat\/wp-content\/uploads\/usu1665\/2020\/04\/61Hho5H7cVL-1024x1024.jpg 1024w, https:\/\/agora.xtec.cat\/ceip-drseres-alpicat\/wp-content\/uploads\/usu1665\/2020\/04\/61Hho5H7cVL.jpg 1499w\" sizes=\"auto, (max-width: 150px) 100vw, 150px\" \/><a href=\"https:\/\/www.youtube.com\/watch?time_continue=37&amp;v=emJKkB8r__4&amp;feature=emb_logo\" target=\"_blank\" rel=\"noopener noreferrer\"><span style=\"text-decoration: underline;\">Petita Massai<\/span><\/a><\/h3>\n<p>Autora i ilustradora: Patricia Geis<\/p>\n<p>Contacontes: N\u00faria Reche<\/p>\n<p>&nbsp;<\/p>\n<p>&nbsp;<\/p>\n<p>&nbsp;<\/p>\n","protected":false},"excerpt":{"rendered":"<p>&nbsp;<br \/>\nEn aquest espai anirem compartint nous v\u00eddeos de la N\u00faria Reche, mestra d&#8217;educaci\u00f3 infantil de la nostra escola, on hi surt explicant contes infantils.<br \/>\n&nbsp;<\/p>\n<p>&nbsp;<\/p>\n<p><a href=\"https:\/\/www.youtube.com\/watch?v=9bLvH4--3Fg\" target=\"_blank\" rel=\"noopener noreferrer\">Petita Quitx\u00e9<\/a><br \/>\nAutora i ilustradora: Patricia Geis<br \/>\nContacontes: N\u00faria Reche<br \/>\n&nbsp;<br \/>\n&nbsp;<\/p>\n<p><a href=\"https:\/\/www.youtube.com\/watch?v=QeBTCug69HQ\" target=\"_blank\" rel=\"noopener noreferrer\">La maleta<\/a><br \/>\nAutora: CHRIS NAYLOR-BALLESTEROS<br \/>\nContacontes: N\u00faria Reche<br \/>\n&nbsp;<br \/>\n&nbsp;<\/p>\n<p><a href=\"https:\/\/www.youtube.com\/watch?v=EVugwhXkKbs\"&hellip;  <a href=\"https:\/\/agora.xtec.cat\/ceip-drseres-alpicat\/general\/raco-del-conte\/\" title=\"Read Rac\u00f3 dels contes\">Llegeix m\u00e9s\u00bb<\/a><\/p>\n","protected":false},"author":1,"featured_media":1091,"comment_status":"closed","ping_status":"closed","sticky":false,"template":"","format":"standard","meta":{"_bbp_topic_count":0,"_bbp_reply_count":0,"_bbp_total_topic_count":0,"_bbp_total_reply_count":0,"_bbp_voice_count":0,"_bbp_anonymous_reply_count":0,"_bbp_topic_count_hidden":0,"_bbp_reply_count_hidden":0,"_bbp_forum_subforum_count":0,"footnotes":""},"categories":[1,4],"tags":[94,111],"class_list":["post-1088","post","type-post","status-publish","format-standard","has-post-thumbnail","hentry","category-general","category-portada","tag-infantil","tag-raco-dels-contes"],"post_mailing_queue_ids":[],"_links":{"self":[{"href":"https:\/\/agora.xtec.cat\/ceip-drseres-alpicat\/wp-json\/wp\/v2\/posts\/1088","targetHints":{"allow":["GET"]}}],"collection":[{"href":"https:\/\/agora.xtec.cat\/ceip-drseres-alpicat\/wp-json\/wp\/v2\/posts"}],"about":[{"href":"https:\/\/agora.xtec.cat\/ceip-drseres-alpicat\/wp-json\/wp\/v2\/types\/post"}],"author":[{"embeddable":true,"href":"https:\/\/agora.xtec.cat\/ceip-drseres-alpicat\/wp-json\/wp\/v2\/users\/1"}],"replies":[{"embeddable":true,"href":"https:\/\/agora.xtec.cat\/ceip-drseres-alpicat\/wp-json\/wp\/v2\/comments?post=1088"}],"version-history":[{"count":3,"href":"https:\/\/agora.xtec.cat\/ceip-drseres-alpicat\/wp-json\/wp\/v2\/posts\/1088\/revisions"}],"predecessor-version":[{"id":1435,"href":"https:\/\/agora.xtec.cat\/ceip-drseres-alpicat\/wp-json\/wp\/v2\/posts\/1088\/revisions\/1435"}],"wp:featuredmedia":[{"embeddable":true,"href":"https:\/\/agora.xtec.cat\/ceip-drseres-alpicat\/wp-json\/wp\/v2\/media\/1091"}],"wp:attachment":[{"href":"https:\/\/agora.xtec.cat\/ceip-drseres-alpicat\/wp-json\/wp\/v2\/media?parent=1088"}],"wp:term":[{"taxonomy":"category","embeddable":true,"href":"https:\/\/agora.xtec.cat\/ceip-drseres-alpicat\/wp-json\/wp\/v2\/categories?post=1088"},{"taxonomy":"post_tag","embeddable":true,"href":"https:\/\/agora.xtec.cat\/ceip-drseres-alpicat\/wp-json\/wp\/v2\/tags?post=1088"}],"curies":[{"name":"wp","href":"https:\/\/api.w.org\/{rel}","templated":true}]}}