{"id":1068,"date":"2020-04-27T10:46:00","date_gmt":"2020-04-27T08:46:00","guid":{"rendered":"https:\/\/agora.xtec.cat\/ceip-drseres-alpicat\/?p=1068"},"modified":"2020-05-05T12:24:05","modified_gmt":"2020-05-05T10:24:05","slug":"com-i-quan-podran-sortir-al-carrer-als-infants","status":"publish","type":"post","link":"https:\/\/agora.xtec.cat\/ceip-drseres-alpicat\/general\/com-i-quan-podran-sortir-al-carrer-als-infants\/","title":{"rendered":"Com i quan podran sortir al carrer els infants"},"content":{"rendered":"<p>El primer desconfinament dels nens menors de 14 anys comen\u00e7a el diumenge 26 d&#8217;abril.<\/p>\n<p>Fent clic a la imatge, trobareu un conte que servir\u00e0 per explicar als infants com i quan podran tornar a sortir al carrer.<\/p>\n<p><a href=\"https:\/\/agora.xtec.cat\/ceip-drseres-alpicat\/wp-content\/uploads\/usu1665\/2020\/04\/SORTIDA-NENS-I-NENES-1.pdf\" target=\"_blank\" rel=\"noopener noreferrer\"><img loading=\"lazy\" decoding=\"async\" class=\"alignnone wp-image-1070 size-full\" src=\"https:\/\/agora.xtec.cat\/ceip-drseres-alpicat\/wp-content\/uploads\/usu1665\/2020\/04\/images.png\" alt=\"\" width=\"225\" height=\"224\" srcset=\"https:\/\/agora.xtec.cat\/ceip-drseres-alpicat\/wp-content\/uploads\/usu1665\/2020\/04\/images.png 225w, https:\/\/agora.xtec.cat\/ceip-drseres-alpicat\/wp-content\/uploads\/usu1665\/2020\/04\/images-150x150.png 150w\" sizes=\"auto, (max-width: 225px) 100vw, 225px\" \/><\/a><\/p>\n<p><span class=\"_5mfr\"><span class=\"_6qdm\">?<\/span><\/span> Els infants menors de 14 anys podran sortir des de les 9 fins a les 21 h a fer un passeig. Es recomana evitar hores punta per evitar contagis. Aquesta sortida al carrer no podr\u00e0 durar m\u00e9s d\u2019una hora.<\/p>\n<p><span class=\"_5mfr\"><span class=\"_6qdm\">?<\/span><\/span> No est\u00e0 perm\u00e8s l\u2019acc\u00e9s a parcs, zones infantils i altres instal\u00b7lacions que no compleixin les mesures de seguretat. Cal mantenir la dist\u00e0ncia de dos metres entre persones i continuar procurant per una bona higiene.<\/p>\n<p><span class=\"_5mfr\"><span class=\"_6qdm\">?<\/span><\/span>\u00a0Es recomana l\u2019\u00fas de mascaretes durant la sortida dels nens al carrer, per\u00f2 no s\u00f3n obligat\u00f2ries. L\u2019\u00fanica excepci\u00f3 era per als infants de zero a tres anys. Podran dur tot tipus de mascaretes: quir\u00fargiques, casolanes o higi\u00e8niques.<\/p>\n","protected":false},"excerpt":{"rendered":"<p>El primer desconfinament dels nens menors de 14 anys comen\u00e7a el diumenge 26 d&#8217;abril.<br \/>\nFent clic a la imatge, trobareu un conte que servir\u00e0 per explicar als infants com i quan podran tornar a sortir al carrer.<br \/>\n<a href=\"https:\/\/agora.xtec.cat\/ceip-drseres-alpicat\/wp-content\/uploads\/usu1665\/2020\/04\/SORTIDA-NENS-I-NENES-1.pdf\" target=\"_blank\" rel=\"noopener noreferrer\"><\/a><br \/>\n? Els infants menors de 14&hellip;  <a href=\"https:\/\/agora.xtec.cat\/ceip-drseres-alpicat\/general\/com-i-quan-podran-sortir-al-carrer-als-infants\/\" title=\"Read Com i quan podran sortir al carrer els infants\">Llegeix m\u00e9s\u00bb<\/a><\/p>\n","protected":false},"author":1,"featured_media":1070,"comment_status":"closed","ping_status":"closed","sticky":false,"template":"","format":"standard","meta":{"_bbp_topic_count":0,"_bbp_reply_count":0,"_bbp_total_topic_count":0,"_bbp_total_reply_count":0,"_bbp_voice_count":0,"_bbp_anonymous_reply_count":0,"_bbp_topic_count_hidden":0,"_bbp_reply_count_hidden":0,"_bbp_forum_subforum_count":0,"footnotes":""},"categories":[1,4],"tags":[109,110,94,95],"class_list":["post-1068","post","type-post","status-publish","format-standard","has-post-thumbnail","hentry","category-general","category-portada","tag-totanirabe","tag-covid-19","tag-infantil","tag-primaria"],"post_mailing_queue_ids":[],"_links":{"self":[{"href":"https:\/\/agora.xtec.cat\/ceip-drseres-alpicat\/wp-json\/wp\/v2\/posts\/1068","targetHints":{"allow":["GET"]}}],"collection":[{"href":"https:\/\/agora.xtec.cat\/ceip-drseres-alpicat\/wp-json\/wp\/v2\/posts"}],"about":[{"href":"https:\/\/agora.xtec.cat\/ceip-drseres-alpicat\/wp-json\/wp\/v2\/types\/post"}],"author":[{"embeddable":true,"href":"https:\/\/agora.xtec.cat\/ceip-drseres-alpicat\/wp-json\/wp\/v2\/users\/1"}],"replies":[{"embeddable":true,"href":"https:\/\/agora.xtec.cat\/ceip-drseres-alpicat\/wp-json\/wp\/v2\/comments?post=1068"}],"version-history":[{"count":3,"href":"https:\/\/agora.xtec.cat\/ceip-drseres-alpicat\/wp-json\/wp\/v2\/posts\/1068\/revisions"}],"predecessor-version":[{"id":1159,"href":"https:\/\/agora.xtec.cat\/ceip-drseres-alpicat\/wp-json\/wp\/v2\/posts\/1068\/revisions\/1159"}],"wp:featuredmedia":[{"embeddable":true,"href":"https:\/\/agora.xtec.cat\/ceip-drseres-alpicat\/wp-json\/wp\/v2\/media\/1070"}],"wp:attachment":[{"href":"https:\/\/agora.xtec.cat\/ceip-drseres-alpicat\/wp-json\/wp\/v2\/media?parent=1068"}],"wp:term":[{"taxonomy":"category","embeddable":true,"href":"https:\/\/agora.xtec.cat\/ceip-drseres-alpicat\/wp-json\/wp\/v2\/categories?post=1068"},{"taxonomy":"post_tag","embeddable":true,"href":"https:\/\/agora.xtec.cat\/ceip-drseres-alpicat\/wp-json\/wp\/v2\/tags?post=1068"}],"curies":[{"name":"wp","href":"https:\/\/api.w.org\/{rel}","templated":true}]}}