{"id":1054,"date":"2020-04-23T19:33:54","date_gmt":"2020-04-23T17:33:54","guid":{"rendered":"https:\/\/agora.xtec.cat\/ceip-drseres-alpicat\/?p=1054"},"modified":"2020-05-05T12:24:48","modified_gmt":"2020-05-05T10:24:48","slug":"confinakids","status":"publish","type":"post","link":"https:\/\/agora.xtec.cat\/ceip-drseres-alpicat\/general\/confinakids\/","title":{"rendered":"#confinakids"},"content":{"rendered":"<h3><a href=\"https:\/\/agora.xtec.cat\/ceip-drseres-alpicat\/wp-content\/uploads\/usu1665\/2020\/04\/4_5834430265199429572.pdf\" target=\"_blank\" rel=\"noopener noreferrer\"><img loading=\"lazy\" decoding=\"async\" class=\"alignleft wp-image-1057\" src=\"https:\/\/agora.xtec.cat\/ceip-drseres-alpicat\/wp-content\/uploads\/usu1665\/2020\/04\/EWJCcucX0AAh3YY-300x251.jpg\" alt=\"\" width=\"475\" height=\"397\" srcset=\"https:\/\/agora.xtec.cat\/ceip-drseres-alpicat\/wp-content\/uploads\/usu1665\/2020\/04\/EWJCcucX0AAh3YY-300x250.jpg 300w, https:\/\/agora.xtec.cat\/ceip-drseres-alpicat\/wp-content\/uploads\/usu1665\/2020\/04\/EWJCcucX0AAh3YY-768x644.jpg 768w, https:\/\/agora.xtec.cat\/ceip-drseres-alpicat\/wp-content\/uploads\/usu1665\/2020\/04\/EWJCcucX0AAh3YY.jpg 940w\" sizes=\"auto, (max-width: 475px) 100vw, 475px\" \/><\/a><\/h3>\n<h3><span style=\"color: #ff0000;\">D<span style=\"color: #ffc800;\">a<\/span><span style=\"color: #00ccff;\">t<\/span><span style=\"color: #99cc00;\">a<\/span><\/span><\/h3>\n<p>Diumenge 26 d&#8217;abril de 10 a 22 h<\/p>\n<h3><span style=\"color: #00ccff;\"><span style=\"color: #ff0000;\">E<\/span><span style=\"color: #ffc800;\">n<\/span> q<span style=\"color: #99cc00;\">u<\/span><span style=\"color: #ff0000;\">\u00e8<\/span> <span style=\"color: #ffc800;\">c<\/span>o<span style=\"color: #99cc00;\">n<\/span><span style=\"color: #ff0000;\">s<\/span><span style=\"color: #ffc800;\">i<\/span>s<span style=\"color: #99cc00;\">t<\/span><span style=\"color: #ff0000;\">e<\/span><span style=\"color: #ffc800;\">i<\/span>x<span style=\"color: #99cc00;\">?<\/span><\/span><\/h3>\n<p>Es tracta d\u2019una iniciativa d\u2019Iter5 que vol posar en primer pla un dels sectors d\u2019edats<br \/>\nque m\u00e9s est\u00e0 patint l\u2019actual situaci\u00f3: els nens i nenes.<br \/>\n\u00c9s una cursa oberta a tots els infants de 0 a 16 anys, amb car\u00e0cter 100% solidari. Els<br \/>\ndiners de la inscripci\u00f3 aniran destinats a beques menjador de C\u00e0ritas Diocesana de<br \/>\nLleida, degut a l\u2019augment de la demanda d\u2019aquestes a conseq\u00fc\u00e8ncia del Covid19. Per a m\u00e9s informaci\u00f3, cliqueu al seg\u00fcent <a href=\"https:\/\/agora.xtec.cat\/ceip-drseres-alpicat\/wp-content\/uploads\/usu1665\/2020\/04\/4_5834430265199429572.pdf\" target=\"_blank\" rel=\"noopener noreferrer\">enlla\u00e7<\/a>.<\/p>\n","protected":false},"excerpt":{"rendered":"<p><a href=\"https:\/\/agora.xtec.cat\/ceip-drseres-alpicat\/wp-content\/uploads\/usu1665\/2020\/04\/4_5834430265199429572.pdf\" target=\"_blank\" rel=\"noopener noreferrer\"><\/a><br \/>\nData<br \/>\nDiumenge 26 d&#8217;abril de 10 a 22 h<br \/>\nEn qu\u00e8 consisteix?<br \/>\nEs tracta d\u2019una iniciativa d\u2019Iter5 que vol posar en primer pla un dels sectors d\u2019edats<br \/>\nque m\u00e9s est\u00e0 patint l\u2019actual situaci\u00f3: els nens i nenes.<br \/>\n\u00c9s una cursa oberta a tots els infants de&hellip;  <a href=\"https:\/\/agora.xtec.cat\/ceip-drseres-alpicat\/general\/confinakids\/\" title=\"Read #confinakids\">Llegeix m\u00e9s\u00bb<\/a><\/p>\n","protected":false},"author":1,"featured_media":1057,"comment_status":"closed","ping_status":"closed","sticky":false,"template":"","format":"standard","meta":{"_bbp_topic_count":0,"_bbp_reply_count":0,"_bbp_total_topic_count":0,"_bbp_total_reply_count":0,"_bbp_voice_count":0,"_bbp_anonymous_reply_count":0,"_bbp_topic_count_hidden":0,"_bbp_reply_count_hidden":0,"_bbp_forum_subforum_count":0,"footnotes":""},"categories":[1,4],"tags":[109,110,94,95],"class_list":["post-1054","post","type-post","status-publish","format-standard","has-post-thumbnail","hentry","category-general","category-portada","tag-totanirabe","tag-covid-19","tag-infantil","tag-primaria"],"post_mailing_queue_ids":[],"_links":{"self":[{"href":"https:\/\/agora.xtec.cat\/ceip-drseres-alpicat\/wp-json\/wp\/v2\/posts\/1054","targetHints":{"allow":["GET"]}}],"collection":[{"href":"https:\/\/agora.xtec.cat\/ceip-drseres-alpicat\/wp-json\/wp\/v2\/posts"}],"about":[{"href":"https:\/\/agora.xtec.cat\/ceip-drseres-alpicat\/wp-json\/wp\/v2\/types\/post"}],"author":[{"embeddable":true,"href":"https:\/\/agora.xtec.cat\/ceip-drseres-alpicat\/wp-json\/wp\/v2\/users\/1"}],"replies":[{"embeddable":true,"href":"https:\/\/agora.xtec.cat\/ceip-drseres-alpicat\/wp-json\/wp\/v2\/comments?post=1054"}],"version-history":[{"count":4,"href":"https:\/\/agora.xtec.cat\/ceip-drseres-alpicat\/wp-json\/wp\/v2\/posts\/1054\/revisions"}],"predecessor-version":[{"id":1160,"href":"https:\/\/agora.xtec.cat\/ceip-drseres-alpicat\/wp-json\/wp\/v2\/posts\/1054\/revisions\/1160"}],"wp:featuredmedia":[{"embeddable":true,"href":"https:\/\/agora.xtec.cat\/ceip-drseres-alpicat\/wp-json\/wp\/v2\/media\/1057"}],"wp:attachment":[{"href":"https:\/\/agora.xtec.cat\/ceip-drseres-alpicat\/wp-json\/wp\/v2\/media?parent=1054"}],"wp:term":[{"taxonomy":"category","embeddable":true,"href":"https:\/\/agora.xtec.cat\/ceip-drseres-alpicat\/wp-json\/wp\/v2\/categories?post=1054"},{"taxonomy":"post_tag","embeddable":true,"href":"https:\/\/agora.xtec.cat\/ceip-drseres-alpicat\/wp-json\/wp\/v2\/tags?post=1054"}],"curies":[{"name":"wp","href":"https:\/\/api.w.org\/{rel}","templated":true}]}}