{"id":1022,"date":"2020-04-14T14:46:22","date_gmt":"2020-04-14T12:46:22","guid":{"rendered":"https:\/\/agora.xtec.cat\/ceip-drseres-alpicat\/?p=1022"},"modified":"2020-05-25T09:58:37","modified_gmt":"2020-05-25T07:58:37","slug":"suspesa-la-prova-davaluacio-de-sise-deducacio-primaria","status":"publish","type":"post","link":"https:\/\/agora.xtec.cat\/ceip-drseres-alpicat\/general\/suspesa-la-prova-davaluacio-de-sise-deducacio-primaria\/","title":{"rendered":"Suspesa la prova d&#8217;avaluaci\u00f3 de sis\u00e8 d&#8217;educaci\u00f3 prim\u00e0ria"},"content":{"rendered":"<p><img loading=\"lazy\" decoding=\"async\" class=\"size-medium wp-image-1028 alignleft\" src=\"https:\/\/agora.xtec.cat\/ceip-drseres-alpicat\/wp-content\/uploads\/usu1665\/2020\/04\/PROVA-300x81.jpg\" alt=\"\" width=\"300\" height=\"81\" srcset=\"https:\/\/agora.xtec.cat\/ceip-drseres-alpicat\/wp-content\/uploads\/usu1665\/2020\/04\/PROVA-300x81.jpg 300w, https:\/\/agora.xtec.cat\/ceip-drseres-alpicat\/wp-content\/uploads\/usu1665\/2020\/04\/PROVA.jpg 727w\" sizes=\"auto, (max-width: 300px) 100vw, 300px\" \/><\/p>\n<p>Ateses les circumst\u00e0ncies extraordin\u00e0ries que ens afecten, la prova d&#8217;avaluaci\u00f3 de sis\u00e8 d&#8217;educaci\u00f3 prim\u00e0ria del curs 2019-2020 ha quedat suspesa.<\/p>\n<p>Per prendre aquesta decisi\u00f3, des del Consell Superior d&#8217;Avaluaci\u00f3 del Sistema Educatiu han valorat la situaci\u00f3 complexa que tindran els centres un cop passada la part m\u00e9s dif\u00edcil de la pand\u00e8mia i els efectes que el confinament tindr\u00e0 en l&#8217;alumnat.<\/p>\n<p>Quan es pugui retornar a l&#8217;activitat di\u00e0ria en condicions de normalitat, els centres educatius hauran d&#8217;establir una prioritzaci\u00f3 de les tasques a fer per poder tancar el curs escolar.<\/p>\n<p><a href=\"http:\/\/csda.gencat.cat\/ca\/arees_d_actuacio\/avaluacions-consell\/avaluacio-sise-primaria\/prova_2020\/quan\/\" target=\"_blank\" rel=\"noopener noreferrer\">Enlla\u00e7 a la not\u00edcia<\/a><\/p>\n","protected":false},"excerpt":{"rendered":"<p>Ateses les circumst\u00e0ncies extraordin\u00e0ries que ens afecten, la prova d&#8217;avaluaci\u00f3 de sis\u00e8 d&#8217;educaci\u00f3 prim\u00e0ria del curs 2019-2020 ha quedat suspesa.<br \/>\nPer prendre aquesta decisi\u00f3, des del Consell Superior d&#8217;Avaluaci\u00f3 del Sistema Educatiu han valorat la situaci\u00f3 complexa que tindran els centres un cop passada la part&hellip;  <a href=\"https:\/\/agora.xtec.cat\/ceip-drseres-alpicat\/general\/suspesa-la-prova-davaluacio-de-sise-deducacio-primaria\/\" title=\"Read Suspesa la prova d&#8217;avaluaci\u00f3 de sis\u00e8 d&#8217;educaci\u00f3 prim\u00e0ria\">Llegeix m\u00e9s\u00bb<\/a><\/p>\n","protected":false},"author":1,"featured_media":1028,"comment_status":"closed","ping_status":"closed","sticky":false,"template":"","format":"standard","meta":{"_bbp_topic_count":0,"_bbp_reply_count":0,"_bbp_total_topic_count":0,"_bbp_total_reply_count":0,"_bbp_voice_count":0,"_bbp_anonymous_reply_count":0,"_bbp_topic_count_hidden":0,"_bbp_reply_count_hidden":0,"_bbp_forum_subforum_count":0,"footnotes":""},"categories":[1,4],"tags":[91,92,93,99],"class_list":["post-1022","post","type-post","status-publish","format-standard","has-post-thumbnail","hentry","category-general","category-portada","tag-6e-a","tag-6e-b","tag-6e-c","tag-cs"],"post_mailing_queue_ids":[],"_links":{"self":[{"href":"https:\/\/agora.xtec.cat\/ceip-drseres-alpicat\/wp-json\/wp\/v2\/posts\/1022","targetHints":{"allow":["GET"]}}],"collection":[{"href":"https:\/\/agora.xtec.cat\/ceip-drseres-alpicat\/wp-json\/wp\/v2\/posts"}],"about":[{"href":"https:\/\/agora.xtec.cat\/ceip-drseres-alpicat\/wp-json\/wp\/v2\/types\/post"}],"author":[{"embeddable":true,"href":"https:\/\/agora.xtec.cat\/ceip-drseres-alpicat\/wp-json\/wp\/v2\/users\/1"}],"replies":[{"embeddable":true,"href":"https:\/\/agora.xtec.cat\/ceip-drseres-alpicat\/wp-json\/wp\/v2\/comments?post=1022"}],"version-history":[{"count":3,"href":"https:\/\/agora.xtec.cat\/ceip-drseres-alpicat\/wp-json\/wp\/v2\/posts\/1022\/revisions"}],"predecessor-version":[{"id":1157,"href":"https:\/\/agora.xtec.cat\/ceip-drseres-alpicat\/wp-json\/wp\/v2\/posts\/1022\/revisions\/1157"}],"wp:featuredmedia":[{"embeddable":true,"href":"https:\/\/agora.xtec.cat\/ceip-drseres-alpicat\/wp-json\/wp\/v2\/media\/1028"}],"wp:attachment":[{"href":"https:\/\/agora.xtec.cat\/ceip-drseres-alpicat\/wp-json\/wp\/v2\/media?parent=1022"}],"wp:term":[{"taxonomy":"category","embeddable":true,"href":"https:\/\/agora.xtec.cat\/ceip-drseres-alpicat\/wp-json\/wp\/v2\/categories?post=1022"},{"taxonomy":"post_tag","embeddable":true,"href":"https:\/\/agora.xtec.cat\/ceip-drseres-alpicat\/wp-json\/wp\/v2\/tags?post=1022"}],"curies":[{"name":"wp","href":"https:\/\/api.w.org\/{rel}","templated":true}]}}