{"id":970,"date":"2018-02-14T10:08:24","date_gmt":"2018-02-14T09:08:24","guid":{"rendered":"http:\/\/agora.xtec.cat\/ceip-dolorsalmeda-cornella\/?p=970"},"modified":"2018-02-20T10:16:22","modified_gmt":"2018-02-20T09:16:22","slug":"el-testament-del-rei-carnestoltes","status":"publish","type":"post","link":"https:\/\/agora.xtec.cat\/ceip-dolorsalmeda-cornella\/general\/el-testament-del-rei-carnestoltes\/","title":{"rendered":"El testament del Rei Carnestoltes"},"content":{"rendered":"<p><a href=\"http:\/\/agora.xtec.cat\/ceip-dolorsalmeda-cornella\/wp-content\/uploads\/usu30\/2018\/02\/DSC00875.jpg\"><img loading=\"lazy\" decoding=\"async\" class=\"wp-image-971 aligncenter\" src=\"http:\/\/agora.xtec.cat\/ceip-dolorsalmeda-cornella\/wp-content\/uploads\/usu30\/2018\/02\/DSC00875.jpg\" alt=\"\" width=\"371\" height=\"278\" srcset=\"https:\/\/agora.xtec.cat\/ceip-dolorsalmeda-cornella\/wp-content\/uploads\/usu30\/2018\/02\/DSC00875.jpg 1015w, https:\/\/agora.xtec.cat\/ceip-dolorsalmeda-cornella\/wp-content\/uploads\/usu30\/2018\/02\/DSC00875-300x225.jpg 300w, https:\/\/agora.xtec.cat\/ceip-dolorsalmeda-cornella\/wp-content\/uploads\/usu30\/2018\/02\/DSC00875-768x576.jpg 768w, https:\/\/agora.xtec.cat\/ceip-dolorsalmeda-cornella\/wp-content\/uploads\/usu30\/2018\/02\/DSC00875-200x150.jpg 200w\" sizes=\"auto, (max-width: 371px) 100vw, 371px\" \/><\/a><\/p>\n<p>Ha arribat el moment d&#8217;acomiadar-nos del Rei Carnestoltes. Els alumnes de sis\u00e8 s\u00f3n els encarregats de recitar-nos el seu testament. Us deixem el v\u00eddeo perqu\u00e8 el pugueu sentir i veure les cares de tristesa en marxar el Rei dels Pocasoltes&#8230;<\/p>\n<p><a href=\"http:\/\/agora.xtec.cat\/ceip-dolorsalmeda-cornella\/wp-content\/uploads\/usu30\/2018\/02\/testament-web.pdf\">TESTAMENT REI CARNESTOLTES<\/a><\/p>\n<p><iframe loading=\"lazy\" title=\"Testament Carnestoltes\" width=\"500\" height=\"281\" src=\"https:\/\/www.youtube.com\/embed\/jD-yQHtavjg?feature=oembed\" frameborder=\"0\" allow=\"accelerometer; autoplay; clipboard-write; encrypted-media; gyroscope; picture-in-picture; web-share\" referrerpolicy=\"strict-origin-when-cross-origin\" allowfullscreen><\/iframe><\/p>\n","protected":false},"excerpt":{"rendered":"<p><a href=\"http:\/\/agora.xtec.cat\/ceip-dolorsalmeda-cornella\/wp-content\/uploads\/usu30\/2018\/02\/DSC00875.jpg\"><\/a><br \/>\nHa arribat el moment d&#8217;acomiadar-nos del Rei Carnestoltes. Els alumnes de sis\u00e8 s\u00f3n els encarregats de recitar-nos el seu testament. Us deixem el v\u00eddeo perqu\u00e8 el pugueu sentir i veure les cares de tristesa en marxar el Rei dels Pocasoltes&#8230;<br \/>\n<a href=\"http:\/\/agora.xtec.cat\/ceip-dolorsalmeda-cornella\/wp-content\/uploads\/usu30\/2018\/02\/testament-web.pdf\">TESTAMENT REI CARNESTOLTES<\/a><\/p>\n","protected":false},"author":1,"featured_media":971,"comment_status":"open","ping_status":"closed","sticky":false,"template":"","format":"standard","meta":{"_bbp_topic_count":0,"_bbp_reply_count":0,"_bbp_total_topic_count":0,"_bbp_total_reply_count":0,"_bbp_voice_count":0,"_bbp_anonymous_reply_count":0,"_bbp_topic_count_hidden":0,"_bbp_reply_count_hidden":0,"_bbp_forum_subforum_count":0,"footnotes":""},"categories":[10,11,12,13,14,15,1,3,8,9,2,4,5],"tags":[98,102],"class_list":["post-970","post","type-post","status-publish","format-standard","has-post-thumbnail","hentry","category-1r","category-2n","category-3r","category-4t","category-5e","category-6e","category-general","category-i3","category-i4","category-i5","category-infantil","category-portada","category-primaria","tag-carnestoltes","tag-testament"],"post_mailing_queue_ids":[],"_links":{"self":[{"href":"https:\/\/agora.xtec.cat\/ceip-dolorsalmeda-cornella\/wp-json\/wp\/v2\/posts\/970","targetHints":{"allow":["GET"]}}],"collection":[{"href":"https:\/\/agora.xtec.cat\/ceip-dolorsalmeda-cornella\/wp-json\/wp\/v2\/posts"}],"about":[{"href":"https:\/\/agora.xtec.cat\/ceip-dolorsalmeda-cornella\/wp-json\/wp\/v2\/types\/post"}],"author":[{"embeddable":true,"href":"https:\/\/agora.xtec.cat\/ceip-dolorsalmeda-cornella\/wp-json\/wp\/v2\/users\/1"}],"replies":[{"embeddable":true,"href":"https:\/\/agora.xtec.cat\/ceip-dolorsalmeda-cornella\/wp-json\/wp\/v2\/comments?post=970"}],"version-history":[{"count":1,"href":"https:\/\/agora.xtec.cat\/ceip-dolorsalmeda-cornella\/wp-json\/wp\/v2\/posts\/970\/revisions"}],"predecessor-version":[{"id":973,"href":"https:\/\/agora.xtec.cat\/ceip-dolorsalmeda-cornella\/wp-json\/wp\/v2\/posts\/970\/revisions\/973"}],"wp:featuredmedia":[{"embeddable":true,"href":"https:\/\/agora.xtec.cat\/ceip-dolorsalmeda-cornella\/wp-json\/wp\/v2\/media\/971"}],"wp:attachment":[{"href":"https:\/\/agora.xtec.cat\/ceip-dolorsalmeda-cornella\/wp-json\/wp\/v2\/media?parent=970"}],"wp:term":[{"taxonomy":"category","embeddable":true,"href":"https:\/\/agora.xtec.cat\/ceip-dolorsalmeda-cornella\/wp-json\/wp\/v2\/categories?post=970"},{"taxonomy":"post_tag","embeddable":true,"href":"https:\/\/agora.xtec.cat\/ceip-dolorsalmeda-cornella\/wp-json\/wp\/v2\/tags?post=970"}],"curies":[{"name":"wp","href":"https:\/\/api.w.org\/{rel}","templated":true}]}}