{"id":957,"date":"2018-02-10T13:53:46","date_gmt":"2018-02-10T12:53:46","guid":{"rendered":"http:\/\/agora.xtec.cat\/ceip-dolorsalmeda-cornella\/?p=957"},"modified":"2018-02-13T12:56:23","modified_gmt":"2018-02-13T11:56:23","slug":"carnaval-2018","status":"publish","type":"post","link":"https:\/\/agora.xtec.cat\/ceip-dolorsalmeda-cornella\/general\/carnaval-2018\/","title":{"rendered":"Carnaval 2018"},"content":{"rendered":"<p><a href=\"https:\/\/photos.app.goo.gl\/YqKTxTshTSkJMgwy2\"><img loading=\"lazy\" decoding=\"async\" class=\"wp-image-956 aligncenter\" src=\"http:\/\/agora.xtec.cat\/ceip-dolorsalmeda-cornella\/wp-content\/uploads\/usu30\/2018\/02\/carnaval175-1024x682.jpg\" alt=\"\" width=\"331\" height=\"220\" srcset=\"https:\/\/agora.xtec.cat\/ceip-dolorsalmeda-cornella\/wp-content\/uploads\/usu30\/2018\/02\/carnaval175.jpg 1024w, https:\/\/agora.xtec.cat\/ceip-dolorsalmeda-cornella\/wp-content\/uploads\/usu30\/2018\/02\/carnaval175-300x200.jpg 300w, https:\/\/agora.xtec.cat\/ceip-dolorsalmeda-cornella\/wp-content\/uploads\/usu30\/2018\/02\/carnaval175-768x512.jpg 768w\" sizes=\"auto, (max-width: 331px) 100vw, 331px\" \/><\/a><\/p>\n<p>Avui a l&#8217;escola hem gaudit d&#8217;un gran dia de carnaval. Continuant amb el nostre projecte del cinema, tots els alumnes hem vingut disfressats en relaci\u00f3 al tema. Hem ballat, hem cantat i i es ho hem passat genial!<br \/>\nAqu\u00ed us deixem un enlla\u00e7 amb una mostra de les magn\u00edfiques disfresses que hem portat!<br \/>\n<a href=\"https:\/\/photos.app.goo.gl\/YqKTxTshTSkJMgwy2\">Salta, salta, salta que la festa ha comen\u00e7at,\u00a0canta, canta, canta Carnestoltes ha arribat!!!!!!!<\/a><\/p>\n","protected":false},"excerpt":{"rendered":"<p><a href=\"https:\/\/photos.app.goo.gl\/YqKTxTshTSkJMgwy2\"><\/a><br \/>\nAvui a l&#8217;escola hem gaudit d&#8217;un gran dia de carnaval. Continuant amb el nostre projecte del cinema, tots els alumnes hem vingut disfressats en relaci\u00f3 al tema. Hem ballat, hem cantat i i es ho hem passat genial!<br \/>\nAqu\u00ed us deixem un enlla\u00e7 amb una&hellip;  <a href=\"https:\/\/agora.xtec.cat\/ceip-dolorsalmeda-cornella\/general\/carnaval-2018\/\" title=\"Read Carnaval 2018\">Llegeix m\u00e9s\u00bb<\/a><\/p>\n","protected":false},"author":6,"featured_media":956,"comment_status":"open","ping_status":"closed","sticky":false,"template":"","format":"standard","meta":{"_bbp_topic_count":0,"_bbp_reply_count":0,"_bbp_total_topic_count":0,"_bbp_total_reply_count":0,"_bbp_voice_count":0,"_bbp_anonymous_reply_count":0,"_bbp_topic_count_hidden":0,"_bbp_reply_count_hidden":0,"_bbp_forum_subforum_count":0,"footnotes":""},"categories":[10,11,12,13,14,15,1,3,8,9,2,4,5],"tags":[98],"class_list":["post-957","post","type-post","status-publish","format-standard","has-post-thumbnail","hentry","category-1r","category-2n","category-3r","category-4t","category-5e","category-6e","category-general","category-i3","category-i4","category-i5","category-infantil","category-portada","category-primaria","tag-carnestoltes"],"post_mailing_queue_ids":[],"_links":{"self":[{"href":"https:\/\/agora.xtec.cat\/ceip-dolorsalmeda-cornella\/wp-json\/wp\/v2\/posts\/957","targetHints":{"allow":["GET"]}}],"collection":[{"href":"https:\/\/agora.xtec.cat\/ceip-dolorsalmeda-cornella\/wp-json\/wp\/v2\/posts"}],"about":[{"href":"https:\/\/agora.xtec.cat\/ceip-dolorsalmeda-cornella\/wp-json\/wp\/v2\/types\/post"}],"author":[{"embeddable":true,"href":"https:\/\/agora.xtec.cat\/ceip-dolorsalmeda-cornella\/wp-json\/wp\/v2\/users\/6"}],"replies":[{"embeddable":true,"href":"https:\/\/agora.xtec.cat\/ceip-dolorsalmeda-cornella\/wp-json\/wp\/v2\/comments?post=957"}],"version-history":[{"count":2,"href":"https:\/\/agora.xtec.cat\/ceip-dolorsalmeda-cornella\/wp-json\/wp\/v2\/posts\/957\/revisions"}],"predecessor-version":[{"id":959,"href":"https:\/\/agora.xtec.cat\/ceip-dolorsalmeda-cornella\/wp-json\/wp\/v2\/posts\/957\/revisions\/959"}],"wp:featuredmedia":[{"embeddable":true,"href":"https:\/\/agora.xtec.cat\/ceip-dolorsalmeda-cornella\/wp-json\/wp\/v2\/media\/956"}],"wp:attachment":[{"href":"https:\/\/agora.xtec.cat\/ceip-dolorsalmeda-cornella\/wp-json\/wp\/v2\/media?parent=957"}],"wp:term":[{"taxonomy":"category","embeddable":true,"href":"https:\/\/agora.xtec.cat\/ceip-dolorsalmeda-cornella\/wp-json\/wp\/v2\/categories?post=957"},{"taxonomy":"post_tag","embeddable":true,"href":"https:\/\/agora.xtec.cat\/ceip-dolorsalmeda-cornella\/wp-json\/wp\/v2\/tags?post=957"}],"curies":[{"name":"wp","href":"https:\/\/api.w.org\/{rel}","templated":true}]}}