{"id":931,"date":"2018-02-08T22:29:02","date_gmt":"2018-02-08T21:29:02","guid":{"rendered":"http:\/\/agora.xtec.cat\/ceip-dolorsalmeda-cornella\/?p=931"},"modified":"2018-02-08T22:29:35","modified_gmt":"2018-02-08T21:29:35","slug":"dijous-gras","status":"publish","type":"post","link":"https:\/\/agora.xtec.cat\/ceip-dolorsalmeda-cornella\/general\/dijous-gras\/","title":{"rendered":"Dijous Gras"},"content":{"rendered":"<p>Avui, dijous Gras, ha arribat el Sr. Carnestoltes a la nostra escola! Ens ha sorpr\u00e8s vestit de Charlot, fent honor al Cinema, projecte que ens ocupa aquest any. En el seg\u00fcent enlla\u00e7 us deixem algunes <a href=\"https:\/\/photos.app.goo.gl\/p1bZmM42oS29NCvg1\">FOTOGRAFIES DE DIJOUS GRAS<\/a>.<\/p>\n<p><iframe loading=\"lazy\" title=\"Arriba el Sr Carnestoltes\" width=\"500\" height=\"281\" src=\"https:\/\/www.youtube.com\/embed\/NKDXgC6Na-A?feature=oembed\" frameborder=\"0\" allow=\"accelerometer; autoplay; clipboard-write; encrypted-media; gyroscope; picture-in-picture; web-share\" referrerpolicy=\"strict-origin-when-cross-origin\" allowfullscreen><\/iframe><\/p>\n<p>Els alumnes de 5\u00e8, amb unes rimes molt divertides, ens han llegit el preg\u00f3. A continuaci\u00f3 trobareu el v\u00eddeo i us adjuntem tamb\u00e9 el text: <a href=\"http:\/\/agora.xtec.cat\/ceip-dolorsalmeda-cornella\/wp-content\/uploads\/usu30\/2018\/02\/PREG\u00d3-2018.pdf\">PREG\u00d3 2018<\/a><\/p>\n<p><iframe loading=\"lazy\" title=\"Prego 1a part\" width=\"500\" height=\"281\" src=\"https:\/\/www.youtube.com\/embed\/HdNgzOQch5Q?feature=oembed\" frameborder=\"0\" allow=\"accelerometer; autoplay; clipboard-write; encrypted-media; gyroscope; picture-in-picture; web-share\" referrerpolicy=\"strict-origin-when-cross-origin\" allowfullscreen><\/iframe><\/p>\n<p><iframe loading=\"lazy\" title=\"Preg\u00f3 2a part\" width=\"500\" height=\"281\" src=\"https:\/\/www.youtube.com\/embed\/xhL_P5Wobr0?feature=oembed\" frameborder=\"0\" allow=\"accelerometer; autoplay; clipboard-write; encrypted-media; gyroscope; picture-in-picture; web-share\" referrerpolicy=\"strict-origin-when-cross-origin\" allowfullscreen><\/iframe><\/p>\n<p><iframe loading=\"lazy\" title=\"Preg\u00f3 3a part\" width=\"500\" height=\"281\" src=\"https:\/\/www.youtube.com\/embed\/cqiJzJxlXfk?feature=oembed\" frameborder=\"0\" allow=\"accelerometer; autoplay; clipboard-write; encrypted-media; gyroscope; picture-in-picture; web-share\" referrerpolicy=\"strict-origin-when-cross-origin\" allowfullscreen><\/iframe><\/p>\n<p>Despr\u00e9s del preg\u00f3, tots els infants i mestres de l&#8217;escola, des del m\u00e9s petit al m\u00e9s gran, hem cantat, ballat, i rigut a ritme de Carnaval!<\/p>\n<p><iframe loading=\"lazy\" title=\"Gresca i xerinola\" width=\"500\" height=\"281\" src=\"https:\/\/www.youtube.com\/embed\/jvt0HVzfsqg?feature=oembed\" frameborder=\"0\" allow=\"accelerometer; autoplay; clipboard-write; encrypted-media; gyroscope; picture-in-picture; web-share\" referrerpolicy=\"strict-origin-when-cross-origin\" allowfullscreen><\/iframe><\/p>\n","protected":false},"excerpt":{"rendered":"<p>Avui, dijous Gras, ha arribat el Sr. Carnestoltes a la nostra escola! Ens ha sorpr\u00e8s vestit de Charlot, fent honor al Cinema, projecte que ens ocupa aquest any. En el seg\u00fcent enlla\u00e7 us deixem algunes <a href=\"https:\/\/photos.app.goo.gl\/p1bZmM42oS29NCvg1\">FOTOGRAFIES DE DIJOUS GRAS<\/a>.<\/p>\n<p>Els alumnes de 5\u00e8, amb unes&hellip;  <a href=\"https:\/\/agora.xtec.cat\/ceip-dolorsalmeda-cornella\/general\/dijous-gras\/\" title=\"Read Dijous Gras\">Llegeix m\u00e9s\u00bb<\/a><\/p>\n","protected":false},"author":1,"featured_media":932,"comment_status":"open","ping_status":"closed","sticky":false,"template":"","format":"standard","meta":{"_bbp_topic_count":0,"_bbp_reply_count":0,"_bbp_total_topic_count":0,"_bbp_total_reply_count":0,"_bbp_voice_count":0,"_bbp_anonymous_reply_count":0,"_bbp_topic_count_hidden":0,"_bbp_reply_count_hidden":0,"_bbp_forum_subforum_count":0,"footnotes":""},"categories":[10,11,12,13,14,15,1,3,8,9,2,4,5],"tags":[97,98],"class_list":["post-931","post","type-post","status-publish","format-standard","has-post-thumbnail","hentry","category-1r","category-2n","category-3r","category-4t","category-5e","category-6e","category-general","category-i3","category-i4","category-i5","category-infantil","category-portada","category-primaria","tag-carnaval","tag-carnestoltes"],"post_mailing_queue_ids":[],"_links":{"self":[{"href":"https:\/\/agora.xtec.cat\/ceip-dolorsalmeda-cornella\/wp-json\/wp\/v2\/posts\/931","targetHints":{"allow":["GET"]}}],"collection":[{"href":"https:\/\/agora.xtec.cat\/ceip-dolorsalmeda-cornella\/wp-json\/wp\/v2\/posts"}],"about":[{"href":"https:\/\/agora.xtec.cat\/ceip-dolorsalmeda-cornella\/wp-json\/wp\/v2\/types\/post"}],"author":[{"embeddable":true,"href":"https:\/\/agora.xtec.cat\/ceip-dolorsalmeda-cornella\/wp-json\/wp\/v2\/users\/1"}],"replies":[{"embeddable":true,"href":"https:\/\/agora.xtec.cat\/ceip-dolorsalmeda-cornella\/wp-json\/wp\/v2\/comments?post=931"}],"version-history":[{"count":2,"href":"https:\/\/agora.xtec.cat\/ceip-dolorsalmeda-cornella\/wp-json\/wp\/v2\/posts\/931\/revisions"}],"predecessor-version":[{"id":935,"href":"https:\/\/agora.xtec.cat\/ceip-dolorsalmeda-cornella\/wp-json\/wp\/v2\/posts\/931\/revisions\/935"}],"wp:featuredmedia":[{"embeddable":true,"href":"https:\/\/agora.xtec.cat\/ceip-dolorsalmeda-cornella\/wp-json\/wp\/v2\/media\/932"}],"wp:attachment":[{"href":"https:\/\/agora.xtec.cat\/ceip-dolorsalmeda-cornella\/wp-json\/wp\/v2\/media?parent=931"}],"wp:term":[{"taxonomy":"category","embeddable":true,"href":"https:\/\/agora.xtec.cat\/ceip-dolorsalmeda-cornella\/wp-json\/wp\/v2\/categories?post=931"},{"taxonomy":"post_tag","embeddable":true,"href":"https:\/\/agora.xtec.cat\/ceip-dolorsalmeda-cornella\/wp-json\/wp\/v2\/tags?post=931"}],"curies":[{"name":"wp","href":"https:\/\/api.w.org\/{rel}","templated":true}]}}