{"id":922,"date":"2018-02-08T16:12:49","date_gmt":"2018-02-08T15:12:49","guid":{"rendered":"http:\/\/agora.xtec.cat\/ceip-dolorsalmeda-cornella\/?p=922"},"modified":"2018-02-09T10:19:43","modified_gmt":"2018-02-09T09:19:43","slug":"preojecte-de-cinema-a-cs","status":"publish","type":"post","link":"https:\/\/agora.xtec.cat\/ceip-dolorsalmeda-cornella\/general\/preojecte-de-cinema-a-cs\/","title":{"rendered":"Projecte de cinema a CS"},"content":{"rendered":"<p>&nbsp;<\/p>\n<p style=\"text-align: justify;\">Aquest curs l\u2019escola realitza el projecte sobre el m\u00f3n del cinema. \u00c9s per aix\u00f2 que hem<\/p>\n<p><a href=\"http:\/\/agora.xtec.cat\/ceip-dolorsalmeda-cornella\/wp-content\/uploads\/usu30\/2018\/02\/DSCN1539.jpg\"><img loading=\"lazy\" decoding=\"async\" class=\"wp-image-944 alignright\" src=\"http:\/\/agora.xtec.cat\/ceip-dolorsalmeda-cornella\/wp-content\/uploads\/usu30\/2018\/02\/DSCN1539.jpg\" alt=\"\" width=\"287\" height=\"215\" srcset=\"https:\/\/agora.xtec.cat\/ceip-dolorsalmeda-cornella\/wp-content\/uploads\/usu30\/2018\/02\/DSCN1539.jpg 640w, https:\/\/agora.xtec.cat\/ceip-dolorsalmeda-cornella\/wp-content\/uploads\/usu30\/2018\/02\/DSCN1539-300x225.jpg 300w, https:\/\/agora.xtec.cat\/ceip-dolorsalmeda-cornella\/wp-content\/uploads\/usu30\/2018\/02\/DSCN1539-200x150.jpg 200w\" sizes=\"auto, (max-width: 287px) 100vw, 287px\" \/><\/a><\/p>\n<p style=\"text-align: justify;\">realitzat diversos tallers relacionats amb el funcionament i la hist\u00f2ria d\u2019aquest art.<br \/>\nVam observar diversos aparells hist\u00f2rics, cedits pel museu del cinema, que simulen els moviments. Ens van assessorar per realitzar un curtmetratge utilitzant una pantalla verda. Van utilitzar les tablets amb programes espec\u00edfics per tal de fer tr\u00e0ilers<img loading=\"lazy\" decoding=\"async\" class=\"wp-image-923 alignleft\" src=\"http:\/\/agora.xtec.cat\/ceip-dolorsalmeda-cornella\/wp-content\/uploads\/usu30\/2018\/02\/DSCN1594.jpg\" alt=\"\" width=\"279\" height=\"210\" srcset=\"https:\/\/agora.xtec.cat\/ceip-dolorsalmeda-cornella\/wp-content\/uploads\/usu30\/2018\/02\/DSCN1594.jpg 640w, https:\/\/agora.xtec.cat\/ceip-dolorsalmeda-cornella\/wp-content\/uploads\/usu30\/2018\/02\/DSCN1594-300x225.jpg 300w, https:\/\/agora.xtec.cat\/ceip-dolorsalmeda-cornella\/wp-content\/uploads\/usu30\/2018\/02\/DSCN1594-200x150.jpg 200w\" sizes=\"auto, (max-width: 279px) 100vw, 279px\" \/>, doblatge i curts on donaven vida a ninots. Tamb\u00e9 van pintar un llibre per simular l\u2019acci\u00f3 de seq\u00fc\u00e8ncia que s\u2019observa en els dibuixos animats, van elaborar un cartell de cinema i la l\u00ednia del temps amb els aspectes m\u00e9s rellevants de la hist\u00f2ria del cinema. A part, vam estar elaborant un treball en grup sobre els efectes especials, vocabulari, personatges famosos&#8230;\u00a0Hem apr\u00e8s molt! No us oblideu de clicar la imatge per veure altres fotografies.<\/p>\n","protected":false},"excerpt":{"rendered":"<p>&nbsp;<br \/>\nAquest curs l\u2019escola realitza el projecte sobre el m\u00f3n del cinema. \u00c9s per aix\u00f2 que hem<br \/>\n<a href=\"http:\/\/agora.xtec.cat\/ceip-dolorsalmeda-cornella\/wp-content\/uploads\/usu30\/2018\/02\/DSCN1539.jpg\"><\/a><br \/>\nrealitzat diversos tallers relacionats amb el funcionament i la hist\u00f2ria d\u2019aquest art.<br \/>\nVam observar diversos aparells hist\u00f2rics, cedits pel museu del cinema, que simulen els moviments. Ens van assessorar per&hellip;  <a href=\"https:\/\/agora.xtec.cat\/ceip-dolorsalmeda-cornella\/general\/preojecte-de-cinema-a-cs\/\" title=\"Read Projecte de cinema a CS\">Llegeix m\u00e9s\u00bb<\/a><\/p>\n","protected":false},"author":1,"featured_media":944,"comment_status":"open","ping_status":"closed","sticky":false,"template":"","format":"standard","meta":{"_bbp_topic_count":0,"_bbp_reply_count":0,"_bbp_total_topic_count":0,"_bbp_total_reply_count":0,"_bbp_voice_count":0,"_bbp_anonymous_reply_count":0,"_bbp_topic_count_hidden":0,"_bbp_reply_count_hidden":0,"_bbp_forum_subforum_count":0,"footnotes":""},"categories":[14,15,1,4,5],"tags":[88,73],"class_list":["post-922","post","type-post","status-publish","format-standard","has-post-thumbnail","hentry","category-5e","category-6e","category-general","category-portada","category-primaria","tag-cinema","tag-projecte"],"post_mailing_queue_ids":[],"_links":{"self":[{"href":"https:\/\/agora.xtec.cat\/ceip-dolorsalmeda-cornella\/wp-json\/wp\/v2\/posts\/922","targetHints":{"allow":["GET"]}}],"collection":[{"href":"https:\/\/agora.xtec.cat\/ceip-dolorsalmeda-cornella\/wp-json\/wp\/v2\/posts"}],"about":[{"href":"https:\/\/agora.xtec.cat\/ceip-dolorsalmeda-cornella\/wp-json\/wp\/v2\/types\/post"}],"author":[{"embeddable":true,"href":"https:\/\/agora.xtec.cat\/ceip-dolorsalmeda-cornella\/wp-json\/wp\/v2\/users\/1"}],"replies":[{"embeddable":true,"href":"https:\/\/agora.xtec.cat\/ceip-dolorsalmeda-cornella\/wp-json\/wp\/v2\/comments?post=922"}],"version-history":[{"count":3,"href":"https:\/\/agora.xtec.cat\/ceip-dolorsalmeda-cornella\/wp-json\/wp\/v2\/posts\/922\/revisions"}],"predecessor-version":[{"id":947,"href":"https:\/\/agora.xtec.cat\/ceip-dolorsalmeda-cornella\/wp-json\/wp\/v2\/posts\/922\/revisions\/947"}],"wp:featuredmedia":[{"embeddable":true,"href":"https:\/\/agora.xtec.cat\/ceip-dolorsalmeda-cornella\/wp-json\/wp\/v2\/media\/944"}],"wp:attachment":[{"href":"https:\/\/agora.xtec.cat\/ceip-dolorsalmeda-cornella\/wp-json\/wp\/v2\/media?parent=922"}],"wp:term":[{"taxonomy":"category","embeddable":true,"href":"https:\/\/agora.xtec.cat\/ceip-dolorsalmeda-cornella\/wp-json\/wp\/v2\/categories?post=922"},{"taxonomy":"post_tag","embeddable":true,"href":"https:\/\/agora.xtec.cat\/ceip-dolorsalmeda-cornella\/wp-json\/wp\/v2\/tags?post=922"}],"curies":[{"name":"wp","href":"https:\/\/api.w.org\/{rel}","templated":true}]}}