{"id":909,"date":"2018-02-08T09:41:55","date_gmt":"2018-02-08T08:41:55","guid":{"rendered":"http:\/\/agora.xtec.cat\/ceip-dolorsalmeda-cornella\/?p=909"},"modified":"2018-02-08T22:30:44","modified_gmt":"2018-02-08T21:30:44","slug":"exposicio-sobre-el-cinema","status":"publish","type":"post","link":"https:\/\/agora.xtec.cat\/ceip-dolorsalmeda-cornella\/portada\/exposicio-sobre-el-cinema\/","title":{"rendered":"Exposici\u00f3 sobre el cinema"},"content":{"rendered":"<p><a href=\"https:\/\/photos.app.goo.gl\/l84BqZ28OiwuldGz1\"><img loading=\"lazy\" decoding=\"async\" class=\"wp-image-911 aligncenter\" src=\"http:\/\/agora.xtec.cat\/ceip-dolorsalmeda-cornella\/wp-content\/uploads\/usu30\/2018\/02\/DSC00229.jpg\" alt=\"\" width=\"394\" height=\"296\" srcset=\"https:\/\/agora.xtec.cat\/ceip-dolorsalmeda-cornella\/wp-content\/uploads\/usu30\/2018\/02\/DSC00229.jpg 640w, https:\/\/agora.xtec.cat\/ceip-dolorsalmeda-cornella\/wp-content\/uploads\/usu30\/2018\/02\/DSC00229-300x225.jpg 300w, https:\/\/agora.xtec.cat\/ceip-dolorsalmeda-cornella\/wp-content\/uploads\/usu30\/2018\/02\/DSC00229-200x150.jpg 200w\" sizes=\"auto, (max-width: 394px) 100vw, 394px\" \/><\/a><\/p>\n<p style=\"text-align: justify;\">Els nens i nenes de primer el dia 25 de gener vam fer l\u2019exposici\u00f3 del projecte del cinema a un grup de companys\/es de prim\u00e0ria.\u00a0Els hi vam ensenyar el nostre lapbook i totes les coses que hav\u00edem enganxat en ell.\u00a0Tamb\u00e9 els hi vam explicar tot el que hem apr\u00e8s del cinema i les activitats que hem fet i els hi hem ensenyat com fa un efecte \u00f2ptic el traum\u00e0trop. Ha estat una experi\u00e8ncia molt enrequidora! Cliqueu a la imatge per a veure m\u00e9s fotografies.<\/p>\n","protected":false},"excerpt":{"rendered":"<p><a href=\"https:\/\/photos.app.goo.gl\/l84BqZ28OiwuldGz1\"><\/a><br \/>\nEls nens i nenes de primer el dia 25 de gener vam fer l\u2019exposici\u00f3 del projecte del cinema a un grup de companys\/es de prim\u00e0ria.\u00a0Els hi vam ensenyar el nostre lapbook i totes les coses que hav\u00edem enganxat en ell.\u00a0Tamb\u00e9 els hi vam explicar&hellip;  <a href=\"https:\/\/agora.xtec.cat\/ceip-dolorsalmeda-cornella\/portada\/exposicio-sobre-el-cinema\/\" title=\"Read Exposici\u00f3 sobre el cinema\">Llegeix m\u00e9s\u00bb<\/a><\/p>\n","protected":false},"author":1,"featured_media":911,"comment_status":"open","ping_status":"closed","sticky":false,"template":"","format":"standard","meta":{"_bbp_topic_count":0,"_bbp_reply_count":0,"_bbp_total_topic_count":0,"_bbp_total_reply_count":0,"_bbp_voice_count":0,"_bbp_anonymous_reply_count":0,"_bbp_topic_count_hidden":0,"_bbp_reply_count_hidden":0,"_bbp_forum_subforum_count":0,"footnotes":""},"categories":[10,4,5],"tags":[88,73],"class_list":["post-909","post","type-post","status-publish","format-standard","has-post-thumbnail","hentry","category-1r","category-portada","category-primaria","tag-cinema","tag-projecte"],"post_mailing_queue_ids":[],"_links":{"self":[{"href":"https:\/\/agora.xtec.cat\/ceip-dolorsalmeda-cornella\/wp-json\/wp\/v2\/posts\/909","targetHints":{"allow":["GET"]}}],"collection":[{"href":"https:\/\/agora.xtec.cat\/ceip-dolorsalmeda-cornella\/wp-json\/wp\/v2\/posts"}],"about":[{"href":"https:\/\/agora.xtec.cat\/ceip-dolorsalmeda-cornella\/wp-json\/wp\/v2\/types\/post"}],"author":[{"embeddable":true,"href":"https:\/\/agora.xtec.cat\/ceip-dolorsalmeda-cornella\/wp-json\/wp\/v2\/users\/1"}],"replies":[{"embeddable":true,"href":"https:\/\/agora.xtec.cat\/ceip-dolorsalmeda-cornella\/wp-json\/wp\/v2\/comments?post=909"}],"version-history":[{"count":3,"href":"https:\/\/agora.xtec.cat\/ceip-dolorsalmeda-cornella\/wp-json\/wp\/v2\/posts\/909\/revisions"}],"predecessor-version":[{"id":936,"href":"https:\/\/agora.xtec.cat\/ceip-dolorsalmeda-cornella\/wp-json\/wp\/v2\/posts\/909\/revisions\/936"}],"wp:featuredmedia":[{"embeddable":true,"href":"https:\/\/agora.xtec.cat\/ceip-dolorsalmeda-cornella\/wp-json\/wp\/v2\/media\/911"}],"wp:attachment":[{"href":"https:\/\/agora.xtec.cat\/ceip-dolorsalmeda-cornella\/wp-json\/wp\/v2\/media?parent=909"}],"wp:term":[{"taxonomy":"category","embeddable":true,"href":"https:\/\/agora.xtec.cat\/ceip-dolorsalmeda-cornella\/wp-json\/wp\/v2\/categories?post=909"},{"taxonomy":"post_tag","embeddable":true,"href":"https:\/\/agora.xtec.cat\/ceip-dolorsalmeda-cornella\/wp-json\/wp\/v2\/tags?post=909"}],"curies":[{"name":"wp","href":"https:\/\/api.w.org\/{rel}","templated":true}]}}