{"id":907,"date":"2018-02-08T09:45:48","date_gmt":"2018-02-08T08:45:48","guid":{"rendered":"http:\/\/agora.xtec.cat\/ceip-dolorsalmeda-cornella\/?p=907"},"modified":"2018-02-08T09:46:53","modified_gmt":"2018-02-08T08:46:53","slug":"experiment","status":"publish","type":"post","link":"https:\/\/agora.xtec.cat\/ceip-dolorsalmeda-cornella\/general\/experiment\/","title":{"rendered":"Experiment amb cor i pulmons &#8211; 2n"},"content":{"rendered":"<p><a href=\"https:\/\/photos.app.goo.gl\/7Y346RqVqlPHuNcp2\"><img loading=\"lazy\" decoding=\"async\" class=\"wp-image-915 aligncenter\" src=\"http:\/\/agora.xtec.cat\/ceip-dolorsalmeda-cornella\/wp-content\/uploads\/usu30\/2018\/02\/DSCN0869.jpg\" alt=\"\" width=\"304\" height=\"228\" srcset=\"https:\/\/agora.xtec.cat\/ceip-dolorsalmeda-cornella\/wp-content\/uploads\/usu30\/2018\/02\/DSCN0869.jpg 640w, https:\/\/agora.xtec.cat\/ceip-dolorsalmeda-cornella\/wp-content\/uploads\/usu30\/2018\/02\/DSCN0869-300x225.jpg 300w, https:\/\/agora.xtec.cat\/ceip-dolorsalmeda-cornella\/wp-content\/uploads\/usu30\/2018\/02\/DSCN0869-200x150.jpg 200w\" sizes=\"auto, (max-width: 304px) 100vw, 304px\" \/><\/a><\/p>\n<p style=\"text-align: justify;\">Els nens i les nenes de segon hem estat treballant a coneixement del medi el cos per dins. Hem conegut els ossos, m\u00fasculs, l\u2019aparell respiratori i l\u2019aparell circulatori. Est\u00e0vem interessats en con\u00e8ixer com \u00e9s un cor de veritat. Aix\u00ed que hem vist com \u00e9s un cor de xai. L\u2019hem vist de ben a prop, l\u2019hem tocat, i hem descobert que no s\u2019assembla gaire al t\u00edpic cor que sempre dibuixem.\u00a0Tamb\u00e9 hem vist de ben a prop els pulmons del xai. No ens imagin\u00e0vem que serien tan suaus. Ens ha agradat quan hem introdu\u00eft una canyeta a la tr\u00e0quea i hem pogut bufar per veure com els pulmons s\u2019inflen quan entra aire. Cliqueu sobre la imatge per a veure la resta de fotografies de la sessi\u00f3 de ci\u00e8ncies.<\/p>\n","protected":false},"excerpt":{"rendered":"<p><a href=\"https:\/\/photos.app.goo.gl\/7Y346RqVqlPHuNcp2\"><\/a><br \/>\nEls nens i les nenes de segon hem estat treballant a coneixement del medi el cos per dins. Hem conegut els ossos, m\u00fasculs, l\u2019aparell respiratori i l\u2019aparell circulatori. Est\u00e0vem interessats en con\u00e8ixer com \u00e9s un cor de veritat. Aix\u00ed que hem vist com \u00e9s&hellip;  <a href=\"https:\/\/agora.xtec.cat\/ceip-dolorsalmeda-cornella\/general\/experiment\/\" title=\"Read Experiment amb cor i pulmons &#8211; 2n\">Llegeix m\u00e9s\u00bb<\/a><\/p>\n","protected":false},"author":1,"featured_media":915,"comment_status":"open","ping_status":"closed","sticky":false,"template":"","format":"standard","meta":{"_bbp_topic_count":0,"_bbp_reply_count":0,"_bbp_total_topic_count":0,"_bbp_total_reply_count":0,"_bbp_voice_count":0,"_bbp_anonymous_reply_count":0,"_bbp_topic_count_hidden":0,"_bbp_reply_count_hidden":0,"_bbp_forum_subforum_count":0,"footnotes":""},"categories":[11,1,4,5],"tags":[95,96],"class_list":["post-907","post","type-post","status-publish","format-standard","has-post-thumbnail","hentry","category-2n","category-general","category-portada","category-primaria","tag-ciencia","tag-experiments"],"post_mailing_queue_ids":[],"_links":{"self":[{"href":"https:\/\/agora.xtec.cat\/ceip-dolorsalmeda-cornella\/wp-json\/wp\/v2\/posts\/907","targetHints":{"allow":["GET"]}}],"collection":[{"href":"https:\/\/agora.xtec.cat\/ceip-dolorsalmeda-cornella\/wp-json\/wp\/v2\/posts"}],"about":[{"href":"https:\/\/agora.xtec.cat\/ceip-dolorsalmeda-cornella\/wp-json\/wp\/v2\/types\/post"}],"author":[{"embeddable":true,"href":"https:\/\/agora.xtec.cat\/ceip-dolorsalmeda-cornella\/wp-json\/wp\/v2\/users\/1"}],"replies":[{"embeddable":true,"href":"https:\/\/agora.xtec.cat\/ceip-dolorsalmeda-cornella\/wp-json\/wp\/v2\/comments?post=907"}],"version-history":[{"count":3,"href":"https:\/\/agora.xtec.cat\/ceip-dolorsalmeda-cornella\/wp-json\/wp\/v2\/posts\/907\/revisions"}],"predecessor-version":[{"id":919,"href":"https:\/\/agora.xtec.cat\/ceip-dolorsalmeda-cornella\/wp-json\/wp\/v2\/posts\/907\/revisions\/919"}],"wp:featuredmedia":[{"embeddable":true,"href":"https:\/\/agora.xtec.cat\/ceip-dolorsalmeda-cornella\/wp-json\/wp\/v2\/media\/915"}],"wp:attachment":[{"href":"https:\/\/agora.xtec.cat\/ceip-dolorsalmeda-cornella\/wp-json\/wp\/v2\/media?parent=907"}],"wp:term":[{"taxonomy":"category","embeddable":true,"href":"https:\/\/agora.xtec.cat\/ceip-dolorsalmeda-cornella\/wp-json\/wp\/v2\/categories?post=907"},{"taxonomy":"post_tag","embeddable":true,"href":"https:\/\/agora.xtec.cat\/ceip-dolorsalmeda-cornella\/wp-json\/wp\/v2\/tags?post=907"}],"curies":[{"name":"wp","href":"https:\/\/api.w.org\/{rel}","templated":true}]}}