{"id":901,"date":"2018-02-05T13:56:06","date_gmt":"2018-02-05T12:56:06","guid":{"rendered":"http:\/\/agora.xtec.cat\/ceip-dolorsalmeda-cornella\/?p=901"},"modified":"2018-02-05T14:00:41","modified_gmt":"2018-02-05T13:00:41","slug":"musica-a-laula","status":"publish","type":"post","link":"https:\/\/agora.xtec.cat\/ceip-dolorsalmeda-cornella\/portada\/musica-a-laula\/","title":{"rendered":"M\u00fasica a l&#8217;aula"},"content":{"rendered":"<p>Avui els alumnes de quart hem tingut una sessi\u00f3 de m\u00fasica a l&#8217;aula. Hem pogut aprendre moltes coses sobre la flauta dol\u00e7a i hem pogut gaudir del seu mel\u00f2dic i agradable so.<\/p>\n<p><a href=\"http:\/\/agora.xtec.cat\/ceip-dolorsalmeda-cornella\/wp-content\/uploads\/usu30\/2018\/02\/TALLERS-CINEMA1.jpg\"><img loading=\"lazy\" decoding=\"async\" class=\"wp-image-902 aligncenter\" src=\"http:\/\/agora.xtec.cat\/ceip-dolorsalmeda-cornella\/wp-content\/uploads\/usu30\/2018\/02\/TALLERS-CINEMA1-1024x768.jpg\" alt=\"\" width=\"414\" height=\"310\" srcset=\"https:\/\/agora.xtec.cat\/ceip-dolorsalmeda-cornella\/wp-content\/uploads\/usu30\/2018\/02\/TALLERS-CINEMA1.jpg 1024w, https:\/\/agora.xtec.cat\/ceip-dolorsalmeda-cornella\/wp-content\/uploads\/usu30\/2018\/02\/TALLERS-CINEMA1-300x225.jpg 300w, https:\/\/agora.xtec.cat\/ceip-dolorsalmeda-cornella\/wp-content\/uploads\/usu30\/2018\/02\/TALLERS-CINEMA1-768x576.jpg 768w, https:\/\/agora.xtec.cat\/ceip-dolorsalmeda-cornella\/wp-content\/uploads\/usu30\/2018\/02\/TALLERS-CINEMA1-200x150.jpg 200w\" sizes=\"auto, (max-width: 414px) 100vw, 414px\" \/><\/a><\/p>\n<p style=\"text-align: center;\"><strong>&#8220;<em>On les paraules fallen, la m\u00fasica parla&#8221;.\u00a0<\/em><\/strong><\/p>\n<p style=\"text-align: center;\"><span style=\"font-size: 1em;\"><em><strong style=\"font-family: inherit; font-size: 1em;\">Christian Andersen.<\/strong><\/em><\/span><\/p>\n","protected":false},"excerpt":{"rendered":"<p>Avui els alumnes de quart hem tingut una sessi\u00f3 de m\u00fasica a l&#8217;aula. Hem pogut aprendre moltes coses sobre la flauta dol\u00e7a i hem pogut gaudir del seu mel\u00f2dic i agradable so.<br \/>\n<a href=\"http:\/\/agora.xtec.cat\/ceip-dolorsalmeda-cornella\/wp-content\/uploads\/usu30\/2018\/02\/TALLERS-CINEMA1.jpg\"><\/a><br \/>\n&#8220;On les paraules fallen, la m\u00fasica parla&#8221;.\u00a0<br \/>\nChristian Andersen.<\/p>\n","protected":false},"author":6,"featured_media":902,"comment_status":"open","ping_status":"closed","sticky":false,"template":"","format":"standard","meta":{"_bbp_topic_count":0,"_bbp_reply_count":0,"_bbp_total_topic_count":0,"_bbp_total_reply_count":0,"_bbp_voice_count":0,"_bbp_anonymous_reply_count":0,"_bbp_topic_count_hidden":0,"_bbp_reply_count_hidden":0,"_bbp_forum_subforum_count":0,"footnotes":""},"categories":[13,4,5],"tags":[67],"class_list":["post-901","post","type-post","status-publish","format-standard","has-post-thumbnail","hentry","category-4t","category-portada","category-primaria","tag-musica"],"post_mailing_queue_ids":[],"_links":{"self":[{"href":"https:\/\/agora.xtec.cat\/ceip-dolorsalmeda-cornella\/wp-json\/wp\/v2\/posts\/901","targetHints":{"allow":["GET"]}}],"collection":[{"href":"https:\/\/agora.xtec.cat\/ceip-dolorsalmeda-cornella\/wp-json\/wp\/v2\/posts"}],"about":[{"href":"https:\/\/agora.xtec.cat\/ceip-dolorsalmeda-cornella\/wp-json\/wp\/v2\/types\/post"}],"author":[{"embeddable":true,"href":"https:\/\/agora.xtec.cat\/ceip-dolorsalmeda-cornella\/wp-json\/wp\/v2\/users\/6"}],"replies":[{"embeddable":true,"href":"https:\/\/agora.xtec.cat\/ceip-dolorsalmeda-cornella\/wp-json\/wp\/v2\/comments?post=901"}],"version-history":[{"count":3,"href":"https:\/\/agora.xtec.cat\/ceip-dolorsalmeda-cornella\/wp-json\/wp\/v2\/posts\/901\/revisions"}],"predecessor-version":[{"id":906,"href":"https:\/\/agora.xtec.cat\/ceip-dolorsalmeda-cornella\/wp-json\/wp\/v2\/posts\/901\/revisions\/906"}],"wp:featuredmedia":[{"embeddable":true,"href":"https:\/\/agora.xtec.cat\/ceip-dolorsalmeda-cornella\/wp-json\/wp\/v2\/media\/902"}],"wp:attachment":[{"href":"https:\/\/agora.xtec.cat\/ceip-dolorsalmeda-cornella\/wp-json\/wp\/v2\/media?parent=901"}],"wp:term":[{"taxonomy":"category","embeddable":true,"href":"https:\/\/agora.xtec.cat\/ceip-dolorsalmeda-cornella\/wp-json\/wp\/v2\/categories?post=901"},{"taxonomy":"post_tag","embeddable":true,"href":"https:\/\/agora.xtec.cat\/ceip-dolorsalmeda-cornella\/wp-json\/wp\/v2\/tags?post=901"}],"curies":[{"name":"wp","href":"https:\/\/api.w.org\/{rel}","templated":true}]}}