{"id":873,"date":"2018-01-24T13:48:26","date_gmt":"2018-01-24T12:48:26","guid":{"rendered":"http:\/\/agora.xtec.cat\/ceip-dolorsalmeda-cornella\/?p=873"},"modified":"2018-01-24T13:48:54","modified_gmt":"2018-01-24T12:48:54","slug":"tallers-de-cinema-a-educacio-infantil","status":"publish","type":"post","link":"https:\/\/agora.xtec.cat\/ceip-dolorsalmeda-cornella\/infantil\/tallers-de-cinema-a-educacio-infantil\/","title":{"rendered":"Tallers de cinema a Educaci\u00f3 Infantil"},"content":{"rendered":"<p style=\"text-align: justify;\">Enmarcat dins el projecte del Cinema, els infants de P3, P4 i P5 van realitzar diferents tallers per fer una aproximaci\u00f3 vivencial al m\u00f3n del cinema. Els tallers giraven al voltant dels efectes especials, les m\u00fasiques i les emocions, el cinema mut, coreografies, i com fer una pel\u00b7l\u00edcula. Si cliqueu a la imatge podreu veure una mostra de les diferents propostes.<\/p>\n<p style=\"text-align: justify;\"><a href=\"https:\/\/photos.app.goo.gl\/ZLwWRPyxPVMommW63\"><img loading=\"lazy\" decoding=\"async\" class=\"wp-image-876 aligncenter\" src=\"http:\/\/agora.xtec.cat\/ceip-dolorsalmeda-cornella\/wp-content\/uploads\/usu30\/2018\/01\/DSC00615.jpg\" alt=\"\" width=\"299\" height=\"224\" srcset=\"https:\/\/agora.xtec.cat\/ceip-dolorsalmeda-cornella\/wp-content\/uploads\/usu30\/2018\/01\/DSC00615.jpg 640w, https:\/\/agora.xtec.cat\/ceip-dolorsalmeda-cornella\/wp-content\/uploads\/usu30\/2018\/01\/DSC00615-300x225.jpg 300w, https:\/\/agora.xtec.cat\/ceip-dolorsalmeda-cornella\/wp-content\/uploads\/usu30\/2018\/01\/DSC00615-200x150.jpg 200w\" sizes=\"auto, (max-width: 299px) 100vw, 299px\" \/><\/a><\/p>\n","protected":false},"excerpt":{"rendered":"<p>Enmarcat dins el projecte del Cinema, els infants de P3, P4 i P5 van realitzar diferents tallers per fer una aproximaci\u00f3 vivencial al m\u00f3n del cinema. Els tallers giraven al voltant dels efectes especials, les m\u00fasiques i les emocions, el cinema mut, coreografies, i com&hellip;  <a href=\"https:\/\/agora.xtec.cat\/ceip-dolorsalmeda-cornella\/infantil\/tallers-de-cinema-a-educacio-infantil\/\" title=\"Read Tallers de cinema a Educaci\u00f3 Infantil\">Llegeix m\u00e9s\u00bb<\/a><\/p>\n","protected":false},"author":1,"featured_media":876,"comment_status":"open","ping_status":"closed","sticky":false,"template":"","format":"standard","meta":{"_bbp_topic_count":0,"_bbp_reply_count":0,"_bbp_total_topic_count":0,"_bbp_total_reply_count":0,"_bbp_voice_count":0,"_bbp_anonymous_reply_count":0,"_bbp_topic_count_hidden":0,"_bbp_reply_count_hidden":0,"_bbp_forum_subforum_count":0,"footnotes":""},"categories":[3,8,9,2,4],"tags":[88,73,89],"class_list":["post-873","post","type-post","status-publish","format-standard","has-post-thumbnail","hentry","category-i3","category-i4","category-i5","category-infantil","category-portada","tag-cinema","tag-projecte","tag-tallers"],"post_mailing_queue_ids":[],"_links":{"self":[{"href":"https:\/\/agora.xtec.cat\/ceip-dolorsalmeda-cornella\/wp-json\/wp\/v2\/posts\/873","targetHints":{"allow":["GET"]}}],"collection":[{"href":"https:\/\/agora.xtec.cat\/ceip-dolorsalmeda-cornella\/wp-json\/wp\/v2\/posts"}],"about":[{"href":"https:\/\/agora.xtec.cat\/ceip-dolorsalmeda-cornella\/wp-json\/wp\/v2\/types\/post"}],"author":[{"embeddable":true,"href":"https:\/\/agora.xtec.cat\/ceip-dolorsalmeda-cornella\/wp-json\/wp\/v2\/users\/1"}],"replies":[{"embeddable":true,"href":"https:\/\/agora.xtec.cat\/ceip-dolorsalmeda-cornella\/wp-json\/wp\/v2\/comments?post=873"}],"version-history":[{"count":2,"href":"https:\/\/agora.xtec.cat\/ceip-dolorsalmeda-cornella\/wp-json\/wp\/v2\/posts\/873\/revisions"}],"predecessor-version":[{"id":878,"href":"https:\/\/agora.xtec.cat\/ceip-dolorsalmeda-cornella\/wp-json\/wp\/v2\/posts\/873\/revisions\/878"}],"wp:featuredmedia":[{"embeddable":true,"href":"https:\/\/agora.xtec.cat\/ceip-dolorsalmeda-cornella\/wp-json\/wp\/v2\/media\/876"}],"wp:attachment":[{"href":"https:\/\/agora.xtec.cat\/ceip-dolorsalmeda-cornella\/wp-json\/wp\/v2\/media?parent=873"}],"wp:term":[{"taxonomy":"category","embeddable":true,"href":"https:\/\/agora.xtec.cat\/ceip-dolorsalmeda-cornella\/wp-json\/wp\/v2\/categories?post=873"},{"taxonomy":"post_tag","embeddable":true,"href":"https:\/\/agora.xtec.cat\/ceip-dolorsalmeda-cornella\/wp-json\/wp\/v2\/tags?post=873"}],"curies":[{"name":"wp","href":"https:\/\/api.w.org\/{rel}","templated":true}]}}