{"id":867,"date":"2018-01-24T13:26:51","date_gmt":"2018-01-24T12:26:51","guid":{"rendered":"http:\/\/agora.xtec.cat\/ceip-dolorsalmeda-cornella\/?p=867"},"modified":"2018-01-24T13:50:56","modified_gmt":"2018-01-24T12:50:56","slug":"tallers-de-cinema-al-cicle-mitja","status":"publish","type":"post","link":"https:\/\/agora.xtec.cat\/ceip-dolorsalmeda-cornella\/general\/tallers-de-cinema-al-cicle-mitja\/","title":{"rendered":"Tallers de cinema al cicle mitj\u00e0"},"content":{"rendered":"<p style=\"text-align: left;\">Els alumnes de cicle mitj\u00e0 hem estat treballant el projecte del cinema. Durant tota la setmana hem fet tallers relacionats amb el tema: pantalla verda, taum\u00e0trop, photocall, doblatge, ombres xineses&#8230; Hem apr\u00e8s l&#8217;origen del cinema i altres coses molt interessants que no sab\u00edem. Podeu clicar la imatge per veure alguns exemples dels tallers.<\/p>\n<p><a href=\"https:\/\/photos.app.goo.gl\/HvXCFvZ5FdHL02dZ2\"><img loading=\"lazy\" decoding=\"async\" class=\"wp-image-868 aligncenter\" src=\"http:\/\/agora.xtec.cat\/ceip-dolorsalmeda-cornella\/wp-content\/uploads\/usu30\/2018\/01\/TALLERS-CINEMA1-1.jpg\" alt=\"\" width=\"245\" height=\"458\" \/><\/a><\/p>\n","protected":false},"excerpt":{"rendered":"<p>Els alumnes de cicle mitj\u00e0 hem estat treballant el projecte del cinema. Durant tota la setmana hem fet tallers relacionats amb el tema: pantalla verda, taum\u00e0trop, photocall, doblatge, ombres xineses&#8230; Hem apr\u00e8s l&#8217;origen del cinema i altres coses molt interessants que no sab\u00edem. Podeu clicar&hellip;  <a href=\"https:\/\/agora.xtec.cat\/ceip-dolorsalmeda-cornella\/general\/tallers-de-cinema-al-cicle-mitja\/\" title=\"Read Tallers de cinema al cicle mitj\u00e0\">Llegeix m\u00e9s\u00bb<\/a><\/p>\n","protected":false},"author":6,"featured_media":879,"comment_status":"open","ping_status":"closed","sticky":false,"template":"","format":"standard","meta":{"_bbp_topic_count":0,"_bbp_reply_count":0,"_bbp_total_topic_count":0,"_bbp_total_reply_count":0,"_bbp_voice_count":0,"_bbp_anonymous_reply_count":0,"_bbp_topic_count_hidden":0,"_bbp_reply_count_hidden":0,"_bbp_forum_subforum_count":0,"footnotes":""},"categories":[12,13,1,4,5],"tags":[88],"class_list":["post-867","post","type-post","status-publish","format-standard","has-post-thumbnail","hentry","category-3r","category-4t","category-general","category-portada","category-primaria","tag-cinema"],"post_mailing_queue_ids":[],"_links":{"self":[{"href":"https:\/\/agora.xtec.cat\/ceip-dolorsalmeda-cornella\/wp-json\/wp\/v2\/posts\/867","targetHints":{"allow":["GET"]}}],"collection":[{"href":"https:\/\/agora.xtec.cat\/ceip-dolorsalmeda-cornella\/wp-json\/wp\/v2\/posts"}],"about":[{"href":"https:\/\/agora.xtec.cat\/ceip-dolorsalmeda-cornella\/wp-json\/wp\/v2\/types\/post"}],"author":[{"embeddable":true,"href":"https:\/\/agora.xtec.cat\/ceip-dolorsalmeda-cornella\/wp-json\/wp\/v2\/users\/6"}],"replies":[{"embeddable":true,"href":"https:\/\/agora.xtec.cat\/ceip-dolorsalmeda-cornella\/wp-json\/wp\/v2\/comments?post=867"}],"version-history":[{"count":2,"href":"https:\/\/agora.xtec.cat\/ceip-dolorsalmeda-cornella\/wp-json\/wp\/v2\/posts\/867\/revisions"}],"predecessor-version":[{"id":870,"href":"https:\/\/agora.xtec.cat\/ceip-dolorsalmeda-cornella\/wp-json\/wp\/v2\/posts\/867\/revisions\/870"}],"wp:featuredmedia":[{"embeddable":true,"href":"https:\/\/agora.xtec.cat\/ceip-dolorsalmeda-cornella\/wp-json\/wp\/v2\/media\/879"}],"wp:attachment":[{"href":"https:\/\/agora.xtec.cat\/ceip-dolorsalmeda-cornella\/wp-json\/wp\/v2\/media?parent=867"}],"wp:term":[{"taxonomy":"category","embeddable":true,"href":"https:\/\/agora.xtec.cat\/ceip-dolorsalmeda-cornella\/wp-json\/wp\/v2\/categories?post=867"},{"taxonomy":"post_tag","embeddable":true,"href":"https:\/\/agora.xtec.cat\/ceip-dolorsalmeda-cornella\/wp-json\/wp\/v2\/tags?post=867"}],"curies":[{"name":"wp","href":"https:\/\/api.w.org\/{rel}","templated":true}]}}