{"id":8465,"date":"2026-01-30T16:56:00","date_gmt":"2026-01-30T15:56:00","guid":{"rendered":"https:\/\/agora.xtec.cat\/ceip-dolorsalmeda-cornella\/?p=8465"},"modified":"2026-02-02T00:56:52","modified_gmt":"2026-02-01T23:56:52","slug":"la-barcelona-medieval-i-el-parlament-de-catalunya-2","status":"publish","type":"post","link":"https:\/\/agora.xtec.cat\/ceip-dolorsalmeda-cornella\/general\/la-barcelona-medieval-i-el-parlament-de-catalunya-2\/","title":{"rendered":"LA BARCELONA MEDIEVAL I EL PARLAMENT"},"content":{"rendered":"\n<p>Avui els infants de 6\u00e8 han gaudit d&#8217;un preci\u00f3s dia passejant per Barcelona. <br>Han conegut la part medieval, la pla\u00e7a Sant Jaume, la Catedral&#8230;<br>Despr\u00e9s han passejat pel parc de la Ciutadella i per acabar, el Parlament de Catalunya, on han conegut els espais m\u00e9s emblem\u00e0tics com l&#8217;hemicicle.<br><br>Una sortida molt ben aprofitada per viure en directe els continguts que estan treballant a medi social.<\/p>\n\n\n\n<figure class=\"wp-block-gallery has-nested-images columns-default is-cropped wp-block-gallery-1 is-layout-flex wp-block-gallery-is-layout-flex\">\n<figure class=\"wp-block-image size-large\"><a href=\"https:\/\/agora.xtec.cat\/ceip-dolorsalmeda-cornella\/wp-content\/uploads\/usu30\/2026\/02\/Barcelona-6e-Almeda-gen26-8.jpg\"><img loading=\"lazy\" decoding=\"async\" width=\"1024\" height=\"1024\" data-id=\"8472\" src=\"https:\/\/agora.xtec.cat\/ceip-dolorsalmeda-cornella\/wp-content\/uploads\/usu30\/2026\/02\/Barcelona-6e-Almeda-gen26-8-1024x1024.jpg\" alt=\"\" class=\"wp-image-8472\" srcset=\"https:\/\/agora.xtec.cat\/ceip-dolorsalmeda-cornella\/wp-content\/uploads\/usu30\/2026\/02\/Barcelona-6e-Almeda-gen26-8-1024x1024.jpg 1024w, https:\/\/agora.xtec.cat\/ceip-dolorsalmeda-cornella\/wp-content\/uploads\/usu30\/2026\/02\/Barcelona-6e-Almeda-gen26-8-300x300.jpg 300w, https:\/\/agora.xtec.cat\/ceip-dolorsalmeda-cornella\/wp-content\/uploads\/usu30\/2026\/02\/Barcelona-6e-Almeda-gen26-8-150x150.jpg 150w, https:\/\/agora.xtec.cat\/ceip-dolorsalmeda-cornella\/wp-content\/uploads\/usu30\/2026\/02\/Barcelona-6e-Almeda-gen26-8-768x768.jpg 768w, https:\/\/agora.xtec.cat\/ceip-dolorsalmeda-cornella\/wp-content\/uploads\/usu30\/2026\/02\/Barcelona-6e-Almeda-gen26-8.jpg 1080w\" sizes=\"auto, (max-width: 1024px) 100vw, 1024px\" \/><\/a><\/figure>\n\n\n\n<figure class=\"wp-block-image size-large\"><a href=\"https:\/\/agora.xtec.cat\/ceip-dolorsalmeda-cornella\/wp-content\/uploads\/usu30\/2026\/02\/Barcelona-6e-Almeda-gen26-9.jpg\"><img loading=\"lazy\" decoding=\"async\" width=\"1024\" height=\"1024\" data-id=\"8473\" src=\"https:\/\/agora.xtec.cat\/ceip-dolorsalmeda-cornella\/wp-content\/uploads\/usu30\/2026\/02\/Barcelona-6e-Almeda-gen26-9-1024x1024.jpg\" alt=\"\" class=\"wp-image-8473\" srcset=\"https:\/\/agora.xtec.cat\/ceip-dolorsalmeda-cornella\/wp-content\/uploads\/usu30\/2026\/02\/Barcelona-6e-Almeda-gen26-9-1024x1024.jpg 1024w, https:\/\/agora.xtec.cat\/ceip-dolorsalmeda-cornella\/wp-content\/uploads\/usu30\/2026\/02\/Barcelona-6e-Almeda-gen26-9-300x300.jpg 300w, https:\/\/agora.xtec.cat\/ceip-dolorsalmeda-cornella\/wp-content\/uploads\/usu30\/2026\/02\/Barcelona-6e-Almeda-gen26-9-150x150.jpg 150w, https:\/\/agora.xtec.cat\/ceip-dolorsalmeda-cornella\/wp-content\/uploads\/usu30\/2026\/02\/Barcelona-6e-Almeda-gen26-9-768x768.jpg 768w, https:\/\/agora.xtec.cat\/ceip-dolorsalmeda-cornella\/wp-content\/uploads\/usu30\/2026\/02\/Barcelona-6e-Almeda-gen26-9.jpg 1080w\" sizes=\"auto, (max-width: 1024px) 100vw, 1024px\" \/><\/a><\/figure>\n\n\n\n<figure class=\"wp-block-image size-large\"><a href=\"https:\/\/agora.xtec.cat\/ceip-dolorsalmeda-cornella\/wp-content\/uploads\/usu30\/2026\/02\/Barcelona-6e-Almeda-gen26-1.jpg\"><img loading=\"lazy\" decoding=\"async\" width=\"1024\" height=\"1024\" data-id=\"8474\" src=\"https:\/\/agora.xtec.cat\/ceip-dolorsalmeda-cornella\/wp-content\/uploads\/usu30\/2026\/02\/Barcelona-6e-Almeda-gen26-1-1024x1024.jpg\" alt=\"\" class=\"wp-image-8474\" srcset=\"https:\/\/agora.xtec.cat\/ceip-dolorsalmeda-cornella\/wp-content\/uploads\/usu30\/2026\/02\/Barcelona-6e-Almeda-gen26-1-1024x1024.jpg 1024w, https:\/\/agora.xtec.cat\/ceip-dolorsalmeda-cornella\/wp-content\/uploads\/usu30\/2026\/02\/Barcelona-6e-Almeda-gen26-1-300x300.jpg 300w, https:\/\/agora.xtec.cat\/ceip-dolorsalmeda-cornella\/wp-content\/uploads\/usu30\/2026\/02\/Barcelona-6e-Almeda-gen26-1-150x150.jpg 150w, https:\/\/agora.xtec.cat\/ceip-dolorsalmeda-cornella\/wp-content\/uploads\/usu30\/2026\/02\/Barcelona-6e-Almeda-gen26-1-768x768.jpg 768w, https:\/\/agora.xtec.cat\/ceip-dolorsalmeda-cornella\/wp-content\/uploads\/usu30\/2026\/02\/Barcelona-6e-Almeda-gen26-1.jpg 1080w\" sizes=\"auto, (max-width: 1024px) 100vw, 1024px\" \/><\/a><\/figure>\n\n\n\n<figure class=\"wp-block-image size-large\"><a href=\"https:\/\/agora.xtec.cat\/ceip-dolorsalmeda-cornella\/wp-content\/uploads\/usu30\/2026\/02\/Barcelona-6e-Almeda-gen26-7.jpg\"><img loading=\"lazy\" decoding=\"async\" width=\"1024\" height=\"1024\" data-id=\"8471\" src=\"https:\/\/agora.xtec.cat\/ceip-dolorsalmeda-cornella\/wp-content\/uploads\/usu30\/2026\/02\/Barcelona-6e-Almeda-gen26-7-1024x1024.jpg\" alt=\"\" class=\"wp-image-8471\" srcset=\"https:\/\/agora.xtec.cat\/ceip-dolorsalmeda-cornella\/wp-content\/uploads\/usu30\/2026\/02\/Barcelona-6e-Almeda-gen26-7-1024x1024.jpg 1024w, https:\/\/agora.xtec.cat\/ceip-dolorsalmeda-cornella\/wp-content\/uploads\/usu30\/2026\/02\/Barcelona-6e-Almeda-gen26-7-300x300.jpg 300w, https:\/\/agora.xtec.cat\/ceip-dolorsalmeda-cornella\/wp-content\/uploads\/usu30\/2026\/02\/Barcelona-6e-Almeda-gen26-7-150x150.jpg 150w, https:\/\/agora.xtec.cat\/ceip-dolorsalmeda-cornella\/wp-content\/uploads\/usu30\/2026\/02\/Barcelona-6e-Almeda-gen26-7-768x768.jpg 768w, https:\/\/agora.xtec.cat\/ceip-dolorsalmeda-cornella\/wp-content\/uploads\/usu30\/2026\/02\/Barcelona-6e-Almeda-gen26-7.jpg 1080w\" sizes=\"auto, (max-width: 1024px) 100vw, 1024px\" \/><\/a><\/figure>\n\n\n\n<figure class=\"wp-block-image size-large\"><a href=\"https:\/\/agora.xtec.cat\/ceip-dolorsalmeda-cornella\/wp-content\/uploads\/usu30\/2026\/02\/Barcelona-6e-Almeda-gen26-2.jpg\"><img loading=\"lazy\" decoding=\"async\" width=\"1024\" height=\"1024\" data-id=\"8466\" src=\"https:\/\/agora.xtec.cat\/ceip-dolorsalmeda-cornella\/wp-content\/uploads\/usu30\/2026\/02\/Barcelona-6e-Almeda-gen26-2-1024x1024.jpg\" alt=\"\" class=\"wp-image-8466\" srcset=\"https:\/\/agora.xtec.cat\/ceip-dolorsalmeda-cornella\/wp-content\/uploads\/usu30\/2026\/02\/Barcelona-6e-Almeda-gen26-2-1024x1024.jpg 1024w, https:\/\/agora.xtec.cat\/ceip-dolorsalmeda-cornella\/wp-content\/uploads\/usu30\/2026\/02\/Barcelona-6e-Almeda-gen26-2-300x300.jpg 300w, https:\/\/agora.xtec.cat\/ceip-dolorsalmeda-cornella\/wp-content\/uploads\/usu30\/2026\/02\/Barcelona-6e-Almeda-gen26-2-150x150.jpg 150w, https:\/\/agora.xtec.cat\/ceip-dolorsalmeda-cornella\/wp-content\/uploads\/usu30\/2026\/02\/Barcelona-6e-Almeda-gen26-2-768x768.jpg 768w, https:\/\/agora.xtec.cat\/ceip-dolorsalmeda-cornella\/wp-content\/uploads\/usu30\/2026\/02\/Barcelona-6e-Almeda-gen26-2.jpg 1080w\" sizes=\"auto, (max-width: 1024px) 100vw, 1024px\" \/><\/a><\/figure>\n\n\n\n<figure class=\"wp-block-image size-large\"><a href=\"https:\/\/agora.xtec.cat\/ceip-dolorsalmeda-cornella\/wp-content\/uploads\/usu30\/2026\/02\/Barcelona-6e-Almeda-gen26-3.jpg\"><img loading=\"lazy\" decoding=\"async\" width=\"1024\" height=\"1024\" data-id=\"8467\" src=\"https:\/\/agora.xtec.cat\/ceip-dolorsalmeda-cornella\/wp-content\/uploads\/usu30\/2026\/02\/Barcelona-6e-Almeda-gen26-3-1024x1024.jpg\" alt=\"\" class=\"wp-image-8467\" srcset=\"https:\/\/agora.xtec.cat\/ceip-dolorsalmeda-cornella\/wp-content\/uploads\/usu30\/2026\/02\/Barcelona-6e-Almeda-gen26-3-1024x1024.jpg 1024w, https:\/\/agora.xtec.cat\/ceip-dolorsalmeda-cornella\/wp-content\/uploads\/usu30\/2026\/02\/Barcelona-6e-Almeda-gen26-3-300x300.jpg 300w, https:\/\/agora.xtec.cat\/ceip-dolorsalmeda-cornella\/wp-content\/uploads\/usu30\/2026\/02\/Barcelona-6e-Almeda-gen26-3-150x150.jpg 150w, https:\/\/agora.xtec.cat\/ceip-dolorsalmeda-cornella\/wp-content\/uploads\/usu30\/2026\/02\/Barcelona-6e-Almeda-gen26-3-768x768.jpg 768w, https:\/\/agora.xtec.cat\/ceip-dolorsalmeda-cornella\/wp-content\/uploads\/usu30\/2026\/02\/Barcelona-6e-Almeda-gen26-3.jpg 1080w\" sizes=\"auto, (max-width: 1024px) 100vw, 1024px\" \/><\/a><\/figure>\n\n\n\n<figure class=\"wp-block-image size-large\"><a href=\"https:\/\/agora.xtec.cat\/ceip-dolorsalmeda-cornella\/wp-content\/uploads\/usu30\/2026\/02\/Barcelona-6e-Almeda-gen26-6.jpg\"><img loading=\"lazy\" decoding=\"async\" width=\"1024\" height=\"1024\" data-id=\"8470\" src=\"https:\/\/agora.xtec.cat\/ceip-dolorsalmeda-cornella\/wp-content\/uploads\/usu30\/2026\/02\/Barcelona-6e-Almeda-gen26-6-1024x1024.jpg\" alt=\"\" class=\"wp-image-8470\" srcset=\"https:\/\/agora.xtec.cat\/ceip-dolorsalmeda-cornella\/wp-content\/uploads\/usu30\/2026\/02\/Barcelona-6e-Almeda-gen26-6-1024x1024.jpg 1024w, https:\/\/agora.xtec.cat\/ceip-dolorsalmeda-cornella\/wp-content\/uploads\/usu30\/2026\/02\/Barcelona-6e-Almeda-gen26-6-300x300.jpg 300w, https:\/\/agora.xtec.cat\/ceip-dolorsalmeda-cornella\/wp-content\/uploads\/usu30\/2026\/02\/Barcelona-6e-Almeda-gen26-6-150x150.jpg 150w, https:\/\/agora.xtec.cat\/ceip-dolorsalmeda-cornella\/wp-content\/uploads\/usu30\/2026\/02\/Barcelona-6e-Almeda-gen26-6-768x768.jpg 768w, https:\/\/agora.xtec.cat\/ceip-dolorsalmeda-cornella\/wp-content\/uploads\/usu30\/2026\/02\/Barcelona-6e-Almeda-gen26-6.jpg 1080w\" sizes=\"auto, (max-width: 1024px) 100vw, 1024px\" \/><\/a><\/figure>\n\n\n\n<figure class=\"wp-block-image size-large\"><a href=\"https:\/\/agora.xtec.cat\/ceip-dolorsalmeda-cornella\/wp-content\/uploads\/usu30\/2026\/02\/Barcelona-6e-Almeda-gen26-5.jpg\"><img loading=\"lazy\" decoding=\"async\" width=\"1024\" height=\"1024\" data-id=\"8469\" src=\"https:\/\/agora.xtec.cat\/ceip-dolorsalmeda-cornella\/wp-content\/uploads\/usu30\/2026\/02\/Barcelona-6e-Almeda-gen26-5-1024x1024.jpg\" alt=\"\" class=\"wp-image-8469\" srcset=\"https:\/\/agora.xtec.cat\/ceip-dolorsalmeda-cornella\/wp-content\/uploads\/usu30\/2026\/02\/Barcelona-6e-Almeda-gen26-5-1024x1024.jpg 1024w, https:\/\/agora.xtec.cat\/ceip-dolorsalmeda-cornella\/wp-content\/uploads\/usu30\/2026\/02\/Barcelona-6e-Almeda-gen26-5-300x300.jpg 300w, https:\/\/agora.xtec.cat\/ceip-dolorsalmeda-cornella\/wp-content\/uploads\/usu30\/2026\/02\/Barcelona-6e-Almeda-gen26-5-150x150.jpg 150w, https:\/\/agora.xtec.cat\/ceip-dolorsalmeda-cornella\/wp-content\/uploads\/usu30\/2026\/02\/Barcelona-6e-Almeda-gen26-5-768x768.jpg 768w, https:\/\/agora.xtec.cat\/ceip-dolorsalmeda-cornella\/wp-content\/uploads\/usu30\/2026\/02\/Barcelona-6e-Almeda-gen26-5.jpg 1080w\" sizes=\"auto, (max-width: 1024px) 100vw, 1024px\" \/><\/a><\/figure>\n\n\n\n<figure class=\"wp-block-image size-large\"><a href=\"https:\/\/agora.xtec.cat\/ceip-dolorsalmeda-cornella\/wp-content\/uploads\/usu30\/2026\/02\/Barcelona-6e-Almeda-gen26-4.jpg\"><img loading=\"lazy\" decoding=\"async\" width=\"1024\" height=\"1024\" data-id=\"8468\" src=\"https:\/\/agora.xtec.cat\/ceip-dolorsalmeda-cornella\/wp-content\/uploads\/usu30\/2026\/02\/Barcelona-6e-Almeda-gen26-4-1024x1024.jpg\" alt=\"\" class=\"wp-image-8468\" srcset=\"https:\/\/agora.xtec.cat\/ceip-dolorsalmeda-cornella\/wp-content\/uploads\/usu30\/2026\/02\/Barcelona-6e-Almeda-gen26-4-1024x1024.jpg 1024w, https:\/\/agora.xtec.cat\/ceip-dolorsalmeda-cornella\/wp-content\/uploads\/usu30\/2026\/02\/Barcelona-6e-Almeda-gen26-4-300x300.jpg 300w, https:\/\/agora.xtec.cat\/ceip-dolorsalmeda-cornella\/wp-content\/uploads\/usu30\/2026\/02\/Barcelona-6e-Almeda-gen26-4-150x150.jpg 150w, https:\/\/agora.xtec.cat\/ceip-dolorsalmeda-cornella\/wp-content\/uploads\/usu30\/2026\/02\/Barcelona-6e-Almeda-gen26-4-768x768.jpg 768w, https:\/\/agora.xtec.cat\/ceip-dolorsalmeda-cornella\/wp-content\/uploads\/usu30\/2026\/02\/Barcelona-6e-Almeda-gen26-4.jpg 1080w\" sizes=\"auto, (max-width: 1024px) 100vw, 1024px\" \/><\/a><\/figure>\n<\/figure>\n","protected":false},"excerpt":{"rendered":"<p>Avui els infants de 6\u00e8 han gaudit d&#8217;un preci\u00f3s dia passejant per Barcelona. Han conegut la part medieval, la pla\u00e7a Sant Jaume, la Catedral&#8230;Despr\u00e9s han passejat pel parc de la Ciutadella i per acabar, el Parlament de Catalunya, on han conegut els espais m\u00e9s emblem\u00e0tics&hellip;  <a href=\"https:\/\/agora.xtec.cat\/ceip-dolorsalmeda-cornella\/general\/la-barcelona-medieval-i-el-parlament-de-catalunya-2\/\" title=\"Read LA BARCELONA MEDIEVAL I EL PARLAMENT\">Llegeix m\u00e9s\u00bb<\/a><\/p>\n","protected":false},"author":1,"featured_media":8468,"comment_status":"open","ping_status":"open","sticky":false,"template":"","format":"standard","meta":{"_bbp_topic_count":0,"_bbp_reply_count":0,"_bbp_total_topic_count":0,"_bbp_total_reply_count":0,"_bbp_voice_count":0,"_bbp_anonymous_reply_count":0,"_bbp_topic_count_hidden":0,"_bbp_reply_count_hidden":0,"_bbp_forum_subforum_count":0,"footnotes":""},"categories":[15,1,4,5],"tags":[174,113],"class_list":["post-8465","post","type-post","status-publish","format-standard","has-post-thumbnail","hentry","category-6e","category-general","category-portada","category-primaria","tag-parlament","tag-sortida"],"post_mailing_queue_ids":[],"_links":{"self":[{"href":"https:\/\/agora.xtec.cat\/ceip-dolorsalmeda-cornella\/wp-json\/wp\/v2\/posts\/8465","targetHints":{"allow":["GET"]}}],"collection":[{"href":"https:\/\/agora.xtec.cat\/ceip-dolorsalmeda-cornella\/wp-json\/wp\/v2\/posts"}],"about":[{"href":"https:\/\/agora.xtec.cat\/ceip-dolorsalmeda-cornella\/wp-json\/wp\/v2\/types\/post"}],"author":[{"embeddable":true,"href":"https:\/\/agora.xtec.cat\/ceip-dolorsalmeda-cornella\/wp-json\/wp\/v2\/users\/1"}],"replies":[{"embeddable":true,"href":"https:\/\/agora.xtec.cat\/ceip-dolorsalmeda-cornella\/wp-json\/wp\/v2\/comments?post=8465"}],"version-history":[{"count":3,"href":"https:\/\/agora.xtec.cat\/ceip-dolorsalmeda-cornella\/wp-json\/wp\/v2\/posts\/8465\/revisions"}],"predecessor-version":[{"id":8497,"href":"https:\/\/agora.xtec.cat\/ceip-dolorsalmeda-cornella\/wp-json\/wp\/v2\/posts\/8465\/revisions\/8497"}],"wp:featuredmedia":[{"embeddable":true,"href":"https:\/\/agora.xtec.cat\/ceip-dolorsalmeda-cornella\/wp-json\/wp\/v2\/media\/8468"}],"wp:attachment":[{"href":"https:\/\/agora.xtec.cat\/ceip-dolorsalmeda-cornella\/wp-json\/wp\/v2\/media?parent=8465"}],"wp:term":[{"taxonomy":"category","embeddable":true,"href":"https:\/\/agora.xtec.cat\/ceip-dolorsalmeda-cornella\/wp-json\/wp\/v2\/categories?post=8465"},{"taxonomy":"post_tag","embeddable":true,"href":"https:\/\/agora.xtec.cat\/ceip-dolorsalmeda-cornella\/wp-json\/wp\/v2\/tags?post=8465"}],"curies":[{"name":"wp","href":"https:\/\/api.w.org\/{rel}","templated":true}]}}