{"id":8428,"date":"2026-01-27T12:22:39","date_gmt":"2026-01-27T11:22:39","guid":{"rendered":"https:\/\/agora.xtec.cat\/ceip-dolorsalmeda-cornella\/?p=8428"},"modified":"2026-01-28T12:36:32","modified_gmt":"2026-01-28T11:36:32","slug":"formacio-artistica-de-claustre","status":"publish","type":"post","link":"https:\/\/agora.xtec.cat\/ceip-dolorsalmeda-cornella\/general\/formacio-artistica-de-claustre\/","title":{"rendered":"Formaci\u00f3 art\u00edstica de claustre"},"content":{"rendered":"\n<p>Aquest curs \u00e9s molt especial&#8230; S\u2019apropa el centenari de la mort d\u2019Antoni Gaud\u00ed i ens estem preparant per a una Setmana Cultural que ser\u00e0 inoblidable! <br>Per anar un pas m\u00e9s enll\u00e0, l\u2019equip de mestres estem fent una formaci\u00f3 de la m\u00e0 del centre d\u2019arts pl\u00e0stiques Tra\u00e7 de Barcelona\u00a0<a href=\"https:\/\/www.instagram.com\/escola_trac\/\">@escola_trac<\/a>\u00a0. Hem canviat la pissarra per les mans per aprendre noves t\u00e8cniques, recursos i idees creatives!<br>L\u2019objectiu? Adaptar la m\u00e0gia del Modernisme a totes les edats.<br>Volem que els nens i nenes no nom\u00e9s aprenguin qui era Gaud\u00ed, sin\u00f3 que se sentin veritables artistes!  <\/p>\n\n\n\n<p>Estigueu atents&#8230; molt aviat les nostres aules es transformaran en un museu ple de vida!\u00a0<\/p>\n\n\n\n<figure class=\"wp-block-gallery has-nested-images columns-default is-cropped wp-block-gallery-1 is-layout-flex wp-block-gallery-is-layout-flex\">\n<figure class=\"wp-block-image size-large\"><a href=\"https:\/\/agora.xtec.cat\/ceip-dolorsalmeda-cornella\/wp-content\/uploads\/usu30\/2026\/01\/formacio-claustre-DolorsAlmeda-gen26-7.jpg\"><img loading=\"lazy\" decoding=\"async\" width=\"769\" height=\"1024\" data-id=\"8434\" src=\"https:\/\/agora.xtec.cat\/ceip-dolorsalmeda-cornella\/wp-content\/uploads\/usu30\/2026\/01\/formacio-claustre-DolorsAlmeda-gen26-7-769x1024.jpg\" alt=\"\" class=\"wp-image-8434\" srcset=\"https:\/\/agora.xtec.cat\/ceip-dolorsalmeda-cornella\/wp-content\/uploads\/usu30\/2026\/01\/formacio-claustre-DolorsAlmeda-gen26-7-769x1024.jpg 769w, https:\/\/agora.xtec.cat\/ceip-dolorsalmeda-cornella\/wp-content\/uploads\/usu30\/2026\/01\/formacio-claustre-DolorsAlmeda-gen26-7-225x300.jpg 225w, https:\/\/agora.xtec.cat\/ceip-dolorsalmeda-cornella\/wp-content\/uploads\/usu30\/2026\/01\/formacio-claustre-DolorsAlmeda-gen26-7-768x1022.jpg 768w, https:\/\/agora.xtec.cat\/ceip-dolorsalmeda-cornella\/wp-content\/uploads\/usu30\/2026\/01\/formacio-claustre-DolorsAlmeda-gen26-7-1154x1536.jpg 1154w, https:\/\/agora.xtec.cat\/ceip-dolorsalmeda-cornella\/wp-content\/uploads\/usu30\/2026\/01\/formacio-claustre-DolorsAlmeda-gen26-7.jpg 1170w\" sizes=\"auto, (max-width: 769px) 100vw, 769px\" \/><\/a><\/figure>\n\n\n\n<figure class=\"wp-block-image size-large\"><a href=\"https:\/\/agora.xtec.cat\/ceip-dolorsalmeda-cornella\/wp-content\/uploads\/usu30\/2026\/01\/formacio-claustre-DolorsAlmeda-gen26-19.jpg\"><img loading=\"lazy\" decoding=\"async\" width=\"768\" height=\"1024\" data-id=\"8446\" src=\"https:\/\/agora.xtec.cat\/ceip-dolorsalmeda-cornella\/wp-content\/uploads\/usu30\/2026\/01\/formacio-claustre-DolorsAlmeda-gen26-19-768x1024.jpg\" alt=\"\" class=\"wp-image-8446\" srcset=\"https:\/\/agora.xtec.cat\/ceip-dolorsalmeda-cornella\/wp-content\/uploads\/usu30\/2026\/01\/formacio-claustre-DolorsAlmeda-gen26-19-768x1024.jpg 768w, https:\/\/agora.xtec.cat\/ceip-dolorsalmeda-cornella\/wp-content\/uploads\/usu30\/2026\/01\/formacio-claustre-DolorsAlmeda-gen26-19-225x300.jpg 225w, https:\/\/agora.xtec.cat\/ceip-dolorsalmeda-cornella\/wp-content\/uploads\/usu30\/2026\/01\/formacio-claustre-DolorsAlmeda-gen26-19.jpg 1080w\" sizes=\"auto, (max-width: 768px) 100vw, 768px\" \/><\/a><\/figure>\n\n\n\n<figure class=\"wp-block-image size-large\"><a href=\"https:\/\/agora.xtec.cat\/ceip-dolorsalmeda-cornella\/wp-content\/uploads\/usu30\/2026\/01\/formacio-claustre-DolorsAlmeda-gen26-17.jpg\"><img loading=\"lazy\" decoding=\"async\" width=\"768\" height=\"1024\" data-id=\"8444\" src=\"https:\/\/agora.xtec.cat\/ceip-dolorsalmeda-cornella\/wp-content\/uploads\/usu30\/2026\/01\/formacio-claustre-DolorsAlmeda-gen26-17-768x1024.jpg\" alt=\"\" class=\"wp-image-8444\" srcset=\"https:\/\/agora.xtec.cat\/ceip-dolorsalmeda-cornella\/wp-content\/uploads\/usu30\/2026\/01\/formacio-claustre-DolorsAlmeda-gen26-17-768x1024.jpg 768w, https:\/\/agora.xtec.cat\/ceip-dolorsalmeda-cornella\/wp-content\/uploads\/usu30\/2026\/01\/formacio-claustre-DolorsAlmeda-gen26-17-225x300.jpg 225w, https:\/\/agora.xtec.cat\/ceip-dolorsalmeda-cornella\/wp-content\/uploads\/usu30\/2026\/01\/formacio-claustre-DolorsAlmeda-gen26-17.jpg 1080w\" sizes=\"auto, (max-width: 768px) 100vw, 768px\" \/><\/a><\/figure>\n\n\n\n<figure class=\"wp-block-image size-large\"><a href=\"https:\/\/agora.xtec.cat\/ceip-dolorsalmeda-cornella\/wp-content\/uploads\/usu30\/2026\/01\/formacio-claustre-DolorsAlmeda-gen26-18.jpg\"><img loading=\"lazy\" decoding=\"async\" width=\"768\" height=\"1024\" data-id=\"8445\" src=\"https:\/\/agora.xtec.cat\/ceip-dolorsalmeda-cornella\/wp-content\/uploads\/usu30\/2026\/01\/formacio-claustre-DolorsAlmeda-gen26-18-768x1024.jpg\" alt=\"\" class=\"wp-image-8445\" srcset=\"https:\/\/agora.xtec.cat\/ceip-dolorsalmeda-cornella\/wp-content\/uploads\/usu30\/2026\/01\/formacio-claustre-DolorsAlmeda-gen26-18-768x1024.jpg 768w, https:\/\/agora.xtec.cat\/ceip-dolorsalmeda-cornella\/wp-content\/uploads\/usu30\/2026\/01\/formacio-claustre-DolorsAlmeda-gen26-18-225x300.jpg 225w, https:\/\/agora.xtec.cat\/ceip-dolorsalmeda-cornella\/wp-content\/uploads\/usu30\/2026\/01\/formacio-claustre-DolorsAlmeda-gen26-18.jpg 1080w\" sizes=\"auto, (max-width: 768px) 100vw, 768px\" \/><\/a><\/figure>\n\n\n\n<figure class=\"wp-block-image size-large\"><a href=\"https:\/\/agora.xtec.cat\/ceip-dolorsalmeda-cornella\/wp-content\/uploads\/usu30\/2026\/01\/formacio-claustre-DolorsAlmeda-gen26-2.jpg\"><img loading=\"lazy\" decoding=\"async\" width=\"768\" height=\"1024\" data-id=\"8429\" src=\"https:\/\/agora.xtec.cat\/ceip-dolorsalmeda-cornella\/wp-content\/uploads\/usu30\/2026\/01\/formacio-claustre-DolorsAlmeda-gen26-2-768x1024.jpg\" alt=\"\" class=\"wp-image-8429\" srcset=\"https:\/\/agora.xtec.cat\/ceip-dolorsalmeda-cornella\/wp-content\/uploads\/usu30\/2026\/01\/formacio-claustre-DolorsAlmeda-gen26-2-768x1024.jpg 768w, https:\/\/agora.xtec.cat\/ceip-dolorsalmeda-cornella\/wp-content\/uploads\/usu30\/2026\/01\/formacio-claustre-DolorsAlmeda-gen26-2-225x300.jpg 225w, https:\/\/agora.xtec.cat\/ceip-dolorsalmeda-cornella\/wp-content\/uploads\/usu30\/2026\/01\/formacio-claustre-DolorsAlmeda-gen26-2.jpg 1080w\" sizes=\"auto, (max-width: 768px) 100vw, 768px\" \/><\/a><\/figure>\n\n\n\n<figure class=\"wp-block-image size-large\"><a href=\"https:\/\/agora.xtec.cat\/ceip-dolorsalmeda-cornella\/wp-content\/uploads\/usu30\/2026\/01\/formacio-claustre-DolorsAlmeda-gen26-3.jpg\"><img loading=\"lazy\" decoding=\"async\" width=\"768\" height=\"1024\" data-id=\"8430\" src=\"https:\/\/agora.xtec.cat\/ceip-dolorsalmeda-cornella\/wp-content\/uploads\/usu30\/2026\/01\/formacio-claustre-DolorsAlmeda-gen26-3-768x1024.jpg\" alt=\"\" class=\"wp-image-8430\" srcset=\"https:\/\/agora.xtec.cat\/ceip-dolorsalmeda-cornella\/wp-content\/uploads\/usu30\/2026\/01\/formacio-claustre-DolorsAlmeda-gen26-3-768x1024.jpg 768w, https:\/\/agora.xtec.cat\/ceip-dolorsalmeda-cornella\/wp-content\/uploads\/usu30\/2026\/01\/formacio-claustre-DolorsAlmeda-gen26-3-225x300.jpg 225w, https:\/\/agora.xtec.cat\/ceip-dolorsalmeda-cornella\/wp-content\/uploads\/usu30\/2026\/01\/formacio-claustre-DolorsAlmeda-gen26-3.jpg 1080w\" sizes=\"auto, (max-width: 768px) 100vw, 768px\" \/><\/a><\/figure>\n\n\n\n<figure class=\"wp-block-image size-large\"><a href=\"https:\/\/agora.xtec.cat\/ceip-dolorsalmeda-cornella\/wp-content\/uploads\/usu30\/2026\/01\/formacio-claustre-DolorsAlmeda-gen26-4.jpg\"><img loading=\"lazy\" decoding=\"async\" width=\"768\" height=\"1024\" data-id=\"8431\" src=\"https:\/\/agora.xtec.cat\/ceip-dolorsalmeda-cornella\/wp-content\/uploads\/usu30\/2026\/01\/formacio-claustre-DolorsAlmeda-gen26-4-768x1024.jpg\" alt=\"\" class=\"wp-image-8431\" srcset=\"https:\/\/agora.xtec.cat\/ceip-dolorsalmeda-cornella\/wp-content\/uploads\/usu30\/2026\/01\/formacio-claustre-DolorsAlmeda-gen26-4-768x1024.jpg 768w, https:\/\/agora.xtec.cat\/ceip-dolorsalmeda-cornella\/wp-content\/uploads\/usu30\/2026\/01\/formacio-claustre-DolorsAlmeda-gen26-4-225x300.jpg 225w, https:\/\/agora.xtec.cat\/ceip-dolorsalmeda-cornella\/wp-content\/uploads\/usu30\/2026\/01\/formacio-claustre-DolorsAlmeda-gen26-4.jpg 1080w\" sizes=\"auto, (max-width: 768px) 100vw, 768px\" \/><\/a><\/figure>\n\n\n\n<figure class=\"wp-block-image size-large\"><a href=\"https:\/\/agora.xtec.cat\/ceip-dolorsalmeda-cornella\/wp-content\/uploads\/usu30\/2026\/01\/formacio-claustre-DolorsAlmeda-gen26-5.jpg\"><img loading=\"lazy\" decoding=\"async\" width=\"768\" height=\"1024\" data-id=\"8432\" src=\"https:\/\/agora.xtec.cat\/ceip-dolorsalmeda-cornella\/wp-content\/uploads\/usu30\/2026\/01\/formacio-claustre-DolorsAlmeda-gen26-5-768x1024.jpg\" alt=\"\" class=\"wp-image-8432\" srcset=\"https:\/\/agora.xtec.cat\/ceip-dolorsalmeda-cornella\/wp-content\/uploads\/usu30\/2026\/01\/formacio-claustre-DolorsAlmeda-gen26-5-768x1024.jpg 768w, https:\/\/agora.xtec.cat\/ceip-dolorsalmeda-cornella\/wp-content\/uploads\/usu30\/2026\/01\/formacio-claustre-DolorsAlmeda-gen26-5-225x300.jpg 225w, https:\/\/agora.xtec.cat\/ceip-dolorsalmeda-cornella\/wp-content\/uploads\/usu30\/2026\/01\/formacio-claustre-DolorsAlmeda-gen26-5.jpg 1080w\" sizes=\"auto, (max-width: 768px) 100vw, 768px\" \/><\/a><\/figure>\n\n\n\n<figure class=\"wp-block-image size-large\"><a href=\"https:\/\/agora.xtec.cat\/ceip-dolorsalmeda-cornella\/wp-content\/uploads\/usu30\/2026\/01\/formacio-claustre-DolorsAlmeda-gen26-6.jpg\"><img loading=\"lazy\" decoding=\"async\" width=\"768\" height=\"1024\" data-id=\"8433\" src=\"https:\/\/agora.xtec.cat\/ceip-dolorsalmeda-cornella\/wp-content\/uploads\/usu30\/2026\/01\/formacio-claustre-DolorsAlmeda-gen26-6-768x1024.jpg\" alt=\"\" class=\"wp-image-8433\" srcset=\"https:\/\/agora.xtec.cat\/ceip-dolorsalmeda-cornella\/wp-content\/uploads\/usu30\/2026\/01\/formacio-claustre-DolorsAlmeda-gen26-6-768x1024.jpg 768w, https:\/\/agora.xtec.cat\/ceip-dolorsalmeda-cornella\/wp-content\/uploads\/usu30\/2026\/01\/formacio-claustre-DolorsAlmeda-gen26-6-225x300.jpg 225w, https:\/\/agora.xtec.cat\/ceip-dolorsalmeda-cornella\/wp-content\/uploads\/usu30\/2026\/01\/formacio-claustre-DolorsAlmeda-gen26-6.jpg 1080w\" sizes=\"auto, (max-width: 768px) 100vw, 768px\" \/><\/a><\/figure>\n\n\n\n<figure class=\"wp-block-image size-large\"><a href=\"https:\/\/agora.xtec.cat\/ceip-dolorsalmeda-cornella\/wp-content\/uploads\/usu30\/2026\/01\/formacio-claustre-DolorsAlmeda-gen26-8.jpg\"><img loading=\"lazy\" decoding=\"async\" width=\"768\" height=\"1024\" data-id=\"8435\" src=\"https:\/\/agora.xtec.cat\/ceip-dolorsalmeda-cornella\/wp-content\/uploads\/usu30\/2026\/01\/formacio-claustre-DolorsAlmeda-gen26-8-768x1024.jpg\" alt=\"\" class=\"wp-image-8435\" srcset=\"https:\/\/agora.xtec.cat\/ceip-dolorsalmeda-cornella\/wp-content\/uploads\/usu30\/2026\/01\/formacio-claustre-DolorsAlmeda-gen26-8-768x1024.jpg 768w, https:\/\/agora.xtec.cat\/ceip-dolorsalmeda-cornella\/wp-content\/uploads\/usu30\/2026\/01\/formacio-claustre-DolorsAlmeda-gen26-8-225x300.jpg 225w, https:\/\/agora.xtec.cat\/ceip-dolorsalmeda-cornella\/wp-content\/uploads\/usu30\/2026\/01\/formacio-claustre-DolorsAlmeda-gen26-8.jpg 1080w\" sizes=\"auto, (max-width: 768px) 100vw, 768px\" \/><\/a><\/figure>\n\n\n\n<figure class=\"wp-block-image size-large\"><a href=\"https:\/\/agora.xtec.cat\/ceip-dolorsalmeda-cornella\/wp-content\/uploads\/usu30\/2026\/01\/formacio-claustre-DolorsAlmeda-gen26-9.jpg\"><img loading=\"lazy\" decoding=\"async\" width=\"768\" height=\"1024\" data-id=\"8436\" src=\"https:\/\/agora.xtec.cat\/ceip-dolorsalmeda-cornella\/wp-content\/uploads\/usu30\/2026\/01\/formacio-claustre-DolorsAlmeda-gen26-9-768x1024.jpg\" alt=\"\" class=\"wp-image-8436\" srcset=\"https:\/\/agora.xtec.cat\/ceip-dolorsalmeda-cornella\/wp-content\/uploads\/usu30\/2026\/01\/formacio-claustre-DolorsAlmeda-gen26-9-768x1024.jpg 768w, https:\/\/agora.xtec.cat\/ceip-dolorsalmeda-cornella\/wp-content\/uploads\/usu30\/2026\/01\/formacio-claustre-DolorsAlmeda-gen26-9-225x300.jpg 225w, https:\/\/agora.xtec.cat\/ceip-dolorsalmeda-cornella\/wp-content\/uploads\/usu30\/2026\/01\/formacio-claustre-DolorsAlmeda-gen26-9.jpg 1080w\" sizes=\"auto, (max-width: 768px) 100vw, 768px\" \/><\/a><\/figure>\n\n\n\n<figure class=\"wp-block-image size-large\"><a href=\"https:\/\/agora.xtec.cat\/ceip-dolorsalmeda-cornella\/wp-content\/uploads\/usu30\/2026\/01\/formacio-claustre-DolorsAlmeda-gen26-10.jpg\"><img loading=\"lazy\" decoding=\"async\" width=\"770\" height=\"1024\" data-id=\"8437\" src=\"https:\/\/agora.xtec.cat\/ceip-dolorsalmeda-cornella\/wp-content\/uploads\/usu30\/2026\/01\/formacio-claustre-DolorsAlmeda-gen26-10-770x1024.jpg\" alt=\"\" class=\"wp-image-8437\" srcset=\"https:\/\/agora.xtec.cat\/ceip-dolorsalmeda-cornella\/wp-content\/uploads\/usu30\/2026\/01\/formacio-claustre-DolorsAlmeda-gen26-10-770x1024.jpg 770w, https:\/\/agora.xtec.cat\/ceip-dolorsalmeda-cornella\/wp-content\/uploads\/usu30\/2026\/01\/formacio-claustre-DolorsAlmeda-gen26-10-225x300.jpg 225w, https:\/\/agora.xtec.cat\/ceip-dolorsalmeda-cornella\/wp-content\/uploads\/usu30\/2026\/01\/formacio-claustre-DolorsAlmeda-gen26-10-768x1022.jpg 768w, https:\/\/agora.xtec.cat\/ceip-dolorsalmeda-cornella\/wp-content\/uploads\/usu30\/2026\/01\/formacio-claustre-DolorsAlmeda-gen26-10.jpg 1080w\" sizes=\"auto, (max-width: 770px) 100vw, 770px\" \/><\/a><\/figure>\n\n\n\n<figure class=\"wp-block-image size-large\"><a href=\"https:\/\/agora.xtec.cat\/ceip-dolorsalmeda-cornella\/wp-content\/uploads\/usu30\/2026\/01\/formacio-claustre-DolorsAlmeda-gen26-11.jpg\"><img loading=\"lazy\" decoding=\"async\" width=\"768\" height=\"1024\" data-id=\"8438\" src=\"https:\/\/agora.xtec.cat\/ceip-dolorsalmeda-cornella\/wp-content\/uploads\/usu30\/2026\/01\/formacio-claustre-DolorsAlmeda-gen26-11-768x1024.jpg\" alt=\"\" class=\"wp-image-8438\" srcset=\"https:\/\/agora.xtec.cat\/ceip-dolorsalmeda-cornella\/wp-content\/uploads\/usu30\/2026\/01\/formacio-claustre-DolorsAlmeda-gen26-11-768x1024.jpg 768w, https:\/\/agora.xtec.cat\/ceip-dolorsalmeda-cornella\/wp-content\/uploads\/usu30\/2026\/01\/formacio-claustre-DolorsAlmeda-gen26-11-225x300.jpg 225w, https:\/\/agora.xtec.cat\/ceip-dolorsalmeda-cornella\/wp-content\/uploads\/usu30\/2026\/01\/formacio-claustre-DolorsAlmeda-gen26-11.jpg 1080w\" sizes=\"auto, (max-width: 768px) 100vw, 768px\" \/><\/a><\/figure>\n\n\n\n<figure class=\"wp-block-image size-large\"><a href=\"https:\/\/agora.xtec.cat\/ceip-dolorsalmeda-cornella\/wp-content\/uploads\/usu30\/2026\/01\/formacio-claustre-DolorsAlmeda-gen26-12.jpg\"><img loading=\"lazy\" decoding=\"async\" width=\"772\" height=\"1024\" data-id=\"8439\" src=\"https:\/\/agora.xtec.cat\/ceip-dolorsalmeda-cornella\/wp-content\/uploads\/usu30\/2026\/01\/formacio-claustre-DolorsAlmeda-gen26-12-772x1024.jpg\" alt=\"\" class=\"wp-image-8439\" srcset=\"https:\/\/agora.xtec.cat\/ceip-dolorsalmeda-cornella\/wp-content\/uploads\/usu30\/2026\/01\/formacio-claustre-DolorsAlmeda-gen26-12-772x1024.jpg 772w, https:\/\/agora.xtec.cat\/ceip-dolorsalmeda-cornella\/wp-content\/uploads\/usu30\/2026\/01\/formacio-claustre-DolorsAlmeda-gen26-12-226x300.jpg 226w, https:\/\/agora.xtec.cat\/ceip-dolorsalmeda-cornella\/wp-content\/uploads\/usu30\/2026\/01\/formacio-claustre-DolorsAlmeda-gen26-12-768x1019.jpg 768w, https:\/\/agora.xtec.cat\/ceip-dolorsalmeda-cornella\/wp-content\/uploads\/usu30\/2026\/01\/formacio-claustre-DolorsAlmeda-gen26-12.jpg 1080w\" sizes=\"auto, (max-width: 772px) 100vw, 772px\" \/><\/a><\/figure>\n\n\n\n<figure class=\"wp-block-image size-large\"><a href=\"https:\/\/agora.xtec.cat\/ceip-dolorsalmeda-cornella\/wp-content\/uploads\/usu30\/2026\/01\/formacio-claustre-DolorsAlmeda-gen26-13.jpg\"><img loading=\"lazy\" decoding=\"async\" width=\"768\" height=\"1024\" data-id=\"8440\" src=\"https:\/\/agora.xtec.cat\/ceip-dolorsalmeda-cornella\/wp-content\/uploads\/usu30\/2026\/01\/formacio-claustre-DolorsAlmeda-gen26-13-768x1024.jpg\" alt=\"\" class=\"wp-image-8440\" srcset=\"https:\/\/agora.xtec.cat\/ceip-dolorsalmeda-cornella\/wp-content\/uploads\/usu30\/2026\/01\/formacio-claustre-DolorsAlmeda-gen26-13-768x1024.jpg 768w, https:\/\/agora.xtec.cat\/ceip-dolorsalmeda-cornella\/wp-content\/uploads\/usu30\/2026\/01\/formacio-claustre-DolorsAlmeda-gen26-13-225x300.jpg 225w, https:\/\/agora.xtec.cat\/ceip-dolorsalmeda-cornella\/wp-content\/uploads\/usu30\/2026\/01\/formacio-claustre-DolorsAlmeda-gen26-13.jpg 1080w\" sizes=\"auto, (max-width: 768px) 100vw, 768px\" \/><\/a><\/figure>\n\n\n\n<figure class=\"wp-block-image size-large\"><a href=\"https:\/\/agora.xtec.cat\/ceip-dolorsalmeda-cornella\/wp-content\/uploads\/usu30\/2026\/01\/formacio-claustre-DolorsAlmeda-gen26-14.jpg\"><img loading=\"lazy\" decoding=\"async\" width=\"768\" height=\"1024\" data-id=\"8441\" src=\"https:\/\/agora.xtec.cat\/ceip-dolorsalmeda-cornella\/wp-content\/uploads\/usu30\/2026\/01\/formacio-claustre-DolorsAlmeda-gen26-14-768x1024.jpg\" alt=\"\" class=\"wp-image-8441\" srcset=\"https:\/\/agora.xtec.cat\/ceip-dolorsalmeda-cornella\/wp-content\/uploads\/usu30\/2026\/01\/formacio-claustre-DolorsAlmeda-gen26-14-768x1024.jpg 768w, https:\/\/agora.xtec.cat\/ceip-dolorsalmeda-cornella\/wp-content\/uploads\/usu30\/2026\/01\/formacio-claustre-DolorsAlmeda-gen26-14-225x300.jpg 225w, https:\/\/agora.xtec.cat\/ceip-dolorsalmeda-cornella\/wp-content\/uploads\/usu30\/2026\/01\/formacio-claustre-DolorsAlmeda-gen26-14.jpg 1080w\" sizes=\"auto, (max-width: 768px) 100vw, 768px\" \/><\/a><\/figure>\n\n\n\n<figure class=\"wp-block-image size-large\"><a href=\"https:\/\/agora.xtec.cat\/ceip-dolorsalmeda-cornella\/wp-content\/uploads\/usu30\/2026\/01\/formacio-claustre-DolorsAlmeda-gen26-15.jpg\"><img loading=\"lazy\" decoding=\"async\" width=\"768\" height=\"1024\" data-id=\"8442\" src=\"https:\/\/agora.xtec.cat\/ceip-dolorsalmeda-cornella\/wp-content\/uploads\/usu30\/2026\/01\/formacio-claustre-DolorsAlmeda-gen26-15-768x1024.jpg\" alt=\"\" class=\"wp-image-8442\" srcset=\"https:\/\/agora.xtec.cat\/ceip-dolorsalmeda-cornella\/wp-content\/uploads\/usu30\/2026\/01\/formacio-claustre-DolorsAlmeda-gen26-15-768x1024.jpg 768w, https:\/\/agora.xtec.cat\/ceip-dolorsalmeda-cornella\/wp-content\/uploads\/usu30\/2026\/01\/formacio-claustre-DolorsAlmeda-gen26-15-225x300.jpg 225w, https:\/\/agora.xtec.cat\/ceip-dolorsalmeda-cornella\/wp-content\/uploads\/usu30\/2026\/01\/formacio-claustre-DolorsAlmeda-gen26-15.jpg 1080w\" sizes=\"auto, (max-width: 768px) 100vw, 768px\" \/><\/a><\/figure>\n\n\n\n<figure class=\"wp-block-image size-large\"><a href=\"https:\/\/agora.xtec.cat\/ceip-dolorsalmeda-cornella\/wp-content\/uploads\/usu30\/2026\/01\/formacio-claustre-DolorsAlmeda-gen26-16.jpg\"><img loading=\"lazy\" decoding=\"async\" width=\"768\" height=\"1024\" data-id=\"8443\" src=\"https:\/\/agora.xtec.cat\/ceip-dolorsalmeda-cornella\/wp-content\/uploads\/usu30\/2026\/01\/formacio-claustre-DolorsAlmeda-gen26-16-768x1024.jpg\" alt=\"\" class=\"wp-image-8443\" srcset=\"https:\/\/agora.xtec.cat\/ceip-dolorsalmeda-cornella\/wp-content\/uploads\/usu30\/2026\/01\/formacio-claustre-DolorsAlmeda-gen26-16-768x1024.jpg 768w, https:\/\/agora.xtec.cat\/ceip-dolorsalmeda-cornella\/wp-content\/uploads\/usu30\/2026\/01\/formacio-claustre-DolorsAlmeda-gen26-16-225x300.jpg 225w, https:\/\/agora.xtec.cat\/ceip-dolorsalmeda-cornella\/wp-content\/uploads\/usu30\/2026\/01\/formacio-claustre-DolorsAlmeda-gen26-16.jpg 1080w\" sizes=\"auto, (max-width: 768px) 100vw, 768px\" \/><\/a><\/figure>\n\n\n\n<figure class=\"wp-block-image size-large\"><a href=\"https:\/\/agora.xtec.cat\/ceip-dolorsalmeda-cornella\/wp-content\/uploads\/usu30\/2026\/01\/formacio-claustre-DolorsAlmeda-gen26-1.jpg\"><img loading=\"lazy\" decoding=\"async\" width=\"768\" height=\"1024\" data-id=\"8447\" src=\"https:\/\/agora.xtec.cat\/ceip-dolorsalmeda-cornella\/wp-content\/uploads\/usu30\/2026\/01\/formacio-claustre-DolorsAlmeda-gen26-1-768x1024.jpg\" alt=\"\" class=\"wp-image-8447\" srcset=\"https:\/\/agora.xtec.cat\/ceip-dolorsalmeda-cornella\/wp-content\/uploads\/usu30\/2026\/01\/formacio-claustre-DolorsAlmeda-gen26-1-768x1024.jpg 768w, https:\/\/agora.xtec.cat\/ceip-dolorsalmeda-cornella\/wp-content\/uploads\/usu30\/2026\/01\/formacio-claustre-DolorsAlmeda-gen26-1-225x300.jpg 225w, https:\/\/agora.xtec.cat\/ceip-dolorsalmeda-cornella\/wp-content\/uploads\/usu30\/2026\/01\/formacio-claustre-DolorsAlmeda-gen26-1.jpg 1080w\" sizes=\"auto, (max-width: 768px) 100vw, 768px\" \/><\/a><\/figure>\n<\/figure>\n\n\n\n<p><\/p>\n\n\n\n<p><\/p>\n","protected":false},"excerpt":{"rendered":"<p>Aquest curs \u00e9s molt especial&#8230; S\u2019apropa el centenari de la mort d\u2019Antoni Gaud\u00ed i ens estem preparant per a una Setmana Cultural que ser\u00e0 inoblidable! Per anar un pas m\u00e9s enll\u00e0, l\u2019equip de mestres estem fent una formaci\u00f3 de la m\u00e0 del centre d\u2019arts pl\u00e0stiques&hellip;  <a href=\"https:\/\/agora.xtec.cat\/ceip-dolorsalmeda-cornella\/general\/formacio-artistica-de-claustre\/\" title=\"Read Formaci\u00f3 art\u00edstica de claustre\">Llegeix m\u00e9s\u00bb<\/a><\/p>\n","protected":false},"author":1,"featured_media":8434,"comment_status":"open","ping_status":"open","sticky":false,"template":"","format":"standard","meta":{"_bbp_topic_count":0,"_bbp_reply_count":0,"_bbp_total_topic_count":0,"_bbp_total_reply_count":0,"_bbp_voice_count":0,"_bbp_anonymous_reply_count":0,"_bbp_topic_count_hidden":0,"_bbp_reply_count_hidden":0,"_bbp_forum_subforum_count":0,"footnotes":""},"categories":[1,4],"tags":[128,447,446],"class_list":["post-8428","post","type-post","status-publish","format-standard","has-post-thumbnail","hentry","category-general","category-portada","tag-art","tag-claustre","tag-formacio"],"post_mailing_queue_ids":[],"_links":{"self":[{"href":"https:\/\/agora.xtec.cat\/ceip-dolorsalmeda-cornella\/wp-json\/wp\/v2\/posts\/8428","targetHints":{"allow":["GET"]}}],"collection":[{"href":"https:\/\/agora.xtec.cat\/ceip-dolorsalmeda-cornella\/wp-json\/wp\/v2\/posts"}],"about":[{"href":"https:\/\/agora.xtec.cat\/ceip-dolorsalmeda-cornella\/wp-json\/wp\/v2\/types\/post"}],"author":[{"embeddable":true,"href":"https:\/\/agora.xtec.cat\/ceip-dolorsalmeda-cornella\/wp-json\/wp\/v2\/users\/1"}],"replies":[{"embeddable":true,"href":"https:\/\/agora.xtec.cat\/ceip-dolorsalmeda-cornella\/wp-json\/wp\/v2\/comments?post=8428"}],"version-history":[{"count":1,"href":"https:\/\/agora.xtec.cat\/ceip-dolorsalmeda-cornella\/wp-json\/wp\/v2\/posts\/8428\/revisions"}],"predecessor-version":[{"id":8448,"href":"https:\/\/agora.xtec.cat\/ceip-dolorsalmeda-cornella\/wp-json\/wp\/v2\/posts\/8428\/revisions\/8448"}],"wp:featuredmedia":[{"embeddable":true,"href":"https:\/\/agora.xtec.cat\/ceip-dolorsalmeda-cornella\/wp-json\/wp\/v2\/media\/8434"}],"wp:attachment":[{"href":"https:\/\/agora.xtec.cat\/ceip-dolorsalmeda-cornella\/wp-json\/wp\/v2\/media?parent=8428"}],"wp:term":[{"taxonomy":"category","embeddable":true,"href":"https:\/\/agora.xtec.cat\/ceip-dolorsalmeda-cornella\/wp-json\/wp\/v2\/categories?post=8428"},{"taxonomy":"post_tag","embeddable":true,"href":"https:\/\/agora.xtec.cat\/ceip-dolorsalmeda-cornella\/wp-json\/wp\/v2\/tags?post=8428"}],"curies":[{"name":"wp","href":"https:\/\/api.w.org\/{rel}","templated":true}]}}