{"id":8389,"date":"2026-01-14T11:33:26","date_gmt":"2026-01-14T10:33:26","guid":{"rendered":"https:\/\/agora.xtec.cat\/ceip-dolorsalmeda-cornella\/?p=8389"},"modified":"2026-01-28T11:36:26","modified_gmt":"2026-01-28T10:36:26","slug":"joan-turu","status":"publish","type":"post","link":"https:\/\/agora.xtec.cat\/ceip-dolorsalmeda-cornella\/general\/joan-turu\/","title":{"rendered":"JOAN TURU"},"content":{"rendered":"\n<p>Avui un gran il\u00b7lustrador ha vingut a l\u2019escola! En Turu!! L\u2019il.lustrador de llibres com \u201cTinc un volc\u00e0 a dins\u201d, \u201cJo primer!\u201d O \u201cEtiquetes\u201d entre d\u2019altres ha explicat als infants de 4t com \u00e9s la vida d\u2019un il.lustrador. Tamb\u00e9 els hi ha ensenyat t\u00e8cniques de dibuix que m\u00e9s tard han pogut posar en pr\u00e0ctica per tal de fer l\u2019esb\u00f3s pel mural que es pintar\u00e0 en el vest\u00edbul de l\u2019escola.<\/p>\n\n\n\n<figure class=\"wp-block-gallery has-nested-images columns-default is-cropped wp-block-gallery-1 is-layout-flex wp-block-gallery-is-layout-flex\">\n<figure class=\"wp-block-image\"><img loading=\"lazy\" decoding=\"async\" width=\"1080\" height=\"1440\" data-id=\"8394\" src=\"https:\/\/agora.xtec.cat\/ceip-dolorsalmeda-cornella\/wp-content\/uploads\/usu30\/2026\/01\/JoanTuru-DolorsAlmeda-gen26-1.jpg\" alt=\"\" class=\"wp-image-8394\" srcset=\"https:\/\/agora.xtec.cat\/ceip-dolorsalmeda-cornella\/wp-content\/uploads\/usu30\/2026\/01\/JoanTuru-DolorsAlmeda-gen26-1.jpg 1080w, https:\/\/agora.xtec.cat\/ceip-dolorsalmeda-cornella\/wp-content\/uploads\/usu30\/2026\/01\/JoanTuru-DolorsAlmeda-gen26-1-225x300.jpg 225w, https:\/\/agora.xtec.cat\/ceip-dolorsalmeda-cornella\/wp-content\/uploads\/usu30\/2026\/01\/JoanTuru-DolorsAlmeda-gen26-1-768x1024.jpg 768w\" sizes=\"auto, (max-width: 1080px) 100vw, 1080px\" \/><\/figure>\n\n\n\n<figure class=\"wp-block-image size-large\"><img loading=\"lazy\" decoding=\"async\" width=\"772\" height=\"1024\" data-id=\"8393\" src=\"https:\/\/agora.xtec.cat\/ceip-dolorsalmeda-cornella\/wp-content\/uploads\/usu30\/2026\/01\/JoanTuru-DolorsAlmeda-gen26-5-772x1024.jpg\" alt=\"\" class=\"wp-image-8393\" srcset=\"https:\/\/agora.xtec.cat\/ceip-dolorsalmeda-cornella\/wp-content\/uploads\/usu30\/2026\/01\/JoanTuru-DolorsAlmeda-gen26-5-772x1024.jpg 772w, https:\/\/agora.xtec.cat\/ceip-dolorsalmeda-cornella\/wp-content\/uploads\/usu30\/2026\/01\/JoanTuru-DolorsAlmeda-gen26-5-226x300.jpg 226w, https:\/\/agora.xtec.cat\/ceip-dolorsalmeda-cornella\/wp-content\/uploads\/usu30\/2026\/01\/JoanTuru-DolorsAlmeda-gen26-5-768x1019.jpg 768w, https:\/\/agora.xtec.cat\/ceip-dolorsalmeda-cornella\/wp-content\/uploads\/usu30\/2026\/01\/JoanTuru-DolorsAlmeda-gen26-5.jpg 1080w\" sizes=\"auto, (max-width: 772px) 100vw, 772px\" \/><\/figure>\n\n\n\n<figure class=\"wp-block-image\"><img loading=\"lazy\" decoding=\"async\" width=\"1170\" height=\"1560\" data-id=\"8392\" src=\"https:\/\/agora.xtec.cat\/ceip-dolorsalmeda-cornella\/wp-content\/uploads\/usu30\/2026\/01\/JoanTuru-DolorsAlmeda-gen26-4.jpg\" alt=\"\" class=\"wp-image-8392\" srcset=\"https:\/\/agora.xtec.cat\/ceip-dolorsalmeda-cornella\/wp-content\/uploads\/usu30\/2026\/01\/JoanTuru-DolorsAlmeda-gen26-4.jpg 1170w, https:\/\/agora.xtec.cat\/ceip-dolorsalmeda-cornella\/wp-content\/uploads\/usu30\/2026\/01\/JoanTuru-DolorsAlmeda-gen26-4-225x300.jpg 225w, https:\/\/agora.xtec.cat\/ceip-dolorsalmeda-cornella\/wp-content\/uploads\/usu30\/2026\/01\/JoanTuru-DolorsAlmeda-gen26-4-768x1024.jpg 768w, https:\/\/agora.xtec.cat\/ceip-dolorsalmeda-cornella\/wp-content\/uploads\/usu30\/2026\/01\/JoanTuru-DolorsAlmeda-gen26-4-1152x1536.jpg 1152w\" sizes=\"auto, (max-width: 1170px) 100vw, 1170px\" \/><\/figure>\n\n\n\n<figure class=\"wp-block-image\"><img loading=\"lazy\" decoding=\"async\" width=\"1080\" height=\"1440\" data-id=\"8390\" src=\"https:\/\/agora.xtec.cat\/ceip-dolorsalmeda-cornella\/wp-content\/uploads\/usu30\/2026\/01\/JoanTuru-DolorsAlmeda-gen26-2.jpg\" alt=\"\" class=\"wp-image-8390\" srcset=\"https:\/\/agora.xtec.cat\/ceip-dolorsalmeda-cornella\/wp-content\/uploads\/usu30\/2026\/01\/JoanTuru-DolorsAlmeda-gen26-2.jpg 1080w, https:\/\/agora.xtec.cat\/ceip-dolorsalmeda-cornella\/wp-content\/uploads\/usu30\/2026\/01\/JoanTuru-DolorsAlmeda-gen26-2-225x300.jpg 225w, https:\/\/agora.xtec.cat\/ceip-dolorsalmeda-cornella\/wp-content\/uploads\/usu30\/2026\/01\/JoanTuru-DolorsAlmeda-gen26-2-768x1024.jpg 768w\" sizes=\"auto, (max-width: 1080px) 100vw, 1080px\" \/><\/figure>\n\n\n\n<figure class=\"wp-block-image\"><img loading=\"lazy\" decoding=\"async\" width=\"1080\" height=\"1440\" data-id=\"8391\" src=\"https:\/\/agora.xtec.cat\/ceip-dolorsalmeda-cornella\/wp-content\/uploads\/usu30\/2026\/01\/JoanTuru-DolorsAlmeda-gen26-3.jpg\" alt=\"\" class=\"wp-image-8391\" srcset=\"https:\/\/agora.xtec.cat\/ceip-dolorsalmeda-cornella\/wp-content\/uploads\/usu30\/2026\/01\/JoanTuru-DolorsAlmeda-gen26-3.jpg 1080w, https:\/\/agora.xtec.cat\/ceip-dolorsalmeda-cornella\/wp-content\/uploads\/usu30\/2026\/01\/JoanTuru-DolorsAlmeda-gen26-3-225x300.jpg 225w, https:\/\/agora.xtec.cat\/ceip-dolorsalmeda-cornella\/wp-content\/uploads\/usu30\/2026\/01\/JoanTuru-DolorsAlmeda-gen26-3-768x1024.jpg 768w\" sizes=\"auto, (max-width: 1080px) 100vw, 1080px\" \/><\/figure>\n<\/figure>\n","protected":false},"excerpt":{"rendered":"<p>Avui un gran il\u00b7lustrador ha vingut a l\u2019escola! En Turu!! L\u2019il.lustrador de llibres com \u201cTinc un volc\u00e0 a dins\u201d, \u201cJo primer!\u201d O \u201cEtiquetes\u201d entre d\u2019altres ha explicat als infants de 4t com \u00e9s la vida d\u2019un il.lustrador. Tamb\u00e9 els hi ha ensenyat t\u00e8cniques de dibuix&hellip;  <a href=\"https:\/\/agora.xtec.cat\/ceip-dolorsalmeda-cornella\/general\/joan-turu\/\" title=\"Read JOAN TURU\">Llegeix m\u00e9s\u00bb<\/a><\/p>\n","protected":false},"author":1,"featured_media":8394,"comment_status":"open","ping_status":"open","sticky":false,"template":"","format":"standard","meta":{"_bbp_topic_count":0,"_bbp_reply_count":0,"_bbp_total_topic_count":0,"_bbp_total_reply_count":0,"_bbp_voice_count":0,"_bbp_anonymous_reply_count":0,"_bbp_topic_count_hidden":0,"_bbp_reply_count_hidden":0,"_bbp_forum_subforum_count":0,"footnotes":""},"categories":[13,1,4,5],"tags":[443,444],"class_list":["post-8389","post","type-post","status-publish","format-standard","has-post-thumbnail","hentry","category-4t","category-general","category-portada","category-primaria","tag-joan-turu","tag-mural"],"post_mailing_queue_ids":[],"_links":{"self":[{"href":"https:\/\/agora.xtec.cat\/ceip-dolorsalmeda-cornella\/wp-json\/wp\/v2\/posts\/8389","targetHints":{"allow":["GET"]}}],"collection":[{"href":"https:\/\/agora.xtec.cat\/ceip-dolorsalmeda-cornella\/wp-json\/wp\/v2\/posts"}],"about":[{"href":"https:\/\/agora.xtec.cat\/ceip-dolorsalmeda-cornella\/wp-json\/wp\/v2\/types\/post"}],"author":[{"embeddable":true,"href":"https:\/\/agora.xtec.cat\/ceip-dolorsalmeda-cornella\/wp-json\/wp\/v2\/users\/1"}],"replies":[{"embeddable":true,"href":"https:\/\/agora.xtec.cat\/ceip-dolorsalmeda-cornella\/wp-json\/wp\/v2\/comments?post=8389"}],"version-history":[{"count":1,"href":"https:\/\/agora.xtec.cat\/ceip-dolorsalmeda-cornella\/wp-json\/wp\/v2\/posts\/8389\/revisions"}],"predecessor-version":[{"id":8395,"href":"https:\/\/agora.xtec.cat\/ceip-dolorsalmeda-cornella\/wp-json\/wp\/v2\/posts\/8389\/revisions\/8395"}],"wp:featuredmedia":[{"embeddable":true,"href":"https:\/\/agora.xtec.cat\/ceip-dolorsalmeda-cornella\/wp-json\/wp\/v2\/media\/8394"}],"wp:attachment":[{"href":"https:\/\/agora.xtec.cat\/ceip-dolorsalmeda-cornella\/wp-json\/wp\/v2\/media?parent=8389"}],"wp:term":[{"taxonomy":"category","embeddable":true,"href":"https:\/\/agora.xtec.cat\/ceip-dolorsalmeda-cornella\/wp-json\/wp\/v2\/categories?post=8389"},{"taxonomy":"post_tag","embeddable":true,"href":"https:\/\/agora.xtec.cat\/ceip-dolorsalmeda-cornella\/wp-json\/wp\/v2\/tags?post=8389"}],"curies":[{"name":"wp","href":"https:\/\/api.w.org\/{rel}","templated":true}]}}