{"id":8311,"date":"2025-12-12T12:54:04","date_gmt":"2025-12-12T11:54:04","guid":{"rendered":"https:\/\/agora.xtec.cat\/ceip-dolorsalmeda-cornella\/?p=8311"},"modified":"2025-12-12T12:57:46","modified_gmt":"2025-12-12T11:57:46","slug":"carta-als-reis","status":"publish","type":"post","link":"https:\/\/agora.xtec.cat\/ceip-dolorsalmeda-cornella\/general\/carta-als-reis\/","title":{"rendered":"Carta als Reis"},"content":{"rendered":"<div dir=\"auto\">La m\u00e0gia de Nadal ha arribat a les aules de Cicle Inicial!<\/div>\n<div dir=\"auto\"><\/div>\n<div dir=\"auto\">Els infants han redactat la seva carta als Reis d\u2019Orient treballant l\u2019expressi\u00f3 escrita d\u2019una manera significativa, motivadora i plena d\u2019il\u00b7lusi\u00f3.<\/div>\n<div dir=\"auto\"><\/div>\n<div dir=\"auto\"><\/div>\n<div dir=\"auto\">Han pensat qu\u00e8 volen demanar, qu\u00e8 necessiten i tamb\u00e9 qu\u00e8 poden desitjar per als altres. Hem parlat de valors, de bons prop\u00f2sits i d\u2019agra\u00efments, i han posat en paraules tot all\u00f2 que senten i imaginen.<\/div>\n<div dir=\"auto\"><\/div>\n<div dir=\"auto\">Amb molt d\u2019esfor\u00e7 i creativitat, han organitzat les seves idees, han escrit la carta i l\u2019han decorat amb tota la cura del m\u00f3n.<\/div>\n<div dir=\"auto\"><\/div>\n<div dir=\"auto\">La m\u00e0gia tamb\u00e9 s\u2019escriu\u2026 i avui ho hem tornat a comprovar!<\/div>\n<div dir=\"auto\"><\/div>\n<div dir=\"auto\"><\/div>\n<div dir=\"auto\"><\/div>\n<div dir=\"auto\"><a href=\"https:\/\/agora.xtec.cat\/ceip-dolorsalmeda-cornella\/wp-content\/uploads\/usu30\/2025\/12\/IMG-20251212-WA0015-scaled-e1765540321117.jpg\"><img loading=\"lazy\" decoding=\"async\" class=\"alignnone size-medium wp-image-8313\" src=\"https:\/\/agora.xtec.cat\/ceip-dolorsalmeda-cornella\/wp-content\/uploads\/usu30\/2025\/12\/IMG-20251212-WA0015-scaled-e1765540321117-211x300.jpg\" alt=\"\" width=\"211\" height=\"300\" srcset=\"https:\/\/agora.xtec.cat\/ceip-dolorsalmeda-cornella\/wp-content\/uploads\/usu30\/2025\/12\/IMG-20251212-WA0015-scaled-e1765540321117-211x300.jpg 211w, https:\/\/agora.xtec.cat\/ceip-dolorsalmeda-cornella\/wp-content\/uploads\/usu30\/2025\/12\/IMG-20251212-WA0015-scaled-e1765540321117-720x1024.jpg 720w, https:\/\/agora.xtec.cat\/ceip-dolorsalmeda-cornella\/wp-content\/uploads\/usu30\/2025\/12\/IMG-20251212-WA0015-scaled-e1765540321117-768x1093.jpg 768w, https:\/\/agora.xtec.cat\/ceip-dolorsalmeda-cornella\/wp-content\/uploads\/usu30\/2025\/12\/IMG-20251212-WA0015-scaled-e1765540321117-1079x1536.jpg 1079w, https:\/\/agora.xtec.cat\/ceip-dolorsalmeda-cornella\/wp-content\/uploads\/usu30\/2025\/12\/IMG-20251212-WA0015-scaled-e1765540321117.jpg 1340w\" sizes=\"auto, (max-width: 211px) 100vw, 211px\" \/>\u00a0<\/a> <a href=\"https:\/\/agora.xtec.cat\/ceip-dolorsalmeda-cornella\/wp-content\/uploads\/usu30\/2025\/12\/IMG-20251212-WA0020-scaled-e1765540366939.jpg\"><img loading=\"lazy\" decoding=\"async\" class=\"alignnone size-medium wp-image-8316\" src=\"https:\/\/agora.xtec.cat\/ceip-dolorsalmeda-cornella\/wp-content\/uploads\/usu30\/2025\/12\/IMG-20251212-WA0020-scaled-e1765540366939-281x300.jpg\" alt=\"\" width=\"281\" height=\"300\" srcset=\"https:\/\/agora.xtec.cat\/ceip-dolorsalmeda-cornella\/wp-content\/uploads\/usu30\/2025\/12\/IMG-20251212-WA0020-scaled-e1765540366939-281x300.jpg 281w, https:\/\/agora.xtec.cat\/ceip-dolorsalmeda-cornella\/wp-content\/uploads\/usu30\/2025\/12\/IMG-20251212-WA0020-scaled-e1765540366939-958x1024.jpg 958w, https:\/\/agora.xtec.cat\/ceip-dolorsalmeda-cornella\/wp-content\/uploads\/usu30\/2025\/12\/IMG-20251212-WA0020-scaled-e1765540366939-768x821.jpg 768w, https:\/\/agora.xtec.cat\/ceip-dolorsalmeda-cornella\/wp-content\/uploads\/usu30\/2025\/12\/IMG-20251212-WA0020-scaled-e1765540366939-1436x1536.jpg 1436w, https:\/\/agora.xtec.cat\/ceip-dolorsalmeda-cornella\/wp-content\/uploads\/usu30\/2025\/12\/IMG-20251212-WA0020-scaled-e1765540366939.jpg 1903w\" sizes=\"auto, (max-width: 281px) 100vw, 281px\" \/>\u00a0<\/a><\/div>\n<div dir=\"auto\"><a href=\"https:\/\/agora.xtec.cat\/ceip-dolorsalmeda-cornella\/wp-content\/uploads\/usu30\/2025\/12\/IMG-20251212-WA0012-scaled-e1765540339841.jpg\"><img loading=\"lazy\" decoding=\"async\" class=\"alignnone size-medium wp-image-8312\" src=\"https:\/\/agora.xtec.cat\/ceip-dolorsalmeda-cornella\/wp-content\/uploads\/usu30\/2025\/12\/IMG-20251212-WA0012-scaled-e1765540339841-217x300.jpg\" alt=\"\" width=\"217\" height=\"300\" srcset=\"https:\/\/agora.xtec.cat\/ceip-dolorsalmeda-cornella\/wp-content\/uploads\/usu30\/2025\/12\/IMG-20251212-WA0012-scaled-e1765540339841-217x300.jpg 217w, https:\/\/agora.xtec.cat\/ceip-dolorsalmeda-cornella\/wp-content\/uploads\/usu30\/2025\/12\/IMG-20251212-WA0012-scaled-e1765540339841-742x1024.jpg 742w, https:\/\/agora.xtec.cat\/ceip-dolorsalmeda-cornella\/wp-content\/uploads\/usu30\/2025\/12\/IMG-20251212-WA0012-scaled-e1765540339841-768x1060.jpg 768w, https:\/\/agora.xtec.cat\/ceip-dolorsalmeda-cornella\/wp-content\/uploads\/usu30\/2025\/12\/IMG-20251212-WA0012-scaled-e1765540339841-1113x1536.jpg 1113w, https:\/\/agora.xtec.cat\/ceip-dolorsalmeda-cornella\/wp-content\/uploads\/usu30\/2025\/12\/IMG-20251212-WA0012-scaled-e1765540339841-1484x2048.jpg 1484w, https:\/\/agora.xtec.cat\/ceip-dolorsalmeda-cornella\/wp-content\/uploads\/usu30\/2025\/12\/IMG-20251212-WA0012-scaled-e1765540339841.jpg 1750w\" sizes=\"auto, (max-width: 217px) 100vw, 217px\" \/>\u00a0<\/a> <a href=\"https:\/\/agora.xtec.cat\/ceip-dolorsalmeda-cornella\/wp-content\/uploads\/usu30\/2025\/12\/IMG-20251212-WA0018-scaled-e1765540383702.jpg\"><img loading=\"lazy\" decoding=\"async\" class=\"alignnone size-medium wp-image-8314\" src=\"https:\/\/agora.xtec.cat\/ceip-dolorsalmeda-cornella\/wp-content\/uploads\/usu30\/2025\/12\/IMG-20251212-WA0018-scaled-e1765540383702-253x300.jpg\" alt=\"\" width=\"253\" height=\"300\" srcset=\"https:\/\/agora.xtec.cat\/ceip-dolorsalmeda-cornella\/wp-content\/uploads\/usu30\/2025\/12\/IMG-20251212-WA0018-scaled-e1765540383702-253x300.jpg 253w, https:\/\/agora.xtec.cat\/ceip-dolorsalmeda-cornella\/wp-content\/uploads\/usu30\/2025\/12\/IMG-20251212-WA0018-scaled-e1765540383702-865x1024.jpg 865w, https:\/\/agora.xtec.cat\/ceip-dolorsalmeda-cornella\/wp-content\/uploads\/usu30\/2025\/12\/IMG-20251212-WA0018-scaled-e1765540383702-768x910.jpg 768w, https:\/\/agora.xtec.cat\/ceip-dolorsalmeda-cornella\/wp-content\/uploads\/usu30\/2025\/12\/IMG-20251212-WA0018-scaled-e1765540383702-1297x1536.jpg 1297w, https:\/\/agora.xtec.cat\/ceip-dolorsalmeda-cornella\/wp-content\/uploads\/usu30\/2025\/12\/IMG-20251212-WA0018-scaled-e1765540383702-1729x2048.jpg 1729w, https:\/\/agora.xtec.cat\/ceip-dolorsalmeda-cornella\/wp-content\/uploads\/usu30\/2025\/12\/IMG-20251212-WA0018-scaled-e1765540383702.jpg 1920w\" sizes=\"auto, (max-width: 253px) 100vw, 253px\" \/><\/a><\/div>\n<div dir=\"auto\"><\/div>\n","protected":false},"excerpt":{"rendered":"<p>La m\u00e0gia de Nadal ha arribat a les aules de Cicle Inicial!<\/p>\n<p>Els infants han redactat la seva carta als Reis d\u2019Orient treballant l\u2019expressi\u00f3 escrita d\u2019una manera significativa, motivadora i plena d\u2019il\u00b7lusi\u00f3.<\/p>\n<p>Han pensat qu\u00e8 volen demanar, qu\u00e8 necessiten i tamb\u00e9 qu\u00e8 poden desitjar per als altres.&hellip;  <a href=\"https:\/\/agora.xtec.cat\/ceip-dolorsalmeda-cornella\/general\/carta-als-reis\/\" title=\"Read Carta als Reis\">Llegeix m\u00e9s\u00bb<\/a><\/p>\n","protected":false},"author":18,"featured_media":8315,"comment_status":"closed","ping_status":"closed","sticky":false,"template":"","format":"standard","meta":{"_bbp_topic_count":0,"_bbp_reply_count":0,"_bbp_total_topic_count":0,"_bbp_total_reply_count":0,"_bbp_voice_count":0,"_bbp_anonymous_reply_count":0,"_bbp_topic_count_hidden":0,"_bbp_reply_count_hidden":0,"_bbp_forum_subforum_count":0,"footnotes":""},"categories":[10,1,4,5],"tags":[],"class_list":["post-8311","post","type-post","status-publish","format-standard","has-post-thumbnail","hentry","category-1r","category-general","category-portada","category-primaria"],"post_mailing_queue_ids":[],"_links":{"self":[{"href":"https:\/\/agora.xtec.cat\/ceip-dolorsalmeda-cornella\/wp-json\/wp\/v2\/posts\/8311","targetHints":{"allow":["GET"]}}],"collection":[{"href":"https:\/\/agora.xtec.cat\/ceip-dolorsalmeda-cornella\/wp-json\/wp\/v2\/posts"}],"about":[{"href":"https:\/\/agora.xtec.cat\/ceip-dolorsalmeda-cornella\/wp-json\/wp\/v2\/types\/post"}],"author":[{"embeddable":true,"href":"https:\/\/agora.xtec.cat\/ceip-dolorsalmeda-cornella\/wp-json\/wp\/v2\/users\/18"}],"replies":[{"embeddable":true,"href":"https:\/\/agora.xtec.cat\/ceip-dolorsalmeda-cornella\/wp-json\/wp\/v2\/comments?post=8311"}],"version-history":[{"count":6,"href":"https:\/\/agora.xtec.cat\/ceip-dolorsalmeda-cornella\/wp-json\/wp\/v2\/posts\/8311\/revisions"}],"predecessor-version":[{"id":8323,"href":"https:\/\/agora.xtec.cat\/ceip-dolorsalmeda-cornella\/wp-json\/wp\/v2\/posts\/8311\/revisions\/8323"}],"wp:featuredmedia":[{"embeddable":true,"href":"https:\/\/agora.xtec.cat\/ceip-dolorsalmeda-cornella\/wp-json\/wp\/v2\/media\/8315"}],"wp:attachment":[{"href":"https:\/\/agora.xtec.cat\/ceip-dolorsalmeda-cornella\/wp-json\/wp\/v2\/media?parent=8311"}],"wp:term":[{"taxonomy":"category","embeddable":true,"href":"https:\/\/agora.xtec.cat\/ceip-dolorsalmeda-cornella\/wp-json\/wp\/v2\/categories?post=8311"},{"taxonomy":"post_tag","embeddable":true,"href":"https:\/\/agora.xtec.cat\/ceip-dolorsalmeda-cornella\/wp-json\/wp\/v2\/tags?post=8311"}],"curies":[{"name":"wp","href":"https:\/\/api.w.org\/{rel}","templated":true}]}}