{"id":8292,"date":"2025-11-21T13:53:05","date_gmt":"2025-11-21T12:53:05","guid":{"rendered":"https:\/\/agora.xtec.cat\/ceip-dolorsalmeda-cornella\/?p=8292"},"modified":"2025-12-09T14:02:10","modified_gmt":"2025-12-09T13:02:10","slug":"santa-cecilia-3","status":"publish","type":"post","link":"https:\/\/agora.xtec.cat\/ceip-dolorsalmeda-cornella\/general\/santa-cecilia-3\/","title":{"rendered":"SANTA CEC\u00cdLIA 2025"},"content":{"rendered":"<p>Avui hem gaudit tota l&#8217;escola, dins del nostre gimn\u00e0s ambientat per l&#8217;ocasi\u00f3 del dia de la patrona de la m\u00fasica, Sant Cec\u00edlia.<\/p>\n<p>Hem passat la tarda escoltant les i els m\u00fasics dels cursos superiors de la nostra escola que saben tocar un instrument i han estat assajant aquestes \u00faltimes setmanes sota la supervisi\u00f3 de les mestres de m\u00fasica.<\/p>\n<p>Quin gran concert!!<\/p>\n\n\t\t<style type=\"text\/css\">\n\t\t\t#gallery-1 {\n\t\t\t\tmargin: auto;\n\t\t\t}\n\t\t\t#gallery-1 .gallery-item {\n\t\t\t\tfloat: left;\n\t\t\t\tmargin-top: 10px;\n\t\t\t\ttext-align: center;\n\t\t\t\twidth: 25%;\n\t\t\t}\n\t\t\t#gallery-1 img {\n\t\t\t\tborder: 2px solid #cfcfcf;\n\t\t\t}\n\t\t\t#gallery-1 .gallery-caption {\n\t\t\t\tmargin-left: 0;\n\t\t\t}\n\t\t\t\/* see gallery_shortcode() in wp-includes\/media.php *\/\n\t\t<\/style>\n\t\t<div id='gallery-1' class='gallery galleryid-8292 gallery-columns-4 gallery-size-medium'><dl class='gallery-item'>\n\t\t\t<dt class='gallery-icon portrait'>\n\t\t\t\t<a href='https:\/\/agora.xtec.cat\/ceip-dolorsalmeda-cornella\/general\/santa-cecilia-3\/attachment\/escoladolorsalmeda_1763739009_3770838572841327358_57761616115\/'><img loading=\"lazy\" decoding=\"async\" width=\"225\" height=\"300\" src=\"https:\/\/agora.xtec.cat\/ceip-dolorsalmeda-cornella\/wp-content\/uploads\/usu30\/2025\/12\/escoladolorsalmeda_1763739009_3770838572841327358_57761616115-225x300.jpg\" class=\"attachment-medium size-medium\" alt=\"\" srcset=\"https:\/\/agora.xtec.cat\/ceip-dolorsalmeda-cornella\/wp-content\/uploads\/usu30\/2025\/12\/escoladolorsalmeda_1763739009_3770838572841327358_57761616115-225x300.jpg 225w, https:\/\/agora.xtec.cat\/ceip-dolorsalmeda-cornella\/wp-content\/uploads\/usu30\/2025\/12\/escoladolorsalmeda_1763739009_3770838572841327358_57761616115-768x1024.jpg 768w, https:\/\/agora.xtec.cat\/ceip-dolorsalmeda-cornella\/wp-content\/uploads\/usu30\/2025\/12\/escoladolorsalmeda_1763739009_3770838572841327358_57761616115-1152x1536.jpg 1152w, https:\/\/agora.xtec.cat\/ceip-dolorsalmeda-cornella\/wp-content\/uploads\/usu30\/2025\/12\/escoladolorsalmeda_1763739009_3770838572841327358_57761616115.jpg 1169w\" sizes=\"auto, (max-width: 225px) 100vw, 225px\" \/><\/a>\n\t\t\t<\/dt><\/dl><dl class='gallery-item'>\n\t\t\t<dt class='gallery-icon portrait'>\n\t\t\t\t<a href='https:\/\/agora.xtec.cat\/ceip-dolorsalmeda-cornella\/general\/santa-cecilia-3\/attachment\/escoladolorsalmeda_1763739009_3770838572841316388_57761616115\/'><img loading=\"lazy\" decoding=\"async\" width=\"225\" height=\"300\" src=\"https:\/\/agora.xtec.cat\/ceip-dolorsalmeda-cornella\/wp-content\/uploads\/usu30\/2025\/12\/escoladolorsalmeda_1763739009_3770838572841316388_57761616115-225x300.jpg\" class=\"attachment-medium size-medium\" alt=\"\" srcset=\"https:\/\/agora.xtec.cat\/ceip-dolorsalmeda-cornella\/wp-content\/uploads\/usu30\/2025\/12\/escoladolorsalmeda_1763739009_3770838572841316388_57761616115-225x300.jpg 225w, https:\/\/agora.xtec.cat\/ceip-dolorsalmeda-cornella\/wp-content\/uploads\/usu30\/2025\/12\/escoladolorsalmeda_1763739009_3770838572841316388_57761616115-768x1024.jpg 768w, https:\/\/agora.xtec.cat\/ceip-dolorsalmeda-cornella\/wp-content\/uploads\/usu30\/2025\/12\/escoladolorsalmeda_1763739009_3770838572841316388_57761616115.jpg 1122w\" sizes=\"auto, (max-width: 225px) 100vw, 225px\" \/><\/a>\n\t\t\t<\/dt><\/dl><dl class='gallery-item'>\n\t\t\t<dt class='gallery-icon portrait'>\n\t\t\t\t<a href='https:\/\/agora.xtec.cat\/ceip-dolorsalmeda-cornella\/general\/santa-cecilia-3\/attachment\/escoladolorsalmeda_1763739009_3770838572858101014_57761616115\/'><img loading=\"lazy\" decoding=\"async\" width=\"225\" height=\"300\" src=\"https:\/\/agora.xtec.cat\/ceip-dolorsalmeda-cornella\/wp-content\/uploads\/usu30\/2025\/12\/escoladolorsalmeda_1763739009_3770838572858101014_57761616115-225x300.jpg\" class=\"attachment-medium size-medium\" alt=\"\" srcset=\"https:\/\/agora.xtec.cat\/ceip-dolorsalmeda-cornella\/wp-content\/uploads\/usu30\/2025\/12\/escoladolorsalmeda_1763739009_3770838572858101014_57761616115-225x300.jpg 225w, https:\/\/agora.xtec.cat\/ceip-dolorsalmeda-cornella\/wp-content\/uploads\/usu30\/2025\/12\/escoladolorsalmeda_1763739009_3770838572858101014_57761616115-768x1024.jpg 768w, https:\/\/agora.xtec.cat\/ceip-dolorsalmeda-cornella\/wp-content\/uploads\/usu30\/2025\/12\/escoladolorsalmeda_1763739009_3770838572858101014_57761616115-1152x1536.jpg 1152w, https:\/\/agora.xtec.cat\/ceip-dolorsalmeda-cornella\/wp-content\/uploads\/usu30\/2025\/12\/escoladolorsalmeda_1763739009_3770838572858101014_57761616115.jpg 1170w\" sizes=\"auto, (max-width: 225px) 100vw, 225px\" \/><\/a>\n\t\t\t<\/dt><\/dl><dl class='gallery-item'>\n\t\t\t<dt class='gallery-icon portrait'>\n\t\t\t\t<a href='https:\/\/agora.xtec.cat\/ceip-dolorsalmeda-cornella\/general\/santa-cecilia-3\/attachment\/escoladolorsalmeda_1763739009_3770838572849734112_57761616115\/'><img loading=\"lazy\" decoding=\"async\" width=\"225\" height=\"300\" src=\"https:\/\/agora.xtec.cat\/ceip-dolorsalmeda-cornella\/wp-content\/uploads\/usu30\/2025\/12\/escoladolorsalmeda_1763739009_3770838572849734112_57761616115-225x300.jpg\" class=\"attachment-medium size-medium\" alt=\"\" srcset=\"https:\/\/agora.xtec.cat\/ceip-dolorsalmeda-cornella\/wp-content\/uploads\/usu30\/2025\/12\/escoladolorsalmeda_1763739009_3770838572849734112_57761616115-225x300.jpg 225w, https:\/\/agora.xtec.cat\/ceip-dolorsalmeda-cornella\/wp-content\/uploads\/usu30\/2025\/12\/escoladolorsalmeda_1763739009_3770838572849734112_57761616115-768x1024.jpg 768w, https:\/\/agora.xtec.cat\/ceip-dolorsalmeda-cornella\/wp-content\/uploads\/usu30\/2025\/12\/escoladolorsalmeda_1763739009_3770838572849734112_57761616115.jpg 1090w\" sizes=\"auto, (max-width: 225px) 100vw, 225px\" \/><\/a>\n\t\t\t<\/dt><\/dl><br style=\"clear: both\" \/><dl class='gallery-item'>\n\t\t\t<dt class='gallery-icon portrait'>\n\t\t\t\t<a href='https:\/\/agora.xtec.cat\/ceip-dolorsalmeda-cornella\/general\/santa-cecilia-3\/attachment\/escoladolorsalmeda_1763739009_3770838572874878970_57761616115\/'><img loading=\"lazy\" decoding=\"async\" width=\"225\" height=\"300\" src=\"https:\/\/agora.xtec.cat\/ceip-dolorsalmeda-cornella\/wp-content\/uploads\/usu30\/2025\/12\/escoladolorsalmeda_1763739009_3770838572874878970_57761616115-225x300.jpg\" class=\"attachment-medium size-medium\" alt=\"\" srcset=\"https:\/\/agora.xtec.cat\/ceip-dolorsalmeda-cornella\/wp-content\/uploads\/usu30\/2025\/12\/escoladolorsalmeda_1763739009_3770838572874878970_57761616115-225x300.jpg 225w, https:\/\/agora.xtec.cat\/ceip-dolorsalmeda-cornella\/wp-content\/uploads\/usu30\/2025\/12\/escoladolorsalmeda_1763739009_3770838572874878970_57761616115-768x1024.jpg 768w, https:\/\/agora.xtec.cat\/ceip-dolorsalmeda-cornella\/wp-content\/uploads\/usu30\/2025\/12\/escoladolorsalmeda_1763739009_3770838572874878970_57761616115-1152x1536.jpg 1152w, https:\/\/agora.xtec.cat\/ceip-dolorsalmeda-cornella\/wp-content\/uploads\/usu30\/2025\/12\/escoladolorsalmeda_1763739009_3770838572874878970_57761616115.jpg 1169w\" sizes=\"auto, (max-width: 225px) 100vw, 225px\" \/><\/a>\n\t\t\t<\/dt><\/dl><dl class='gallery-item'>\n\t\t\t<dt class='gallery-icon portrait'>\n\t\t\t\t<a href='https:\/\/agora.xtec.cat\/ceip-dolorsalmeda-cornella\/general\/santa-cecilia-3\/attachment\/escoladolorsalmeda_1763739009_3770838572841315716_57761616115\/'><img loading=\"lazy\" decoding=\"async\" width=\"225\" height=\"300\" src=\"https:\/\/agora.xtec.cat\/ceip-dolorsalmeda-cornella\/wp-content\/uploads\/usu30\/2025\/12\/escoladolorsalmeda_1763739009_3770838572841315716_57761616115-225x300.jpg\" class=\"attachment-medium size-medium\" alt=\"\" srcset=\"https:\/\/agora.xtec.cat\/ceip-dolorsalmeda-cornella\/wp-content\/uploads\/usu30\/2025\/12\/escoladolorsalmeda_1763739009_3770838572841315716_57761616115-225x300.jpg 225w, https:\/\/agora.xtec.cat\/ceip-dolorsalmeda-cornella\/wp-content\/uploads\/usu30\/2025\/12\/escoladolorsalmeda_1763739009_3770838572841315716_57761616115-768x1024.jpg 768w, https:\/\/agora.xtec.cat\/ceip-dolorsalmeda-cornella\/wp-content\/uploads\/usu30\/2025\/12\/escoladolorsalmeda_1763739009_3770838572841315716_57761616115-1152x1536.jpg 1152w, https:\/\/agora.xtec.cat\/ceip-dolorsalmeda-cornella\/wp-content\/uploads\/usu30\/2025\/12\/escoladolorsalmeda_1763739009_3770838572841315716_57761616115.jpg 1170w\" sizes=\"auto, (max-width: 225px) 100vw, 225px\" \/><\/a>\n\t\t\t<\/dt><\/dl><dl class='gallery-item'>\n\t\t\t<dt class='gallery-icon portrait'>\n\t\t\t\t<a href='https:\/\/agora.xtec.cat\/ceip-dolorsalmeda-cornella\/general\/santa-cecilia-3\/attachment\/escoladolorsalmeda_1763739009_3770838572841361584_57761616115\/'><img loading=\"lazy\" decoding=\"async\" width=\"225\" height=\"300\" src=\"https:\/\/agora.xtec.cat\/ceip-dolorsalmeda-cornella\/wp-content\/uploads\/usu30\/2025\/12\/escoladolorsalmeda_1763739009_3770838572841361584_57761616115-225x300.jpg\" class=\"attachment-medium size-medium\" alt=\"\" srcset=\"https:\/\/agora.xtec.cat\/ceip-dolorsalmeda-cornella\/wp-content\/uploads\/usu30\/2025\/12\/escoladolorsalmeda_1763739009_3770838572841361584_57761616115-225x300.jpg 225w, https:\/\/agora.xtec.cat\/ceip-dolorsalmeda-cornella\/wp-content\/uploads\/usu30\/2025\/12\/escoladolorsalmeda_1763739009_3770838572841361584_57761616115-768x1024.jpg 768w, https:\/\/agora.xtec.cat\/ceip-dolorsalmeda-cornella\/wp-content\/uploads\/usu30\/2025\/12\/escoladolorsalmeda_1763739009_3770838572841361584_57761616115-1152x1536.jpg 1152w, https:\/\/agora.xtec.cat\/ceip-dolorsalmeda-cornella\/wp-content\/uploads\/usu30\/2025\/12\/escoladolorsalmeda_1763739009_3770838572841361584_57761616115.jpg 1169w\" sizes=\"auto, (max-width: 225px) 100vw, 225px\" \/><\/a>\n\t\t\t<\/dt><\/dl><dl class='gallery-item'>\n\t\t\t<dt class='gallery-icon portrait'>\n\t\t\t\t<a href='https:\/\/agora.xtec.cat\/ceip-dolorsalmeda-cornella\/general\/santa-cecilia-3\/attachment\/escoladolorsalmeda_1763739009_3770838572849703552_57761616115\/'><img loading=\"lazy\" decoding=\"async\" width=\"225\" height=\"300\" src=\"https:\/\/agora.xtec.cat\/ceip-dolorsalmeda-cornella\/wp-content\/uploads\/usu30\/2025\/12\/escoladolorsalmeda_1763739009_3770838572849703552_57761616115-225x300.jpg\" class=\"attachment-medium size-medium\" alt=\"\" srcset=\"https:\/\/agora.xtec.cat\/ceip-dolorsalmeda-cornella\/wp-content\/uploads\/usu30\/2025\/12\/escoladolorsalmeda_1763739009_3770838572849703552_57761616115-225x300.jpg 225w, https:\/\/agora.xtec.cat\/ceip-dolorsalmeda-cornella\/wp-content\/uploads\/usu30\/2025\/12\/escoladolorsalmeda_1763739009_3770838572849703552_57761616115-768x1024.jpg 768w, https:\/\/agora.xtec.cat\/ceip-dolorsalmeda-cornella\/wp-content\/uploads\/usu30\/2025\/12\/escoladolorsalmeda_1763739009_3770838572849703552_57761616115.jpg 1114w\" sizes=\"auto, (max-width: 225px) 100vw, 225px\" \/><\/a>\n\t\t\t<\/dt><\/dl><br style=\"clear: both\" \/>\n\t\t<\/div>\n\n<p>&nbsp;<\/p>\n","protected":false},"excerpt":{"rendered":"<p>Avui hem gaudit tota l&#8217;escola, dins del nostre gimn\u00e0s ambientat per l&#8217;ocasi\u00f3 del dia de la patrona de la m\u00fasica, Sant Cec\u00edlia.<br \/>\nHem passat la tarda escoltant les i els m\u00fasics dels cursos superiors de la nostra escola que saben tocar un instrument i han estat&hellip;  <a href=\"https:\/\/agora.xtec.cat\/ceip-dolorsalmeda-cornella\/general\/santa-cecilia-3\/\" title=\"Read SANTA CEC\u00cdLIA 2025\">Llegeix m\u00e9s\u00bb<\/a><\/p>\n","protected":false},"author":1,"featured_media":8297,"comment_status":"open","ping_status":"open","sticky":false,"template":"","format":"standard","meta":{"_bbp_topic_count":0,"_bbp_reply_count":0,"_bbp_total_topic_count":0,"_bbp_total_reply_count":0,"_bbp_voice_count":0,"_bbp_anonymous_reply_count":0,"_bbp_topic_count_hidden":0,"_bbp_reply_count_hidden":0,"_bbp_forum_subforum_count":0,"footnotes":""},"categories":[1,2,4,5],"tags":[67,68],"class_list":["post-8292","post","type-post","status-publish","format-standard","has-post-thumbnail","hentry","category-general","category-infantil","category-portada","category-primaria","tag-musica","tag-santa-cecilia"],"post_mailing_queue_ids":[],"_links":{"self":[{"href":"https:\/\/agora.xtec.cat\/ceip-dolorsalmeda-cornella\/wp-json\/wp\/v2\/posts\/8292","targetHints":{"allow":["GET"]}}],"collection":[{"href":"https:\/\/agora.xtec.cat\/ceip-dolorsalmeda-cornella\/wp-json\/wp\/v2\/posts"}],"about":[{"href":"https:\/\/agora.xtec.cat\/ceip-dolorsalmeda-cornella\/wp-json\/wp\/v2\/types\/post"}],"author":[{"embeddable":true,"href":"https:\/\/agora.xtec.cat\/ceip-dolorsalmeda-cornella\/wp-json\/wp\/v2\/users\/1"}],"replies":[{"embeddable":true,"href":"https:\/\/agora.xtec.cat\/ceip-dolorsalmeda-cornella\/wp-json\/wp\/v2\/comments?post=8292"}],"version-history":[{"count":2,"href":"https:\/\/agora.xtec.cat\/ceip-dolorsalmeda-cornella\/wp-json\/wp\/v2\/posts\/8292\/revisions"}],"predecessor-version":[{"id":8302,"href":"https:\/\/agora.xtec.cat\/ceip-dolorsalmeda-cornella\/wp-json\/wp\/v2\/posts\/8292\/revisions\/8302"}],"wp:featuredmedia":[{"embeddable":true,"href":"https:\/\/agora.xtec.cat\/ceip-dolorsalmeda-cornella\/wp-json\/wp\/v2\/media\/8297"}],"wp:attachment":[{"href":"https:\/\/agora.xtec.cat\/ceip-dolorsalmeda-cornella\/wp-json\/wp\/v2\/media?parent=8292"}],"wp:term":[{"taxonomy":"category","embeddable":true,"href":"https:\/\/agora.xtec.cat\/ceip-dolorsalmeda-cornella\/wp-json\/wp\/v2\/categories?post=8292"},{"taxonomy":"post_tag","embeddable":true,"href":"https:\/\/agora.xtec.cat\/ceip-dolorsalmeda-cornella\/wp-json\/wp\/v2\/tags?post=8292"}],"curies":[{"name":"wp","href":"https:\/\/api.w.org\/{rel}","templated":true}]}}