{"id":8042,"date":"2025-05-23T08:44:27","date_gmt":"2025-05-23T06:44:27","guid":{"rendered":"https:\/\/agora.xtec.cat\/ceip-dolorsalmeda-cornella\/?p=8042"},"modified":"2025-05-23T08:47:01","modified_gmt":"2025-05-23T06:47:01","slug":"ultim-dia-a-platja-daro","status":"publish","type":"post","link":"https:\/\/agora.xtec.cat\/ceip-dolorsalmeda-cornella\/general\/ultim-dia-a-platja-daro\/","title":{"rendered":"\u00daltim dia a Platja d&#8217;Aro"},"content":{"rendered":"<p>Bon dia!<\/p>\n<p>Ja ho tenim tot gaireb\u00e9 recollit i en breu anirem a esmorzar.<\/p>\n<p>Durant el mat\u00ed farem un passeig pel Cam\u00ed de Ronda i ens banyarem a la platja. Que r\u00e0pid se&#8217;ns ha passat el temps!!! Tots i totes hem gaudit molt d&#8217;aquests dies a Platja d&#8217;Aro i ens portem molt bons records de l&#8217;estada!<\/p>\n<p>Ens veiem aquesta tarda!<\/p>\n","protected":false},"excerpt":{"rendered":"<p>Bon dia!<br \/>\nJa ho tenim tot gaireb\u00e9 recollit i en breu anirem a esmorzar.<br \/>\nDurant el mat\u00ed farem un passeig pel Cam\u00ed de Ronda i ens banyarem a la platja. Que r\u00e0pid se&#8217;ns ha passat el temps!!! Tots i totes hem gaudit molt d&#8217;aquests dies a Platja&hellip;  <a href=\"https:\/\/agora.xtec.cat\/ceip-dolorsalmeda-cornella\/general\/ultim-dia-a-platja-daro\/\" title=\"Read \u00daltim dia a Platja d&#8217;Aro\">Llegeix m\u00e9s\u00bb<\/a><\/p>\n","protected":false},"author":6,"featured_media":8043,"comment_status":"open","ping_status":"closed","sticky":false,"template":"","format":"standard","meta":{"_bbp_topic_count":0,"_bbp_reply_count":0,"_bbp_total_topic_count":0,"_bbp_total_reply_count":0,"_bbp_voice_count":0,"_bbp_anonymous_reply_count":0,"_bbp_topic_count_hidden":0,"_bbp_reply_count_hidden":0,"_bbp_forum_subforum_count":0,"footnotes":""},"categories":[13,1,4,5],"tags":[141],"class_list":["post-8042","post","type-post","status-publish","format-standard","has-post-thumbnail","hentry","category-4t","category-general","category-portada","category-primaria","tag-colonies"],"post_mailing_queue_ids":[],"_links":{"self":[{"href":"https:\/\/agora.xtec.cat\/ceip-dolorsalmeda-cornella\/wp-json\/wp\/v2\/posts\/8042","targetHints":{"allow":["GET"]}}],"collection":[{"href":"https:\/\/agora.xtec.cat\/ceip-dolorsalmeda-cornella\/wp-json\/wp\/v2\/posts"}],"about":[{"href":"https:\/\/agora.xtec.cat\/ceip-dolorsalmeda-cornella\/wp-json\/wp\/v2\/types\/post"}],"author":[{"embeddable":true,"href":"https:\/\/agora.xtec.cat\/ceip-dolorsalmeda-cornella\/wp-json\/wp\/v2\/users\/6"}],"replies":[{"embeddable":true,"href":"https:\/\/agora.xtec.cat\/ceip-dolorsalmeda-cornella\/wp-json\/wp\/v2\/comments?post=8042"}],"version-history":[{"count":3,"href":"https:\/\/agora.xtec.cat\/ceip-dolorsalmeda-cornella\/wp-json\/wp\/v2\/posts\/8042\/revisions"}],"predecessor-version":[{"id":8046,"href":"https:\/\/agora.xtec.cat\/ceip-dolorsalmeda-cornella\/wp-json\/wp\/v2\/posts\/8042\/revisions\/8046"}],"wp:featuredmedia":[{"embeddable":true,"href":"https:\/\/agora.xtec.cat\/ceip-dolorsalmeda-cornella\/wp-json\/wp\/v2\/media\/8043"}],"wp:attachment":[{"href":"https:\/\/agora.xtec.cat\/ceip-dolorsalmeda-cornella\/wp-json\/wp\/v2\/media?parent=8042"}],"wp:term":[{"taxonomy":"category","embeddable":true,"href":"https:\/\/agora.xtec.cat\/ceip-dolorsalmeda-cornella\/wp-json\/wp\/v2\/categories?post=8042"},{"taxonomy":"post_tag","embeddable":true,"href":"https:\/\/agora.xtec.cat\/ceip-dolorsalmeda-cornella\/wp-json\/wp\/v2\/tags?post=8042"}],"curies":[{"name":"wp","href":"https:\/\/api.w.org\/{rel}","templated":true}]}}