{"id":7963,"date":"2025-03-24T09:11:59","date_gmt":"2025-03-24T08:11:59","guid":{"rendered":"https:\/\/agora.xtec.cat\/ceip-dolorsalmeda-cornella\/?p=7963"},"modified":"2025-03-24T09:11:59","modified_gmt":"2025-03-24T08:11:59","slug":"acroesport-3r","status":"publish","type":"post","link":"https:\/\/agora.xtec.cat\/ceip-dolorsalmeda-cornella\/portada\/acroesport-3r\/","title":{"rendered":"Acroesport 3r"},"content":{"rendered":"<p>A les sessions d&#8217;educaci\u00f3 f\u00edsica aprenem amb el nostre cos i, a trav\u00e9s d&#8217;aquest, ens coneixem a nosaltres mateixos i mateixes. Dia rere dia, fem activitats diverses ja sigui en moviment com posant en pr\u00e0ctica el nostre equilibri de manera acrob\u00e0tica com en aquesta sessi\u00f3 d&#8217;acroesport per parelles. L&#8217;alumnat va realitzar diferents construccions amb el cos sincronitzant-se amb la parella i posant en pr\u00e0ctica el treball cooperatiu.<\/p>\n<p>Junts i juntes fem un bon equip sempre!!!!<\/p>\n<p>&nbsp;<\/p>\n<p><a href=\"https:\/\/agora.xtec.cat\/ceip-dolorsalmeda-cornella\/wp-content\/uploads\/usu30\/2025\/03\/9edfa530-8846-411a-9e26-cb278b344c27.jpeg\"><img loading=\"lazy\" decoding=\"async\" class=\"alignnone wp-image-7965\" src=\"https:\/\/agora.xtec.cat\/ceip-dolorsalmeda-cornella\/wp-content\/uploads\/usu30\/2025\/03\/9edfa530-8846-411a-9e26-cb278b344c27-1024x461.jpeg\" alt=\"\" width=\"511\" height=\"230\" srcset=\"https:\/\/agora.xtec.cat\/ceip-dolorsalmeda-cornella\/wp-content\/uploads\/usu30\/2025\/03\/9edfa530-8846-411a-9e26-cb278b344c27-1024x461.jpeg 1024w, https:\/\/agora.xtec.cat\/ceip-dolorsalmeda-cornella\/wp-content\/uploads\/usu30\/2025\/03\/9edfa530-8846-411a-9e26-cb278b344c27-300x135.jpeg 300w, https:\/\/agora.xtec.cat\/ceip-dolorsalmeda-cornella\/wp-content\/uploads\/usu30\/2025\/03\/9edfa530-8846-411a-9e26-cb278b344c27-768x346.jpeg 768w, https:\/\/agora.xtec.cat\/ceip-dolorsalmeda-cornella\/wp-content\/uploads\/usu30\/2025\/03\/9edfa530-8846-411a-9e26-cb278b344c27-1536x691.jpeg 1536w, https:\/\/agora.xtec.cat\/ceip-dolorsalmeda-cornella\/wp-content\/uploads\/usu30\/2025\/03\/9edfa530-8846-411a-9e26-cb278b344c27.jpeg 1600w\" sizes=\"auto, (max-width: 511px) 100vw, 511px\" \/><\/a> \u00a0<a href=\"https:\/\/agora.xtec.cat\/ceip-dolorsalmeda-cornella\/wp-content\/uploads\/usu30\/2025\/03\/3a071109-f209-48b7-9f03-239ddd796c83.jpeg\"><img loading=\"lazy\" decoding=\"async\" class=\"alignnone wp-image-7966\" src=\"https:\/\/agora.xtec.cat\/ceip-dolorsalmeda-cornella\/wp-content\/uploads\/usu30\/2025\/03\/3a071109-f209-48b7-9f03-239ddd796c83-1024x461.jpeg\" alt=\"\" width=\"507\" height=\"228\" srcset=\"https:\/\/agora.xtec.cat\/ceip-dolorsalmeda-cornella\/wp-content\/uploads\/usu30\/2025\/03\/3a071109-f209-48b7-9f03-239ddd796c83-1024x461.jpeg 1024w, https:\/\/agora.xtec.cat\/ceip-dolorsalmeda-cornella\/wp-content\/uploads\/usu30\/2025\/03\/3a071109-f209-48b7-9f03-239ddd796c83-300x135.jpeg 300w, https:\/\/agora.xtec.cat\/ceip-dolorsalmeda-cornella\/wp-content\/uploads\/usu30\/2025\/03\/3a071109-f209-48b7-9f03-239ddd796c83-768x346.jpeg 768w, https:\/\/agora.xtec.cat\/ceip-dolorsalmeda-cornella\/wp-content\/uploads\/usu30\/2025\/03\/3a071109-f209-48b7-9f03-239ddd796c83-1536x691.jpeg 1536w, https:\/\/agora.xtec.cat\/ceip-dolorsalmeda-cornella\/wp-content\/uploads\/usu30\/2025\/03\/3a071109-f209-48b7-9f03-239ddd796c83.jpeg 1600w\" sizes=\"auto, (max-width: 507px) 100vw, 507px\" \/><\/a><\/p>\n<p><a href=\"https:\/\/agora.xtec.cat\/ceip-dolorsalmeda-cornella\/wp-content\/uploads\/usu30\/2025\/03\/d1558217-77ae-4f4a-a157-2a40cd35532e.jpeg\"><img loading=\"lazy\" decoding=\"async\" class=\"alignnone wp-image-7967\" src=\"https:\/\/agora.xtec.cat\/ceip-dolorsalmeda-cornella\/wp-content\/uploads\/usu30\/2025\/03\/d1558217-77ae-4f4a-a157-2a40cd35532e-1024x461.jpeg\" alt=\"\" width=\"511\" height=\"230\" srcset=\"https:\/\/agora.xtec.cat\/ceip-dolorsalmeda-cornella\/wp-content\/uploads\/usu30\/2025\/03\/d1558217-77ae-4f4a-a157-2a40cd35532e-1024x461.jpeg 1024w, https:\/\/agora.xtec.cat\/ceip-dolorsalmeda-cornella\/wp-content\/uploads\/usu30\/2025\/03\/d1558217-77ae-4f4a-a157-2a40cd35532e-300x135.jpeg 300w, https:\/\/agora.xtec.cat\/ceip-dolorsalmeda-cornella\/wp-content\/uploads\/usu30\/2025\/03\/d1558217-77ae-4f4a-a157-2a40cd35532e-768x346.jpeg 768w, https:\/\/agora.xtec.cat\/ceip-dolorsalmeda-cornella\/wp-content\/uploads\/usu30\/2025\/03\/d1558217-77ae-4f4a-a157-2a40cd35532e-1536x691.jpeg 1536w, https:\/\/agora.xtec.cat\/ceip-dolorsalmeda-cornella\/wp-content\/uploads\/usu30\/2025\/03\/d1558217-77ae-4f4a-a157-2a40cd35532e.jpeg 1600w\" sizes=\"auto, (max-width: 511px) 100vw, 511px\" \/><\/a> \u00a0<a href=\"https:\/\/agora.xtec.cat\/ceip-dolorsalmeda-cornella\/wp-content\/uploads\/usu30\/2025\/03\/790844c6-7453-45ca-8b70-8ec7e8e7327b.jpeg\"><img loading=\"lazy\" decoding=\"async\" class=\"alignnone wp-image-7968\" src=\"https:\/\/agora.xtec.cat\/ceip-dolorsalmeda-cornella\/wp-content\/uploads\/usu30\/2025\/03\/790844c6-7453-45ca-8b70-8ec7e8e7327b-1024x461.jpeg\" alt=\"\" width=\"509\" height=\"229\" srcset=\"https:\/\/agora.xtec.cat\/ceip-dolorsalmeda-cornella\/wp-content\/uploads\/usu30\/2025\/03\/790844c6-7453-45ca-8b70-8ec7e8e7327b-1024x461.jpeg 1024w, https:\/\/agora.xtec.cat\/ceip-dolorsalmeda-cornella\/wp-content\/uploads\/usu30\/2025\/03\/790844c6-7453-45ca-8b70-8ec7e8e7327b-300x135.jpeg 300w, https:\/\/agora.xtec.cat\/ceip-dolorsalmeda-cornella\/wp-content\/uploads\/usu30\/2025\/03\/790844c6-7453-45ca-8b70-8ec7e8e7327b-768x346.jpeg 768w, https:\/\/agora.xtec.cat\/ceip-dolorsalmeda-cornella\/wp-content\/uploads\/usu30\/2025\/03\/790844c6-7453-45ca-8b70-8ec7e8e7327b-1536x691.jpeg 1536w, https:\/\/agora.xtec.cat\/ceip-dolorsalmeda-cornella\/wp-content\/uploads\/usu30\/2025\/03\/790844c6-7453-45ca-8b70-8ec7e8e7327b.jpeg 1600w\" sizes=\"auto, (max-width: 509px) 100vw, 509px\" \/><\/a><\/p>\n","protected":false},"excerpt":{"rendered":"<p>A les sessions d&#8217;educaci\u00f3 f\u00edsica aprenem amb el nostre cos i, a trav\u00e9s d&#8217;aquest, ens coneixem a nosaltres mateixos i mateixes. Dia rere dia, fem activitats diverses ja sigui en moviment com posant en pr\u00e0ctica el nostre equilibri de manera acrob\u00e0tica com en aquesta sessi\u00f3&hellip;  <a href=\"https:\/\/agora.xtec.cat\/ceip-dolorsalmeda-cornella\/portada\/acroesport-3r\/\" title=\"Read Acroesport 3r\">Llegeix m\u00e9s\u00bb<\/a><\/p>\n","protected":false},"author":28,"featured_media":7966,"comment_status":"open","ping_status":"closed","sticky":false,"template":"","format":"standard","meta":{"_bbp_topic_count":0,"_bbp_reply_count":0,"_bbp_total_topic_count":0,"_bbp_total_reply_count":0,"_bbp_voice_count":0,"_bbp_anonymous_reply_count":0,"_bbp_topic_count_hidden":0,"_bbp_reply_count_hidden":0,"_bbp_forum_subforum_count":0,"footnotes":""},"categories":[12,4],"tags":[417,137,134],"class_list":["post-7963","post","type-post","status-publish","format-standard","has-post-thumbnail","hentry","category-3r","category-portada","tag-3r","tag-educacio-fisica","tag-esport"],"post_mailing_queue_ids":[],"_links":{"self":[{"href":"https:\/\/agora.xtec.cat\/ceip-dolorsalmeda-cornella\/wp-json\/wp\/v2\/posts\/7963","targetHints":{"allow":["GET"]}}],"collection":[{"href":"https:\/\/agora.xtec.cat\/ceip-dolorsalmeda-cornella\/wp-json\/wp\/v2\/posts"}],"about":[{"href":"https:\/\/agora.xtec.cat\/ceip-dolorsalmeda-cornella\/wp-json\/wp\/v2\/types\/post"}],"author":[{"embeddable":true,"href":"https:\/\/agora.xtec.cat\/ceip-dolorsalmeda-cornella\/wp-json\/wp\/v2\/users\/28"}],"replies":[{"embeddable":true,"href":"https:\/\/agora.xtec.cat\/ceip-dolorsalmeda-cornella\/wp-json\/wp\/v2\/comments?post=7963"}],"version-history":[{"count":3,"href":"https:\/\/agora.xtec.cat\/ceip-dolorsalmeda-cornella\/wp-json\/wp\/v2\/posts\/7963\/revisions"}],"predecessor-version":[{"id":7971,"href":"https:\/\/agora.xtec.cat\/ceip-dolorsalmeda-cornella\/wp-json\/wp\/v2\/posts\/7963\/revisions\/7971"}],"wp:featuredmedia":[{"embeddable":true,"href":"https:\/\/agora.xtec.cat\/ceip-dolorsalmeda-cornella\/wp-json\/wp\/v2\/media\/7966"}],"wp:attachment":[{"href":"https:\/\/agora.xtec.cat\/ceip-dolorsalmeda-cornella\/wp-json\/wp\/v2\/media?parent=7963"}],"wp:term":[{"taxonomy":"category","embeddable":true,"href":"https:\/\/agora.xtec.cat\/ceip-dolorsalmeda-cornella\/wp-json\/wp\/v2\/categories?post=7963"},{"taxonomy":"post_tag","embeddable":true,"href":"https:\/\/agora.xtec.cat\/ceip-dolorsalmeda-cornella\/wp-json\/wp\/v2\/tags?post=7963"}],"curies":[{"name":"wp","href":"https:\/\/api.w.org\/{rel}","templated":true}]}}